{"id":4189,"date":"2022-01-19T13:32:45","date_gmt":"2022-01-19T16:32:45","guid":{"rendered":"https:\/\/www.visionweb.com.ar\/?p=4189"},"modified":"2022-01-19T13:32:45","modified_gmt":"2022-01-19T16:32:45","slug":"el-gobierno-presentara-una-canasta-escolar-con-precios-cuidados","status":"publish","type":"post","link":"https:\/\/www.visionweb.com.ar\/?p=4189","title":{"rendered":"El Gobierno presentar\u00e1 una canasta escolar con \u00abprecios cuidados\u00bb"},"content":{"rendered":"<p><em><strong>La Secretar\u00eda de Comercio Interior trabaja para lanzar una<\/strong>\u00a0<strong>canasta escolar con\u00a025 art\u00edculos a Precios Cuidados<\/strong><strong>.<\/strong><\/em><!--more--><\/p>\n<div id=\"attachment_4192\" style=\"width: 588px\" class=\"wp-caption aligncenter\"><img loading=\"lazy\" decoding=\"async\" aria-describedby=\"caption-attachment-4192\" class=\"wp-image-4192 size-full\" src=\"https:\/\/www.visionweb.com.ar\/wp-content\/uploads\/2022\/01\/canasta-escolar-22.bmp\" alt=\"\" width=\"578\" height=\"423\" \/><p id=\"caption-attachment-4192\" class=\"wp-caption-text\">Selan: la canasta tendr\u00e1 entre \u00ab20 y 25 art\u00edculos que conforman la mochila b\u00e1sica\u00bb . (Imagen:internet)<\/p><\/div>\n<p><strong>A<\/strong>nte la llegada del comienzo del ciclo lectivo 2022, la Secretar\u00eda de Comercio Interior trabaja en un acuerdo con el sector industrial y comercial de librer\u00edas para lanzar una canasta escolar con \u00fatiles a \u00abprecios accesibles\u00bb. Un relevamiento de la consultora Focus Market indic\u00f3 que los aumentos van del 76 al 82 por ciento, con respecto al 2021.<\/p>\n<p>En ese sentido, el presidente de la C\u00e1mara de la Industria de Art\u00edculos de Librer\u00eda (CIAL), Marco Selan, indic\u00f3: \u00abHemos empezado a trabajar har\u00e1 tres semanas con la Secretar\u00eda de Comercio Interior en esta propuesta, donde hay una lista de art\u00edculos que van a ser garantizados en las librer\u00edas para que se consigan a un nivel de precio m\u00e1s que competitivo como para que el consumidor pueda acceder a ellos\u00bb.<\/p>\n<p>Selan anticip\u00f3 que participan de las negociaciones junto a la C\u00e1mara Argentina de Papeler\u00edas, Librer\u00edas (Capla) y la Secretar\u00eda para definir\u00a0la canasta que contar\u00e1 con \u00abentre 20 y 25 art\u00edculos que conforman la mochila b\u00e1sica de nivel inicial y primario\u00bb.<\/p>\n<p>Desde Comercio Interior comentaron que la intenci\u00f3n es lanzar la canasta escolar en corto plazo. Seg\u00fan un informe de la consultora Focus Market, el kit de \u00fatiles escolares compuesto por 21 productos para el nivel primario tiene un precio este a\u00f1o de\u00a0$4.470, mientras que en 2021 costaba $2.450, con un\u00a0aumento del 82%.<\/p>\n<p>La consultora tambi\u00e9n indic\u00f3 que el combo escolar compuesto por \u00fatiles, mochila y guardapolvo tiene un precio este a\u00f1o de $7.469, mientras que en 2021 costaba $2.249, representando un aumento del 76%. (Fuente: El Economista). <strong>(VW)<\/strong><\/p>\n","protected":false},"excerpt":{"rendered":"<p>La Secretar\u00eda de Comercio Interior trabaja para lanzar una\u00a0canasta escolar con\u00a025 art\u00edculos a Precios Cuidados.<\/p>\n","protected":false},"author":4,"featured_media":4192,"comment_status":"closed","ping_status":"closed","sticky":false,"template":"","format":"standard","meta":{"_monsterinsights_skip_tracking":false,"_monsterinsights_sitenote_active":false,"_monsterinsights_sitenote_note":"","_monsterinsights_sitenote_category":0,"footnotes":""},"categories":[6],"tags":[1671,31,1672],"class_list":["post-4189","post","type-post","status-publish","format-standard","has-post-thumbnail","hentry","category-economia","tag-canasta-escolar","tag-precios-cuidados","tag-volver-al-cole"],"_links":{"self":[{"href":"https:\/\/www.visionweb.com.ar\/index.php?rest_route=\/wp\/v2\/posts\/4189","targetHints":{"allow":["GET"]}}],"collection":[{"href":"https:\/\/www.visionweb.com.ar\/index.php?rest_route=\/wp\/v2\/posts"}],"about":[{"href":"https:\/\/www.visionweb.com.ar\/index.php?rest_route=\/wp\/v2\/types\/post"}],"author":[{"embeddable":true,"href":"https:\/\/www.visionweb.com.ar\/index.php?rest_route=\/wp\/v2\/users\/4"}],"replies":[{"embeddable":true,"href":"https:\/\/www.visionweb.com.ar\/index.php?rest_route=%2Fwp%2Fv2%2Fcomments&post=4189"}],"version-history":[{"count":2,"href":"https:\/\/www.visionweb.com.ar\/index.php?rest_route=\/wp\/v2\/posts\/4189\/revisions"}],"predecessor-version":[{"id":4193,"href":"https:\/\/www.visionweb.com.ar\/index.php?rest_route=\/wp\/v2\/posts\/4189\/revisions\/4193"}],"wp:featuredmedia":[{"embeddable":true,"href":"https:\/\/www.visionweb.com.ar\/index.php?rest_route=\/wp\/v2\/media\/4192"}],"wp:attachment":[{"href":"https:\/\/www.visionweb.com.ar\/index.php?rest_route=%2Fwp%2Fv2%2Fmedia&parent=4189"}],"wp:term":[{"taxonomy":"category","embeddable":true,"href":"https:\/\/www.visionweb.com.ar\/index.php?rest_route=%2Fwp%2Fv2%2Fcategories&post=4189"},{"taxonomy":"post_tag","embeddable":true,"href":"https:\/\/www.visionweb.com.ar\/index.php?rest_route=%2Fwp%2Fv2%2Ftags&post=4189"}],"curies":[{"name":"wp","href":"https:\/\/api.w.org\/{rel}","templated":true}]}}