{"id":4184,"date":"2022-01-19T12:45:03","date_gmt":"2022-01-19T15:45:03","guid":{"rendered":"https:\/\/www.visionweb.com.ar\/?p=4184"},"modified":"2022-01-19T12:45:03","modified_gmt":"2022-01-19T15:45:03","slug":"lanus-reunion-de-gabinete-del-ejecutivo-municipal","status":"publish","type":"post","link":"https:\/\/www.visionweb.com.ar\/?p=4184","title":{"rendered":"Lan\u00fas: Reuni\u00f3n de gabinete del Ejecutivo Municipal"},"content":{"rendered":"<p><em><strong>El intendente N\u00e9stor Grindetti reuni\u00f3 al gabinete para accionar sobre temas de actualidad que afectan a la comunidad local. Habr\u00e1 un esquema de Delegaciones Municipales para resolver los reclamos de los vecinos.<\/strong><\/em><!--more--><\/p>\n<div id=\"attachment_4187\" style=\"width: 310px\" class=\"wp-caption alignright\"><img loading=\"lazy\" decoding=\"async\" aria-describedby=\"caption-attachment-4187\" class=\"wp-image-4187 size-medium\" src=\"https:\/\/www.visionweb.com.ar\/wp-content\/uploads\/2022\/01\/grindetti-reunion-300x186.jpg\" alt=\"\" width=\"300\" height=\"186\" srcset=\"https:\/\/www.visionweb.com.ar\/wp-content\/uploads\/2022\/01\/grindetti-reunion-300x186.jpg 300w, https:\/\/www.visionweb.com.ar\/wp-content\/uploads\/2022\/01\/grindetti-reunion.jpg 666w\" sizes=\"auto, (max-width: 300px) 100vw, 300px\" \/><p id=\"caption-attachment-4187\" class=\"wp-caption-text\">El intendente anticip\u00f3 que habr\u00e1 modificaciones en el equipo.(Foto: Prensa de Lan\u00fas)<\/p><\/div>\n<p><strong>G<\/strong>rindetti, junto al Jefe de Gabinete, Diego Kravetz reuni\u00f3 a su equipo con la finalidad de afrontar los problemas cotidianos que aquejan a los vecinos. Se analiz\u00f3 la situaci\u00f3n sanitaria general del distrito con respecto al COVID 19. Se dispuso la adquisici\u00f3n de 10 nuevos generadores domiciliarios para familias afectadas con cortes de luz. Y se dispuso un esquema de Delegaciones Municipales para resolver reclamos.<\/p>\n<p>En la reuni\u00f3n, participaron Jorge Schiavone como Presidente del Concejo Deliberante local y Marcelo Rivas Miera como nuevo Secretario de Coordinaci\u00f3n Gubernamental, entre otros.<\/p>\n<p>Uno de los puntos que se abordaron fue la falta de luz en diferentes barrios del distrito, que afectan no s\u00f3lo a los domicilios particulares, sino tambi\u00e9n a los comerciantes. Para ayudar a paliar esta situaci\u00f3n para casos severos se dispuso la adquisici\u00f3n de 10 nuevos generadores domiciliarios que se insertan en el plan de atenci\u00f3n ante emergencias, indic\u00f3 Prensa del municipio.<\/p>\n<p>En ese contexto, cabe destacar que en algunas ocasiones los vecinos pasan d\u00edas sin luz. El Intendente alent\u00f3 a que se sigan atendiendo las emergencias y las necesidades a trav\u00e9s de Defensa Civil y la Secretar\u00eda de Salud.<\/p>\n<p>En otro orden, el secretario de Salud, Gustavo Sieli analiz\u00f3 la situaci\u00f3n sanitaria general del distrito con respecto al COVID 19 y la apertura de una nueva posta de testeo en la sala Dardo Rocha que comenz\u00f3 a funcionar la semana pasada.<\/p>\n<p>Por otro lado, para fortalecer el esquema de cercan\u00eda y poder dar una respuesta m\u00e1s inmediata a los reclamos de los vecinos, se desarrollar\u00e1n en todos barrios un esquema de delegaciones municipales (6 Delegaciones y 4 Subdelegaciones) que permitir\u00e1n acercar las soluciones de una manera m\u00e1s r\u00e1pida y eficaz.<\/p>\n<p>Grindetti adem\u00e1s, manifest\u00f3 su intenci\u00f3n de iniciar este a\u00f1o un proyecto que le permita a la ciudad contar con una sala de teatro para 5.000 personas.<\/p>\n<p>Por \u00faltimo, anticip\u00f3 que realizar\u00e1 algunas modificaciones en el equipo de gobierno que prontamente ser\u00e1n comunicadas. <strong>(VW)<\/strong><\/p>\n<p>&nbsp;<\/p>\n","protected":false},"excerpt":{"rendered":"<p>El intendente N\u00e9stor Grindetti reuni\u00f3 al gabinete para accionar sobre temas de actualidad que afectan a la comunidad local. Habr\u00e1 un esquema de Delegaciones Municipales para resolver los reclamos de los vecinos.<\/p>\n","protected":false},"author":4,"featured_media":4187,"comment_status":"closed","ping_status":"closed","sticky":false,"template":"","format":"standard","meta":{"_monsterinsights_skip_tracking":false,"_monsterinsights_sitenote_active":false,"_monsterinsights_sitenote_note":"","_monsterinsights_sitenote_category":0,"footnotes":""},"categories":[4,5],"tags":[205,18,19,621,1670],"class_list":["post-4184","post","type-post","status-publish","format-standard","has-post-thumbnail","hentry","category-politica","category-sociedad","tag-gabinete","tag-grindetti","tag-lanus","tag-reunion","tag-sociedad"],"_links":{"self":[{"href":"https:\/\/www.visionweb.com.ar\/index.php?rest_route=\/wp\/v2\/posts\/4184","targetHints":{"allow":["GET"]}}],"collection":[{"href":"https:\/\/www.visionweb.com.ar\/index.php?rest_route=\/wp\/v2\/posts"}],"about":[{"href":"https:\/\/www.visionweb.com.ar\/index.php?rest_route=\/wp\/v2\/types\/post"}],"author":[{"embeddable":true,"href":"https:\/\/www.visionweb.com.ar\/index.php?rest_route=\/wp\/v2\/users\/4"}],"replies":[{"embeddable":true,"href":"https:\/\/www.visionweb.com.ar\/index.php?rest_route=%2Fwp%2Fv2%2Fcomments&post=4184"}],"version-history":[{"count":2,"href":"https:\/\/www.visionweb.com.ar\/index.php?rest_route=\/wp\/v2\/posts\/4184\/revisions"}],"predecessor-version":[{"id":4188,"href":"https:\/\/www.visionweb.com.ar\/index.php?rest_route=\/wp\/v2\/posts\/4184\/revisions\/4188"}],"wp:featuredmedia":[{"embeddable":true,"href":"https:\/\/www.visionweb.com.ar\/index.php?rest_route=\/wp\/v2\/media\/4187"}],"wp:attachment":[{"href":"https:\/\/www.visionweb.com.ar\/index.php?rest_route=%2Fwp%2Fv2%2Fmedia&parent=4184"}],"wp:term":[{"taxonomy":"category","embeddable":true,"href":"https:\/\/www.visionweb.com.ar\/index.php?rest_route=%2Fwp%2Fv2%2Fcategories&post=4184"},{"taxonomy":"post_tag","embeddable":true,"href":"https:\/\/www.visionweb.com.ar\/index.php?rest_route=%2Fwp%2Fv2%2Ftags&post=4184"}],"curies":[{"name":"wp","href":"https:\/\/api.w.org\/{rel}","templated":true}]}}