{"id":4179,"date":"2022-01-19T12:06:40","date_gmt":"2022-01-19T15:06:40","guid":{"rendered":"https:\/\/www.visionweb.com.ar\/?p=4179"},"modified":"2022-01-19T12:06:40","modified_gmt":"2022-01-19T15:06:40","slug":"paro-de-trenes-se-levanto-la-medida-anunciada-para-este-jueves","status":"publish","type":"post","link":"https:\/\/www.visionweb.com.ar\/?p=4179","title":{"rendered":"Paro de trenes: Se levant\u00f3 la medida anunciada para este jueves"},"content":{"rendered":"<p><em><strong>Se levant\u00f3 el paro total de trenes por 24 horas que estaba anunciado para el jueves 20 de enero,\u00a0que afectar\u00eda a miles de usuarios.\u00a0<\/strong><\/em><!--more--><\/p>\n<div id=\"attachment_4182\" style=\"width: 638px\" class=\"wp-caption aligncenter\"><img loading=\"lazy\" decoding=\"async\" aria-describedby=\"caption-attachment-4182\" class=\"wp-image-4182 size-full\" src=\"https:\/\/www.visionweb.com.ar\/wp-content\/uploads\/2022\/01\/trenes-arg-operaciones.bmp\" alt=\"\" width=\"628\" height=\"372\" \/><p id=\"caption-attachment-4182\" class=\"wp-caption-text\">El gremio hab\u00eda decidido la medida por \u00abreclamos no resueltos\u00bb y \u00bb discriminaci\u00f3n laboral \u00ab. (Foto: Trenes Argentinos Operaciones)<\/p><\/div>\n<p><strong>L<\/strong>uego de una reuni\u00f3n entre el presidente de Trenes Argentinos,\u00a0Mart\u00edn Marinucci, y los representantes de la Uni\u00f3n del Personal Superior Ferroviario (UPSF), se cancel\u00f3 la medida de realizar un paro este jueves. En el di\u00e1logo acordaron abrir una \u201cmesa de negociaci\u00f3n\u201d, y \u201cEl gremio se comprometi\u00f3 a no parar, y el servicio se prestar\u00e1 normalmente\u201d.<\/p>\n<p>El acuerdo firmado mediante un acta indic\u00f3 que \u201cambas partes se obligan a conformar una mesa de negociaci\u00f3n y que el sindicato har\u00e1 saber a la empresa los \u00edtems a tratar que sean beneficiosos para los trabajadores y trabajadoras que el sindicato representa.\u00a0Las partes se obligan a mantener la paz social\u201d, conforme subray\u00f3 el documento.<\/p>\n<p><strong>\u00a0<\/strong>En horas de ayer, la UPSF hab\u00eda comunicado el cese de tareas durante 24 horas para las l\u00edneas\u00a0Sarmiento, Roca, San Mart\u00edn, Mitre, Belgrano Sur y Tren de la Costa<strong>;<\/strong><strong>\u00a0<\/strong>as\u00ed como tambi\u00e9n afectar\u00eda los servicios de\u00a0larga distancia y regionales, y el Belgrano Cargas y Log\u00edstica S.A.<\/p>\n<p>Desde la UPFS indicaron que la medida era\u00a0\u201ccomo consecuencia de los sucesivos planteamientos no resueltos y habi\u00e9ndose agotadas las negociaciones con las empresas SOFSE y BCYL\u00bb.<\/p>\n<p>Adem\u00e1s, \u00a0en un comunicado, hab\u00edan indicado que las protestas eran por \u00abdiscriminaci\u00f3n laboral, en virtud de las carencias o ausencias de remuneraci\u00f3n por antig\u00fcedad, pago del refrigerio diario, porcentaje del t\u00edtulo universitario y terciario, el no reconocimiento de los derechos y beneficios hacia los afiliados\u00bb.<\/p>\n<p>A la vez el gremio espera la creaci\u00f3n de un convenio colectivo de trabajo donde se plasmen todos los derechos de los empleados superiores ferroviarios.\u00a0 <strong>(VW)<\/strong><\/p>\n","protected":false},"excerpt":{"rendered":"<p>Se levant\u00f3 el paro total de trenes por 24 horas que estaba anunciado para el jueves 20 de enero,\u00a0que afectar\u00eda a miles de usuarios.\u00a0<\/p>\n","protected":false},"author":4,"featured_media":4182,"comment_status":"closed","ping_status":"closed","sticky":false,"template":"","format":"standard","meta":{"_monsterinsights_skip_tracking":false,"_monsterinsights_sitenote_active":false,"_monsterinsights_sitenote_note":"","_monsterinsights_sitenote_category":0,"footnotes":""},"categories":[3],"tags":[1667,1669,1666,1668],"class_list":["post-4179","post","type-post","status-publish","format-standard","has-post-thumbnail","hentry","category-actualidad","tag-ferrocarriles","tag-marinucci","tag-paro-de-trenes","tag-upsf"],"_links":{"self":[{"href":"https:\/\/www.visionweb.com.ar\/index.php?rest_route=\/wp\/v2\/posts\/4179","targetHints":{"allow":["GET"]}}],"collection":[{"href":"https:\/\/www.visionweb.com.ar\/index.php?rest_route=\/wp\/v2\/posts"}],"about":[{"href":"https:\/\/www.visionweb.com.ar\/index.php?rest_route=\/wp\/v2\/types\/post"}],"author":[{"embeddable":true,"href":"https:\/\/www.visionweb.com.ar\/index.php?rest_route=\/wp\/v2\/users\/4"}],"replies":[{"embeddable":true,"href":"https:\/\/www.visionweb.com.ar\/index.php?rest_route=%2Fwp%2Fv2%2Fcomments&post=4179"}],"version-history":[{"count":2,"href":"https:\/\/www.visionweb.com.ar\/index.php?rest_route=\/wp\/v2\/posts\/4179\/revisions"}],"predecessor-version":[{"id":4183,"href":"https:\/\/www.visionweb.com.ar\/index.php?rest_route=\/wp\/v2\/posts\/4179\/revisions\/4183"}],"wp:featuredmedia":[{"embeddable":true,"href":"https:\/\/www.visionweb.com.ar\/index.php?rest_route=\/wp\/v2\/media\/4182"}],"wp:attachment":[{"href":"https:\/\/www.visionweb.com.ar\/index.php?rest_route=%2Fwp%2Fv2%2Fmedia&parent=4179"}],"wp:term":[{"taxonomy":"category","embeddable":true,"href":"https:\/\/www.visionweb.com.ar\/index.php?rest_route=%2Fwp%2Fv2%2Fcategories&post=4179"},{"taxonomy":"post_tag","embeddable":true,"href":"https:\/\/www.visionweb.com.ar\/index.php?rest_route=%2Fwp%2Fv2%2Ftags&post=4179"}],"curies":[{"name":"wp","href":"https:\/\/api.w.org\/{rel}","templated":true}]}}