{"id":4174,"date":"2022-01-18T08:14:43","date_gmt":"2022-01-18T11:14:43","guid":{"rendered":"https:\/\/www.visionweb.com.ar\/?p=4174"},"modified":"2022-01-18T08:17:18","modified_gmt":"2022-01-18T11:17:18","slug":"para-came-el-turismo-genera-un-impacto-positivo-en-las-economias-regionales","status":"publish","type":"post","link":"https:\/\/www.visionweb.com.ar\/?p=4174","title":{"rendered":"Para CAME, el turismo genera un impacto positivo en las econom\u00edas regionales"},"content":{"rendered":"<p><strong><em>Seg\u00fan un informe difundido por la entidad, 9,9 millones de turistas eligieron vacacionar en destinos locales. Qu\u00e9 desempe\u00f1o tuvo Previaje para la reactivaci\u00f3n tur\u00edstica.<\/em><\/strong><!--more--><\/p>\n<div id=\"attachment_4176\" style=\"width: 310px\" class=\"wp-caption alignleft\"><img loading=\"lazy\" decoding=\"async\" aria-describedby=\"caption-attachment-4176\" class=\"wp-image-4176 size-medium\" src=\"https:\/\/www.visionweb.com.ar\/wp-content\/uploads\/2022\/01\/SALTA-300x225.png\" alt=\"\" width=\"300\" height=\"225\" srcset=\"https:\/\/www.visionweb.com.ar\/wp-content\/uploads\/2022\/01\/SALTA-300x225.png 300w, https:\/\/www.visionweb.com.ar\/wp-content\/uploads\/2022\/01\/SALTA-768x576.png 768w, https:\/\/www.visionweb.com.ar\/wp-content\/uploads\/2022\/01\/SALTA-320x240.png 320w, https:\/\/www.visionweb.com.ar\/wp-content\/uploads\/2022\/01\/SALTA.png 800w\" sizes=\"auto, (max-width: 300px) 100vw, 300px\" \/><p id=\"caption-attachment-4176\" class=\"wp-caption-text\"><em><strong>Salta figura entre los destinos m\u00e1s elegidos (Foto EB) <\/strong><\/em><\/p><\/div>\n<p><strong>U<\/strong>n total de 22 millones de personas gastaron 169 mil millones de pesos entre el 26 de diciembre y el 10 de enero de este a\u00f1o en distintas regiones de la Argentina, en particular las econom\u00edas regionales.<\/p>\n<p>As\u00ed lo asegur\u00f3 el secretario de Turismo de la Confederaci\u00f3n Argentina de la Mediana Empresa\u00a0(CAME),\u00a0Gregorio Werchow, asegur\u00f3 que la reactivaci\u00f3n tur\u00edstica tuvo impacto positivo en las econom\u00edas regionales.<\/p>\n<p>En d\u00f3lares \u201cnos har\u00eda una movilizaci\u00f3n por 25 d\u00edas de 1.600 millones impactado en las PyMES, un derrame para las econom\u00edas regionales. Porque adem\u00e1s no s\u00f3lo trabajaron los destinos tur\u00edsticos cl\u00e1sicos de verano, si no tambi\u00e9n los emergentes\u201d, explic\u00f3 el directivo de CAME.<\/p>\n<p>Adem\u00e1s, Werchow admiti\u00f3 que desde la CAME est\u00e1n \u201cmuy conformes por el aumento del promedio de pernoctaci\u00f3n que es superior a antes de la pandemia\u201d, indic\u00f3 la publicaci\u00f3n de A24.<\/p>\n<h3 style=\"text-align: center;\"><span style=\"color: #0000ff;\"><em><strong>Los turistas gastaron 162 mil millones de pesos entre el 26 de diciembre y el 10 de enero<\/strong><\/em><\/span><\/h3>\n<p>El representante de CAME indic\u00f3 que quien pernocta es el que realiza un mayor gasto en turismo, y que en estos 25 d\u00edas analizados el promedio se ubic\u00f3 en \u201c4,4 d\u00edas; cuatro d\u00edas y medio; lo que es 10% superior a lo que era antes de la pandemia\u201d.<\/p>\n<p>\u201cHay que agradecer la gesti\u00f3n del ministro Mat\u00edas Lammens por esta excelente herramienta de reactivaci\u00f3n tur\u00edstica que es el Previaje, que queremos que contin\u00fae\u201d, asever\u00f3 Werchow.<\/p>\n<div id=\"attachment_4177\" style=\"width: 310px\" class=\"wp-caption alignright\"><img loading=\"lazy\" decoding=\"async\" aria-describedby=\"caption-attachment-4177\" class=\"wp-image-4177 size-medium\" src=\"https:\/\/www.visionweb.com.ar\/wp-content\/uploads\/2022\/01\/SAN-PEDRO-DE-COLALAO-TUCUMAN-300x225.png\" alt=\"\" width=\"300\" height=\"225\" srcset=\"https:\/\/www.visionweb.com.ar\/wp-content\/uploads\/2022\/01\/SAN-PEDRO-DE-COLALAO-TUCUMAN-300x225.png 300w, https:\/\/www.visionweb.com.ar\/wp-content\/uploads\/2022\/01\/SAN-PEDRO-DE-COLALAO-TUCUMAN-768x576.png 768w, https:\/\/www.visionweb.com.ar\/wp-content\/uploads\/2022\/01\/SAN-PEDRO-DE-COLALAO-TUCUMAN-320x240.png 320w, https:\/\/www.visionweb.com.ar\/wp-content\/uploads\/2022\/01\/SAN-PEDRO-DE-COLALAO-TUCUMAN.png 800w\" sizes=\"auto, (max-width: 300px) 100vw, 300px\" \/><p id=\"caption-attachment-4177\" class=\"wp-caption-text\"><em><strong>San Pedro de Colalao, Tucum\u00e1n, otro destino elegido por el turismo (Foto EB) <\/strong><\/em><\/p><\/div>\n<p>Al respecto, el secretario dijo que CAME est\u00e1 alentando la redacci\u00f3n de un anteproyecto de Ley que otorgue continuidad al Previaje, y lo enmarque en una pol\u00edtica de Estado.<\/p>\n<p>Seg\u00fan el informe del relevamiento difundido por CAME, 9,9 millones de turistas eligieron vacacionar en destinos locales, y realizaron un gasto directo de 151.764 millones de pesos.<\/p>\n<p>A ese grupo se le suman \u201c12,1 millones de excursionistas, con un gasto estimado de 17.556 millones de pesos en estos 25 d\u00edas\u201d, precis\u00f3.<\/p>\n<p>Entre los aspectos principales de este primer tramo de la temporada tur\u00edstica, la CAME indic\u00f3 que \u201clos mayores flujos de excursionistas se vieron en las provincias de C\u00f3rdoba, R\u00edo Negro, Salta, Jujuy y Tucum\u00e1n, adem\u00e1s de la costa atl\u00e1ntica, donde son habituales los traslados de una ciudad a otra por la cercan\u00eda entre ellas\u201d<strong>(VW\/NAP)<\/strong><\/p>\n<p>&nbsp;<\/p>\n","protected":false},"excerpt":{"rendered":"<p>Seg\u00fan un informe difundido por la entidad, 9,9 millones de turistas eligieron vacacionar en destinos locales. Qu\u00e9 desempe\u00f1o tuvo Previaje para la reactivaci\u00f3n tur\u00edstica.<\/p>\n","protected":false},"author":3,"featured_media":4176,"comment_status":"closed","ping_status":"closed","sticky":false,"template":"","format":"standard","meta":{"_monsterinsights_skip_tracking":false,"_monsterinsights_sitenote_active":false,"_monsterinsights_sitenote_note":"","_monsterinsights_sitenote_category":0,"footnotes":""},"categories":[700],"tags":[309,1664,1665,49],"class_list":["post-4174","post","type-post","status-publish","format-standard","has-post-thumbnail","hentry","category-turismo","tag-came","tag-salta","tag-tucuman","tag-turismo"],"_links":{"self":[{"href":"https:\/\/www.visionweb.com.ar\/index.php?rest_route=\/wp\/v2\/posts\/4174","targetHints":{"allow":["GET"]}}],"collection":[{"href":"https:\/\/www.visionweb.com.ar\/index.php?rest_route=\/wp\/v2\/posts"}],"about":[{"href":"https:\/\/www.visionweb.com.ar\/index.php?rest_route=\/wp\/v2\/types\/post"}],"author":[{"embeddable":true,"href":"https:\/\/www.visionweb.com.ar\/index.php?rest_route=\/wp\/v2\/users\/3"}],"replies":[{"embeddable":true,"href":"https:\/\/www.visionweb.com.ar\/index.php?rest_route=%2Fwp%2Fv2%2Fcomments&post=4174"}],"version-history":[{"count":1,"href":"https:\/\/www.visionweb.com.ar\/index.php?rest_route=\/wp\/v2\/posts\/4174\/revisions"}],"predecessor-version":[{"id":4178,"href":"https:\/\/www.visionweb.com.ar\/index.php?rest_route=\/wp\/v2\/posts\/4174\/revisions\/4178"}],"wp:featuredmedia":[{"embeddable":true,"href":"https:\/\/www.visionweb.com.ar\/index.php?rest_route=\/wp\/v2\/media\/4176"}],"wp:attachment":[{"href":"https:\/\/www.visionweb.com.ar\/index.php?rest_route=%2Fwp%2Fv2%2Fmedia&parent=4174"}],"wp:term":[{"taxonomy":"category","embeddable":true,"href":"https:\/\/www.visionweb.com.ar\/index.php?rest_route=%2Fwp%2Fv2%2Fcategories&post=4174"},{"taxonomy":"post_tag","embeddable":true,"href":"https:\/\/www.visionweb.com.ar\/index.php?rest_route=%2Fwp%2Fv2%2Ftags&post=4174"}],"curies":[{"name":"wp","href":"https:\/\/api.w.org\/{rel}","templated":true}]}}