{"id":4165,"date":"2022-01-17T11:40:00","date_gmt":"2022-01-17T14:40:00","guid":{"rendered":"https:\/\/www.visionweb.com.ar\/?p=4165"},"modified":"2022-01-17T11:40:00","modified_gmt":"2022-01-17T14:40:00","slug":"playas-limpias-en-reta-colocan-carteleria-microambiental","status":"publish","type":"post","link":"https:\/\/www.visionweb.com.ar\/?p=4165","title":{"rendered":"\u00a0Playas Limpias en Reta: Colocan carteler\u00eda microambiental"},"content":{"rendered":"<p><em><strong>Una gigantograf\u00eda fue instalada recientemente junto al p\u00f3rtico de entrada al balneario Reta para de concientizar a los turistas de la conservaci\u00f3n de la limpieza en las playas.<\/strong><\/em><!--more--><\/p>\n<p><strong> <img loading=\"lazy\" decoding=\"async\" class=\"size-full wp-image-4168 aligncenter\" src=\"https:\/\/www.visionweb.com.ar\/wp-content\/uploads\/2022\/01\/reta-2.bmp\" alt=\"\" width=\"631\" height=\"334\" \/>L<\/strong>a Secretar\u00eda de Gesti\u00f3n Ambiental de la Municipalidad de Tres Arroyos procedi\u00f3 a la\u00a0instalaci\u00f3n de carteler\u00eda informativa de especies aut\u00f3ctonas en la localidad de<strong>\u00a0<\/strong>Reta\u00a0, que indica adem\u00e1s, el Paisaje Protegido: \u201cMicro Alb\u00fafera de Reta\u201d. La\u00a0iniciativa fue realizada en conjunto con alumnos de la ESS N\u00b0 5 RETA y CrecerAmbiente.<\/p>\n<p><img loading=\"lazy\" decoding=\"async\" class=\"size-full wp-image-4169 alignleft\" src=\"https:\/\/www.visionweb.com.ar\/wp-content\/uploads\/2022\/01\/reta-1.bmp\" alt=\"\" width=\"369\" height=\"492\" \/>Adem\u00e1s de la carteler\u00eda que solicita limpieza y respeto por tratarse una zona protegida, a lo largo de una extensi\u00f3n de 5000 metros de playa, dispusieron recipientes contenedores de residuos, que dos veces al d\u00eda, son vaciados por personal de la Delegaci\u00f3n.<\/p>\n<p>A la vez, los integrantes de la delegaci\u00f3n de Reta proveyeron\u00a0silos contenedores para botellas y latas, con carteles<strong>\u00a0<\/strong>para concientizar sobre la campa\u00f1a de educaci\u00f3n y buscar la cooperaci\u00f3n de cada turista.<\/p>\n<p><a href=\"https:\/\/www.visionweb.com.ar\/wp-content\/uploads\/2022\/01\/reta-3.bmp\"><img loading=\"lazy\" decoding=\"async\" class=\"size-full wp-image-4170 aligncenter\" src=\"https:\/\/www.visionweb.com.ar\/wp-content\/uploads\/2022\/01\/reta-3.bmp\" alt=\"\" width=\"472\" height=\"444\" \/><\/a>\u201cDurante el transcurso de este a\u00f1o, se accion\u00f3 y materializ\u00f3 un proyecto que se fue gestando, y m\u00e1s tarde fue presentado al Sr. Intendente Carlos S\u00e1nchez, quien determin\u00f3 declararlo de inter\u00e9s municipal. Y fue llevado a cabo gracias al trabajo en conjunto de la instituci\u00f3n educativa Itinerario Formativo de la Escuela Secundaria Reta y la Secretar\u00eda de Gesti\u00f3n Ambiental de la Municipalidad de Tres Arroyos\u201d, inform\u00f3 CrecerAmbiente en su p\u00e1gina oficial Facebook. <strong>(VW)<\/strong><\/p>\n<p>&nbsp;<\/p>\n","protected":false},"excerpt":{"rendered":"<p>Una gigantograf\u00eda fue instalada recientemente junto al p\u00f3rtico de entrada al balneario Reta para de concientizar a los turistas de la conservaci\u00f3n de la limpieza en las playas.<\/p>\n","protected":false},"author":4,"featured_media":4170,"comment_status":"closed","ping_status":"closed","sticky":false,"template":"","format":"standard","meta":{"_monsterinsights_skip_tracking":false,"_monsterinsights_sitenote_active":false,"_monsterinsights_sitenote_note":"","_monsterinsights_sitenote_category":0,"footnotes":""},"categories":[8,700],"tags":[1658,1661,1657,1660,1659],"class_list":["post-4165","post","type-post","status-publish","format-standard","has-post-thumbnail","hentry","category-interes-general","category-turismo","tag-balneario","tag-playas-limpias","tag-reta","tag-tres-arroyos","tag-zona-protegida"],"_links":{"self":[{"href":"https:\/\/www.visionweb.com.ar\/index.php?rest_route=\/wp\/v2\/posts\/4165","targetHints":{"allow":["GET"]}}],"collection":[{"href":"https:\/\/www.visionweb.com.ar\/index.php?rest_route=\/wp\/v2\/posts"}],"about":[{"href":"https:\/\/www.visionweb.com.ar\/index.php?rest_route=\/wp\/v2\/types\/post"}],"author":[{"embeddable":true,"href":"https:\/\/www.visionweb.com.ar\/index.php?rest_route=\/wp\/v2\/users\/4"}],"replies":[{"embeddable":true,"href":"https:\/\/www.visionweb.com.ar\/index.php?rest_route=%2Fwp%2Fv2%2Fcomments&post=4165"}],"version-history":[{"count":2,"href":"https:\/\/www.visionweb.com.ar\/index.php?rest_route=\/wp\/v2\/posts\/4165\/revisions"}],"predecessor-version":[{"id":4171,"href":"https:\/\/www.visionweb.com.ar\/index.php?rest_route=\/wp\/v2\/posts\/4165\/revisions\/4171"}],"wp:featuredmedia":[{"embeddable":true,"href":"https:\/\/www.visionweb.com.ar\/index.php?rest_route=\/wp\/v2\/media\/4170"}],"wp:attachment":[{"href":"https:\/\/www.visionweb.com.ar\/index.php?rest_route=%2Fwp%2Fv2%2Fmedia&parent=4165"}],"wp:term":[{"taxonomy":"category","embeddable":true,"href":"https:\/\/www.visionweb.com.ar\/index.php?rest_route=%2Fwp%2Fv2%2Fcategories&post=4165"},{"taxonomy":"post_tag","embeddable":true,"href":"https:\/\/www.visionweb.com.ar\/index.php?rest_route=%2Fwp%2Fv2%2Ftags&post=4165"}],"curies":[{"name":"wp","href":"https:\/\/api.w.org\/{rel}","templated":true}]}}