{"id":4163,"date":"2022-01-17T11:53:35","date_gmt":"2022-01-17T14:53:35","guid":{"rendered":"https:\/\/www.visionweb.com.ar\/?p=4163"},"modified":"2022-01-17T11:54:17","modified_gmt":"2022-01-17T14:54:17","slug":"energia-descarta-nuevos-recortes-al-consumo-electrico","status":"publish","type":"post","link":"https:\/\/www.visionweb.com.ar\/?p=4163","title":{"rendered":"Energ\u00eda descarta nuevos recortes al consumo el\u00e9ctrico."},"content":{"rendered":"<p><strong><em>As\u00ed lo aseguran desde la Secretar\u00eda de Energ\u00eda de la Naci\u00f3n. LAS localidades del conurbano fueron las m\u00e1s afectadas. Se prev\u00e9n inversiones chinas para optimizar la provisi\u00f3n de energ\u00eda.<\/em><\/strong><!--more--><\/p>\n<div id=\"attachment_4018\" style=\"width: 310px\" class=\"wp-caption alignright\"><img loading=\"lazy\" decoding=\"async\" aria-describedby=\"caption-attachment-4018\" class=\"wp-image-4018 size-medium\" src=\"https:\/\/www.visionweb.com.ar\/wp-content\/uploads\/2022\/01\/CORTES-DE-LUZ-300x169.png\" alt=\"\" width=\"300\" height=\"169\" srcset=\"https:\/\/www.visionweb.com.ar\/wp-content\/uploads\/2022\/01\/CORTES-DE-LUZ-300x169.png 300w, https:\/\/www.visionweb.com.ar\/wp-content\/uploads\/2022\/01\/CORTES-DE-LUZ-768x433.png 768w, https:\/\/www.visionweb.com.ar\/wp-content\/uploads\/2022\/01\/CORTES-DE-LUZ.png 800w\" sizes=\"auto, (max-width: 300px) 100vw, 300px\" \/><p id=\"caption-attachment-4018\" class=\"wp-caption-text\"><em><strong>Desde la cartera de Energ\u00eda aseguran que no habr\u00e1 m\u00e1s restricciones en el suministro el\u00e9ctrico. (Archivo) <\/strong><\/em><\/p><\/div>\n<p><strong>L<\/strong>uego de una semana en la que el term\u00f3metro super\u00f3 los 42 grados con holgura, en gran parte del pa\u00eds y los cortes de energ\u00eda pasaron a ser moneda corriente en las zonas m\u00e1s pobladas, la cartera de Energ\u00eda anticip\u00f3 que no habr\u00e1 m\u00e1s restricciones para el suministro el\u00e9ctrico.<\/p>\n<p>En ese sentido, el secretario de energ\u00eda, Dar\u00edo Mart\u00ednez, en los pr\u00f3ximos d\u00edas no har\u00e1n falta nuevos recortes de consumo. Tambi\u00e9n descart\u00f3 tarifazos y aumentos por encima de los salarios..<\/p>\n<p>Con referencia a la gran demanda energ\u00e9tica causada por las temperaturas r\u00e9cord, afirm\u00f3 que los motivos del colapso es producto de la gran demanda energ\u00e9tica, aseguraron desde el ente nacional.<\/p>\n<p>\u201cLo que sucedi\u00f3 en esos d\u00edas fue una combinaci\u00f3n de cuatro factores que no se hab\u00edan dado nunca: primero la reactivaci\u00f3n, que viene demandando energ\u00eda a un nivel important\u00edsimo; eso, combinado con una ola de calor hist\u00f3rica, nuestra regi\u00f3n fue la m\u00e1s calurosa del planeta, tercero la baja hidroactividad por la sequ\u00eda y, cuarto, la desinversi\u00f3n de la gesti\u00f3n anterior del macrismo\u201d, dijo.<\/p>\n<p>EN ese sentido, asegur\u00f3 que\u00a0 \u201cla combinaci\u00f3n de esos cuatro factores desencaden\u00f3 se reflej\u00f3 en la tensi\u00f3n del sistema. No obstante, no estaremos ante la situaci\u00f3n de reducir el consumo de energ\u00eda en los pr\u00f3ximos d\u00edas\u201d, se\u00f1al\u00f3 en referencia al pedido del Gobierno a los grandes usuarios y al asueto pedido a los organismos p\u00fablicos para minimizar el impacto.<\/p>\n<h3 style=\"text-align: center;\"><span style=\"color: #0000ff;\"><em><strong>Las cartera de Energ\u00eda asegura que no habr\u00e1 m\u00e1s restricciones en el suministro de energ\u00eda.\u00a0<\/strong><\/em><\/span><\/h3>\n<p>Seg\u00fan indic\u00f3 Mart\u00ednez en declaraciones difundidas por Radio 10, el Presidente tom\u00f3 esa decisi\u00f3n para bajar el uso de electricidad en el Gran Buenos Aires y los resultados a esta medida hicieron que \u201clogren mantener el sistema y que este no colapse\u201d.<\/p>\n<p>Sobre la recuperaci\u00f3n de las principales empresas distribuidoras de Buenos Aires y el conurbano, el secretario indic\u00f3 que el proceso est\u00e1 demorando m\u00e1s en Edesur que en Edenor. \u201cTiene que ver con la cantidad de cuadrillas que se ponen a resolver los problemas y con que el sistema es m\u00e1s endeble en la zona sur\u201d, explic\u00f3.<\/p>\n<p>Asimismo, indic\u00f3 que las tarifas del servicio el\u00e9ctrico no aumentar\u00e1n a gran escala para que su valor no est\u00e9 por encima del de los salarios. \u201cVenimos de una experiencia donde se dieron tarifazos y hab\u00eda cortes. Con eso no se resuelve. Las tarifas no van a aumentar por encima de los sueldos\u201d, confirm\u00f3 Mart\u00ednez.<\/p>\n<p><strong>Inversiones<\/strong><\/p>\n<p>Por otra parte, la Secretar\u00eda de Energ\u00eda y la empresa china CET dieron un paso m\u00e1s en la b\u00fasqueda de financiamiento para la ejecuci\u00f3n de obras fundamentales para garantizar la confiabilidad del sistema el\u00e9ctrico, que beneficiar\u00e1n directamente a millones de habitantes del \u00c1rea Metropolitana de Buenos Aires.<\/p>\n<p>Las inversiones apuntan a la construcci\u00f3n de una nueva Estaci\u00f3n Transformadora y m\u00e1s de 500 km de tendido el\u00e9ctrico de alta y extra alta tensi\u00f3n, considerada la mayor obra de este tipo en el AMBA en los \u00faltimos 30 a\u00f1os.<\/p>\n<p>La obra permitir\u00e1 ampliar la capacidad de suministro el\u00e9ctrico existente en el AMBA, especialmente a partir de nuevas fuentes de origen renovable, fortalecer\u00e1 el anillo energ\u00e9tico del AMBA para garantizar la confiabilidad de operaciones y el abastecimiento seguro de la zona m\u00e1s poblada y con mayor demanda del pa\u00eds y har\u00e1 m\u00e1s eficiente al Sistema Argentino de Interconexi\u00f3n (SADI) <strong>(VW)<\/strong>.<\/p>\n<p>&nbsp;<\/p>\n","protected":false},"excerpt":{"rendered":"<p>As\u00ed lo aseguran desde la Secretar\u00eda de Energ\u00eda de la Naci\u00f3n. LAS localidades del conurbano fueron las m\u00e1s afectadas. Se prev\u00e9n inversiones chinas para optimizar la provisi\u00f3n de energ\u00eda.<\/p>\n","protected":false},"author":3,"featured_media":4018,"comment_status":"closed","ping_status":"closed","sticky":false,"template":"","format":"standard","meta":{"_monsterinsights_skip_tracking":false,"_monsterinsights_sitenote_active":false,"_monsterinsights_sitenote_note":"","_monsterinsights_sitenote_category":0,"footnotes":""},"categories":[3],"tags":[330,277,195,1662,1663],"class_list":["post-4163","post","type-post","status-publish","format-standard","has-post-thumbnail","hentry","category-actualidad","tag-caba","tag-cortes","tag-energia","tag-gba","tag-inversiones"],"_links":{"self":[{"href":"https:\/\/www.visionweb.com.ar\/index.php?rest_route=\/wp\/v2\/posts\/4163","targetHints":{"allow":["GET"]}}],"collection":[{"href":"https:\/\/www.visionweb.com.ar\/index.php?rest_route=\/wp\/v2\/posts"}],"about":[{"href":"https:\/\/www.visionweb.com.ar\/index.php?rest_route=\/wp\/v2\/types\/post"}],"author":[{"embeddable":true,"href":"https:\/\/www.visionweb.com.ar\/index.php?rest_route=\/wp\/v2\/users\/3"}],"replies":[{"embeddable":true,"href":"https:\/\/www.visionweb.com.ar\/index.php?rest_route=%2Fwp%2Fv2%2Fcomments&post=4163"}],"version-history":[{"count":2,"href":"https:\/\/www.visionweb.com.ar\/index.php?rest_route=\/wp\/v2\/posts\/4163\/revisions"}],"predecessor-version":[{"id":4173,"href":"https:\/\/www.visionweb.com.ar\/index.php?rest_route=\/wp\/v2\/posts\/4163\/revisions\/4173"}],"wp:featuredmedia":[{"embeddable":true,"href":"https:\/\/www.visionweb.com.ar\/index.php?rest_route=\/wp\/v2\/media\/4018"}],"wp:attachment":[{"href":"https:\/\/www.visionweb.com.ar\/index.php?rest_route=%2Fwp%2Fv2%2Fmedia&parent=4163"}],"wp:term":[{"taxonomy":"category","embeddable":true,"href":"https:\/\/www.visionweb.com.ar\/index.php?rest_route=%2Fwp%2Fv2%2Fcategories&post=4163"},{"taxonomy":"post_tag","embeddable":true,"href":"https:\/\/www.visionweb.com.ar\/index.php?rest_route=%2Fwp%2Fv2%2Ftags&post=4163"}],"curies":[{"name":"wp","href":"https:\/\/api.w.org\/{rel}","templated":true}]}}