{"id":4135,"date":"2022-01-13T16:08:11","date_gmt":"2022-01-13T19:08:11","guid":{"rendered":"https:\/\/www.visionweb.com.ar\/?p=4135"},"modified":"2022-01-13T16:15:08","modified_gmt":"2022-01-13T19:15:08","slug":"gran-parte-de-los-municipios-bonaerenses-enfrentan-problemas-por-la-falta-de-agua","status":"publish","type":"post","link":"https:\/\/www.visionweb.com.ar\/?p=4135","title":{"rendered":"Gran parte de los municipios bonaerenses enfrentan problemas por la falta de agua"},"content":{"rendered":"<p><strong><em><span class=\"_2PHJq public-DraftStyleDefault-ltr\">Frente a esta situaci\u00f3n, varios municipios salieron a pedirle a la poblaci\u00f3n que utilicen \u00abracionalmente\u00bb el agua y aseguran que\u00a0<\/span><span class=\"_2PHJq public-DraftStyleDefault-ltr\">\u00abla poblaci\u00f3n debe tomar conciencia de que el agua que uno derrocha o consume en exceso le faltar\u00e1 a otro\u00bb.<\/span><\/em><\/strong><!--more--><\/p>\n<p><strong><img loading=\"lazy\" decoding=\"async\" class=\"size-medium wp-image-4139 alignleft\" src=\"https:\/\/www.visionweb.com.ar\/wp-content\/uploads\/2022\/01\/FALTA-DE-AGUA-300x173.png\" alt=\"\" width=\"300\" height=\"173\" srcset=\"https:\/\/www.visionweb.com.ar\/wp-content\/uploads\/2022\/01\/FALTA-DE-AGUA-300x173.png 300w, https:\/\/www.visionweb.com.ar\/wp-content\/uploads\/2022\/01\/FALTA-DE-AGUA.png 640w\" sizes=\"auto, (max-width: 300px) 100vw, 300px\" \/>E<\/strong>l fuerte impacto que genera la ola de calor en los distritos bonaerenses, al igual que en resto del pa\u00eds se agudiza con el correr de los d\u00edas y en muchos lugares.incluso la costa atl\u00e1ntica sufren\u00a0 la ausencia de agua por baja presi\u00f3n o porque los bombas no funcionan por los cortes de luz.<\/p>\n<p>Este problema ya se convirti\u00f3 en una constante en la capital provincial, La Plata, pasando por el epicentro del turismo en esta temporada, Mar del Plata, replic\u00e1ndose en otros distritos tur\u00edsticos como La Costa y Necochea, hasta municipios del interior bonaerense como Tandil, Bah\u00eda Blanca y Monte.<\/p>\n<p id=\"viewer-dfsue\" class=\"mm8Nw _1j-51 _1atvN _1FoOD _3M0Fe _2WrB- _1atvN public-DraftStyleDefault-block-depth0 fixed-tab-size public-DraftStyleDefault-text-ltr\"><span class=\"_2PHJq public-DraftStyleDefault-ltr\">La ola de calor que se registra en la Provincia agrav\u00f3 la situaci\u00f3n, al punto que se multiplican las quejas de vecinos y vecinas de distintos municipios que deben aguardar hasta la madrugada para ba\u00f1arse, lavar la ropa e incluso hacer guardias para \u00abintentar\u00bb cargar un tanque o una cisterna. <\/span><\/p>\n<p id=\"viewer-e113c\" class=\"mm8Nw _1j-51 _1atvN _1FoOD _3M0Fe _2WrB- _1atvN public-DraftStyleDefault-block-depth0 fixed-tab-size public-DraftStyleDefault-text-ltr\"><span class=\"_2PHJq public-DraftStyleDefault-ltr\">Frente a esta situaci\u00f3n, varios municipios salieron a pedirle a la poblaci\u00f3n que utilicen \u00abracionalmente\u00bb el agua y aseguran que\u00a0<\/span><span class=\"_2PHJq public-DraftStyleDefault-ltr\">\u00abla poblaci\u00f3n debe tomar conciencia de que el agua que uno derrocha o consume en exceso le faltar\u00e1 a otro\u00bb. <\/span><\/p>\n<p class=\"mm8Nw _1j-51 _1atvN _1FoOD _3M0Fe _2WrB- _1atvN public-DraftStyleDefault-block-depth0 fixed-tab-size public-DraftStyleDefault-text-ltr\"><span class=\"_2PHJq public-DraftStyleDefault-ltr\">Por eso es necesario extremar el cuidado y usar el agua de manera responsable y para las cuestiones b\u00e1sicas, evitando regar o hacerlo de noche para que el agua no se evapore, durante estos d\u00edas no llenar piscinas y cuidar el agua para poder mantenerla lo m\u00e1s posible, reparar p\u00e9rdidas y goteos de canillas, tomar duchas cortas y cerrar la canilla al enjabonarse o usar los lavarropas en ciclos cortos de lavado, que tambi\u00e9n ayuda al ahorro energ\u00e9tico\u201d, recomendaron desde el municipio de Tandil.<\/span><\/p>\n<p>En el caso de Mar del Plata, la ola de calor m\u00e1s el turismo (la llegada de miles de veraneantes) generan un \u00abcombo explosivo\u00bb que deben padecer quienes habitan los barrios del sur.<\/p>\n<p>En los \u00faltimos d\u00edas, <strong>vecinos de distintos barrios al sur de la avenida Mario Bravo llevaron a cabo manifestaciones en reclamo por la falta del servicio<\/strong>.<\/p>\n<p>Otro tanto se observ\u00f3 en la tarde de ayer en el barrio San Carlos de La Plata, cuando un grupo de vecinos se concentr\u00f3 frente a la sede de ABSA (Aguas Buenos Aires SA), para reclamar por la mejora de la presi\u00f3n en las ca\u00f1er\u00edas y mejorar el suministro de agua.<img loading=\"lazy\" decoding=\"async\" class=\"size-medium wp-image-4137 alignright\" src=\"https:\/\/www.visionweb.com.ar\/wp-content\/uploads\/2022\/01\/ABSA-300x200.png\" alt=\"\" width=\"300\" height=\"200\" srcset=\"https:\/\/www.visionweb.com.ar\/wp-content\/uploads\/2022\/01\/ABSA-300x200.png 300w, https:\/\/www.visionweb.com.ar\/wp-content\/uploads\/2022\/01\/ABSA-1024x684.png 1024w, https:\/\/www.visionweb.com.ar\/wp-content\/uploads\/2022\/01\/ABSA-768x513.png 768w, https:\/\/www.visionweb.com.ar\/wp-content\/uploads\/2022\/01\/ABSA.png 1280w\" sizes=\"auto, (max-width: 300px) 100vw, 300px\" \/><\/p>\n<p>De igual modo, vecinos de Faro Norte y Bosque Peralta Ramos y sectores de Punta Mogotes se encuentran sin agua desde al menos cinco d\u00edas.<\/p>\n<p>Lo cierto es que el pron\u00f3stico no es para nada alentador ya que las altas temperaturas continuar\u00e1n, por lo menos, hasta el fin de semana<strong>(VW)<\/strong>.<\/p>\n<div data-hook=\"rcv-block15\"><\/div>\n<div id=\"viewer-6vpco\" class=\"mm8Nw _1j-51 _1atvN _1FoOD _3M0Fe _2WrB- _1atvN public-DraftStyleDefault-block-depth0 fixed-tab-size public-DraftStyleDefault-text-ltr\"><\/div>\n<p>&nbsp;<\/p>\n","protected":false},"excerpt":{"rendered":"<p>Frente a esta situaci\u00f3n, varios municipios salieron a pedirle a la poblaci\u00f3n que utilicen \u00abracionalmente\u00bb el agua y aseguran que\u00a0\u00abla poblaci\u00f3n debe tomar conciencia de que el agua que uno derrocha o consume en&#46;&#46;&#46;<\/p>\n","protected":false},"author":3,"featured_media":4139,"comment_status":"closed","ping_status":"closed","sticky":false,"template":"","format":"standard","meta":{"_monsterinsights_skip_tracking":false,"_monsterinsights_sitenote_active":false,"_monsterinsights_sitenote_note":"","_monsterinsights_sitenote_category":0,"footnotes":""},"categories":[3,5,1],"tags":[],"class_list":["post-4135","post","type-post","status-publish","format-standard","has-post-thumbnail","hentry","category-actualidad","category-sociedad","category-uncategorized"],"_links":{"self":[{"href":"https:\/\/www.visionweb.com.ar\/index.php?rest_route=\/wp\/v2\/posts\/4135","targetHints":{"allow":["GET"]}}],"collection":[{"href":"https:\/\/www.visionweb.com.ar\/index.php?rest_route=\/wp\/v2\/posts"}],"about":[{"href":"https:\/\/www.visionweb.com.ar\/index.php?rest_route=\/wp\/v2\/types\/post"}],"author":[{"embeddable":true,"href":"https:\/\/www.visionweb.com.ar\/index.php?rest_route=\/wp\/v2\/users\/3"}],"replies":[{"embeddable":true,"href":"https:\/\/www.visionweb.com.ar\/index.php?rest_route=%2Fwp%2Fv2%2Fcomments&post=4135"}],"version-history":[{"count":3,"href":"https:\/\/www.visionweb.com.ar\/index.php?rest_route=\/wp\/v2\/posts\/4135\/revisions"}],"predecessor-version":[{"id":4141,"href":"https:\/\/www.visionweb.com.ar\/index.php?rest_route=\/wp\/v2\/posts\/4135\/revisions\/4141"}],"wp:featuredmedia":[{"embeddable":true,"href":"https:\/\/www.visionweb.com.ar\/index.php?rest_route=\/wp\/v2\/media\/4139"}],"wp:attachment":[{"href":"https:\/\/www.visionweb.com.ar\/index.php?rest_route=%2Fwp%2Fv2%2Fmedia&parent=4135"}],"wp:term":[{"taxonomy":"category","embeddable":true,"href":"https:\/\/www.visionweb.com.ar\/index.php?rest_route=%2Fwp%2Fv2%2Fcategories&post=4135"},{"taxonomy":"post_tag","embeddable":true,"href":"https:\/\/www.visionweb.com.ar\/index.php?rest_route=%2Fwp%2Fv2%2Ftags&post=4135"}],"curies":[{"name":"wp","href":"https:\/\/api.w.org\/{rel}","templated":true}]}}