{"id":4129,"date":"2022-01-13T12:52:26","date_gmt":"2022-01-13T15:52:26","guid":{"rendered":"https:\/\/www.visionweb.com.ar\/?p=4129"},"modified":"2022-01-13T12:52:26","modified_gmt":"2022-01-13T15:52:26","slug":"dos-dias-de-teletrabajo-para-los-empleados-publicos-por-la-ola-de-calor","status":"publish","type":"post","link":"https:\/\/www.visionweb.com.ar\/?p=4129","title":{"rendered":"Dos d\u00edas de teletrabajo para los empleados p\u00fablicos por la ola de calor"},"content":{"rendered":"<p><em><strong>El Gobierno dispuso trabajo a distancia para los empleados p\u00fablicos los d\u00edas 13 y 14 de enero a partir de las 12\u00a0horas, con el objetivo de\u00a0reducir la demanda el\u00e9ctrica. La OMM alert\u00f3 a la Argentina por la ola de calor.<\/strong><\/em><!--more--><\/p>\n<div id=\"attachment_4132\" style=\"width: 612px\" class=\"wp-caption aligncenter\"><img loading=\"lazy\" decoding=\"async\" aria-describedby=\"caption-attachment-4132\" class=\"wp-image-4132 size-full\" src=\"https:\/\/www.visionweb.com.ar\/wp-content\/uploads\/2022\/01\/pami-turnos.bmp\" alt=\"\" width=\"602\" height=\"351\" \/><p id=\"caption-attachment-4132\" class=\"wp-caption-text\">El Decreto indica que se \u00ab\u00bb mantendr\u00e1n las guardias para los servicios esenciales \u00bb , como por ejemplo, los turnos asignados en diversos organismos. (Foto: internet)<\/p><\/div>\n<p><strong>\u00a0\u00a0 <\/strong><strong>E<\/strong>l Gobierno nacional dispuso la modalidad de trabajo remoto o a distancia para este jueves y viernes en la administraci\u00f3n p\u00fablica nacional a partir del mediod\u00eda, para reducir el consumo de agua y energ\u00e9tico en las dependencias frente a las altas temperaturas. La norma fue publicada hoy jueves en el Bolet\u00edn Oficial\u00a0a trav\u00e9s del\u00a0decreto 16\/2022<a href=\"https:\/\/www.boletinoficial.gob.ar\/detalleAviso\/primera\/256040\/20220113\">\u00a0<\/a>y llev\u00f3 la firma del presidente Alberto Fern\u00e1ndez, y el jefe de Gabinete, Juan Manzur. Caba no adhiere.<\/p>\n<p>La medida tambi\u00e9n\u00a0establece que los empleados deber\u00e1n abstenerse de permanecer o concurrir a sus lugares habituales de trabajo, donde se mantendr\u00e1n\u00a0\u00ablas guardias necesarias para preservar la continuidad de los servicios esenciales\u00bb, seg\u00fan dicta el decreto.<\/p>\n<p>El secretario de Energ\u00eda de la Naci\u00f3n, Dar\u00edo Mart\u00ednez, se refiri\u00f3 al tema a trav\u00e9s de una publicaci\u00f3n en su cuenta oficial de Twitter:\u00a0\u00abAnte una demanda r\u00e9cord de energ\u00eda, producida por el crecimiento sostenido de la Econom\u00eda, combinado con la ola de calor hist\u00f3rica, el Gobierno Nacional\u00a0 resolvi\u00f3 decretar la reducci\u00f3n al m\u00e1ximo de la asistencia de las y los empleados p\u00fablicos nacionales\u00bb.<\/p>\n<p>\u00abA los fines de reducir el consumo de energ\u00eda el\u00e9ctrica, los d\u00edas 13 y 14 de enero de 2022, a partir de las 12 horas, las y los agentes de todas las jurisdicciones, organismos y entidades del Sector P\u00fablico Nacional deber\u00e1n realizar la prestaci\u00f3n de servicios mediante la modalidad de prestaci\u00f3n de trabajo a distancia, en caso de que ello resulte posible\u00bb, reza la normativa.<\/p>\n<p><strong>Qui\u00e9nes no podr\u00e1n hacer \u00abhome office\u00bb<\/strong><\/p>\n<p>Las \u00e1reas del Estado que quedaron exceptuadas de los dos d\u00edas de teletrabajo son quienes cumplen tareas en el Instituto Malbr\u00e1n, las Fuerzas de Seguridad Federales, las Fuerzas Armadas, el Servicio Penitenciario Federal, el personal de salud, los Guarda Parques Nacionales, el Sistema Federal de Manejo del Fuego, la Direcci\u00f3n Nacional de Migraciones y las Instituciones bancarias y entidades financieras.<\/p>\n<p>El siguiente link detalla la disposici\u00f3n:<\/p>\n<p><a href=\"https:\/\/www.argentina.gob.ar\/noticias\/trabajo-distancia-en-la-administracion-publica-nacional-apn-por-ahorro-de-energia\">https:\/\/www.argentina.gob.ar\/noticias\/trabajo-distancia-en-la-administracion-publica-nacional-apn-por-ahorro-de-energia<\/a><\/p>\n<p>Por su parte, La Ciudad de Buenos Aires\u00a0<strong>no acatar\u00e1 la disposici\u00f3n del Gobierno nacional<\/strong><strong>\u00a0<\/strong>de implementar la modalidad de trabajo remoto o a distancia este jueves y viernes en la administraci\u00f3n p\u00fablica.<\/p>\n<p>El Jefe de Gobierno porte\u00f1o, Horacio Rodr\u00edguez Larreta, remarc\u00f3 en conferencia de prensa que<strong>\u00a0<\/strong>\u201cla prioridad es el cuidado de la pandemia\u201d, por lo tanto en Caba continuar\u00e1n con los desempe\u00f1os habituales.<\/p>\n<p><strong>Ola de calor y cortes de luz<\/strong><\/p>\n<p>Desde el inicio de la semana Argentina vive una ola de calor\u00a0que provoc\u00f3 sensaciones t\u00e9rmicas superiores a los 40\u00ba en los principales centros urbanos. El Servicio Meteorol\u00f3gico Nacional anunci\u00f3 que desde el domingo comienzan a bajar las temperaturas, gracias a la llegada de un frente de baja presi\u00f3n.<\/p>\n<p>En ese contexto,\u00a0se registraron m\u00faltiples cortes de energ\u00eda el\u00e9ctrica, y en algunos sectores a\u00fan contin\u00faan, \u00a0especialmente en la Ciudad de Buenos Aires y el conurbano bonaerense.<\/p>\n<p>Al respecto, la Organizaci\u00f3n Meteorol\u00f3gica Mundial (OMM) hizo hoy una importante advertencia:\u00a0 \u00abLa ola de calor\u00a0de Argentina\u00a0est\u00e1 afectando la salud de las personas, el suministro de energ\u00eda, agua, agricultura y m\u00e1s en esa naci\u00f3n\u00bb, alert\u00f3 en una publicaci\u00f3n en Twitter la OMM a modo de an\u00e1lisis por las temperaturas extremas que azotan al pa\u00eds.<\/p>\n<p>\u00abLleg\u00f3 a los 41,1\u00b0C en la Ciudad de Buenos Aires, capital del pa\u00eds, a las 16 horas, seg\u00fan lo informado por el Servicio Meteorol\u00f3gico Nacional (SMN) argentino. C\u00f3rdoba registr\u00f3 una temperatura de 42,5\u00b0C. El Cambio clim\u00e1tico aumenta la intensidad y la frecuencia de las olas de calor\u00bb, contin\u00faa el m\u00e1ximo organismo internacional, que cit\u00f3 al SMN local. <strong>(VW)<\/strong><\/p>\n<p>&nbsp;<\/p>\n","protected":false},"excerpt":{"rendered":"<p>El Gobierno dispuso trabajo a distancia para los empleados p\u00fablicos los d\u00edas 13 y 14 de enero a partir de las 12\u00a0horas, con el objetivo de\u00a0reducir la demanda el\u00e9ctrica. La OMM alert\u00f3 a la&#46;&#46;&#46;<\/p>\n","protected":false},"author":4,"featured_media":4132,"comment_status":"closed","ping_status":"closed","sticky":false,"template":"","format":"standard","meta":{"_monsterinsights_skip_tracking":false,"_monsterinsights_sitenote_active":false,"_monsterinsights_sitenote_note":"","_monsterinsights_sitenote_category":0,"footnotes":""},"categories":[3,5],"tags":[1652,500,1627,1651],"class_list":["post-4129","post","type-post","status-publish","format-standard","has-post-thumbnail","hentry","category-actualidad","category-sociedad","tag-cortes-enerigia","tag-decreto","tag-ola-de-calor","tag-trabajo-a-distancia"],"_links":{"self":[{"href":"https:\/\/www.visionweb.com.ar\/index.php?rest_route=\/wp\/v2\/posts\/4129","targetHints":{"allow":["GET"]}}],"collection":[{"href":"https:\/\/www.visionweb.com.ar\/index.php?rest_route=\/wp\/v2\/posts"}],"about":[{"href":"https:\/\/www.visionweb.com.ar\/index.php?rest_route=\/wp\/v2\/types\/post"}],"author":[{"embeddable":true,"href":"https:\/\/www.visionweb.com.ar\/index.php?rest_route=\/wp\/v2\/users\/4"}],"replies":[{"embeddable":true,"href":"https:\/\/www.visionweb.com.ar\/index.php?rest_route=%2Fwp%2Fv2%2Fcomments&post=4129"}],"version-history":[{"count":2,"href":"https:\/\/www.visionweb.com.ar\/index.php?rest_route=\/wp\/v2\/posts\/4129\/revisions"}],"predecessor-version":[{"id":4133,"href":"https:\/\/www.visionweb.com.ar\/index.php?rest_route=\/wp\/v2\/posts\/4129\/revisions\/4133"}],"wp:featuredmedia":[{"embeddable":true,"href":"https:\/\/www.visionweb.com.ar\/index.php?rest_route=\/wp\/v2\/media\/4132"}],"wp:attachment":[{"href":"https:\/\/www.visionweb.com.ar\/index.php?rest_route=%2Fwp%2Fv2%2Fmedia&parent=4129"}],"wp:term":[{"taxonomy":"category","embeddable":true,"href":"https:\/\/www.visionweb.com.ar\/index.php?rest_route=%2Fwp%2Fv2%2Fcategories&post=4129"},{"taxonomy":"post_tag","embeddable":true,"href":"https:\/\/www.visionweb.com.ar\/index.php?rest_route=%2Fwp%2Fv2%2Ftags&post=4129"}],"curies":[{"name":"wp","href":"https:\/\/api.w.org\/{rel}","templated":true}]}}