{"id":4123,"date":"2022-01-13T12:37:18","date_gmt":"2022-01-13T15:37:18","guid":{"rendered":"https:\/\/www.visionweb.com.ar\/?p=4123"},"modified":"2022-01-13T12:37:50","modified_gmt":"2022-01-13T15:37:50","slug":"torelli-con-su-fallecimiento-queda-un-espacio-vacio-que-jamas-se-podra-ocupar","status":"publish","type":"post","link":"https:\/\/www.visionweb.com.ar\/?p=4123","title":{"rendered":"Torelli: Con su fallecimiento queda un espacio vac\u00edo que jam\u00e1s se podr\u00e1 ocupar"},"content":{"rendered":"<p><em><strong>Uno de los principales referentes de la ganader\u00eda argentina, Jorge Torelli, ayer falleci\u00f3, luego de una cirug\u00eda y una que no logr\u00f3 superar.<\/strong><\/em>\u00a0 <!--more--><\/p>\n<div id=\"attachment_4125\" style=\"width: 310px\" class=\"wp-caption alignright\"><img loading=\"lazy\" decoding=\"async\" aria-describedby=\"caption-attachment-4125\" class=\"wp-image-4125 size-medium\" src=\"https:\/\/www.visionweb.com.ar\/wp-content\/uploads\/2022\/01\/torelli-300x169.png\" alt=\"\" width=\"300\" height=\"169\" srcset=\"https:\/\/www.visionweb.com.ar\/wp-content\/uploads\/2022\/01\/torelli-300x169.png 300w, https:\/\/www.visionweb.com.ar\/wp-content\/uploads\/2022\/01\/torelli-768x432.png 768w, https:\/\/www.visionweb.com.ar\/wp-content\/uploads\/2022\/01\/torelli.png 800w\" sizes=\"auto, (max-width: 300px) 100vw, 300px\" \/><p id=\"caption-attachment-4125\" class=\"wp-caption-text\"><strong><em>El m\u00e9dico veterinario Jorge Torelli en una de las demostraciones realizadas en China (Archivo NAP-IPCVA)<\/em><\/strong><\/p><\/div>\n<p><strong>E<\/strong>n la tarde de este mi\u00e9rcoles la comunidad vinculada a la cadena de la carne y a la producci\u00f3n ganadera recibi\u00f3 la triste noticia del fallecimiento de Jorge Torelli.<\/p>\n<p>M\u00e9dico veterinario de profesi\u00f3n, pese a su juventud, hab\u00eda nacido el 20 de enero de 1960, logr\u00f3 sembrar una larga trayectoria en el rubro de la industria de la carne.<\/p>\n<p>Torelli, ocup\u00f3 el cargo de vice presidente en el Instituto de Promoci\u00f3n de la Carne Vacuna Argentina (IPCVA), en dos ocasiones y tambi\u00e9n consejero.<\/p>\n<p>Adem\u00e1s de haber ocupado la presidencia de UNICA (Uni\u00f3n de la Industria C\u00e1rnica Argentina), form\u00f3 parte del directorio del Frigor\u00edfico Mattievich, con base en la ciudad santafecina de Carcara\u00f1\u00e1.<\/p>\n<p>Con la llegada de Omar Perotti a la gobernaci\u00f3n de Santa Fe, por su capacidad profesional y don de gente, fue designado como secretario de Alimentos del ministerio de Producci\u00f3n de Santa Fe.<\/p>\n<p>Quienes tuvimos la posibilidad de compartir numerosas jornadas ganaderas a campo, organizadas por el IPCVA,\u00a0 supimos de su gran capacidad did\u00e1ctica en cada una de las charla que ofrec\u00eda a los productores, t\u00e9cnicos y alumnos de escuelas rurales, respecto del negocio de la carne.<\/p>\n<p>Adem\u00e1s, siempre estuvo dispuesto a compartir una mesa con sus pares y tambi\u00e9n con los colegas que sol\u00edamos escuchar sus charlas de sobre mesa, en la que muchas veces compart\u00eda experiencias profesionales, siempre con una cuota de humor.<\/p>\n<p>Cuando el IPCVA comenz\u00f3 a promocionar el consumo de cvarne argentina en China, Torelli fue uno de los especialistas en contarles a los asi\u00e1ticos las bondades de la carne argentina. Tampoco dud\u00f3, a la hora de ponerse el delantal en hacerlo, para demostrar como se prepara un buen plato con los bifes criollos.<\/p>\n<p>M\u00e1s all\u00e1 de su profesionalismo y de su don de gente, Jorge Torelli ser\u00e1 recordado especialmente como una gran persona por todos los que tuvieron la fortuna de trabajar con \u00e9l en alg\u00fan momento de su vida <strong>(VW)<\/strong><\/p>\n<p>&nbsp;<\/p>\n","protected":false},"excerpt":{"rendered":"<p>Uno de los principales referentes de la ganader\u00eda argentina, Jorge Torelli, ayer falleci\u00f3, luego de una cirug\u00eda y una que no logr\u00f3 superar.\u00a0<\/p>\n","protected":false},"author":3,"featured_media":4125,"comment_status":"closed","ping_status":"closed","sticky":false,"template":"","format":"standard","meta":{"_monsterinsights_skip_tracking":false,"_monsterinsights_sitenote_active":false,"_monsterinsights_sitenote_note":"","_monsterinsights_sitenote_category":0,"footnotes":""},"categories":[1317,5],"tags":[161,1608,1650],"class_list":["post-4123","post","type-post","status-publish","format-standard","has-post-thumbnail","hentry","category-sabores-y-tendencias","category-sociedad","tag-fallecimiento","tag-ipcva","tag-torelli"],"_links":{"self":[{"href":"https:\/\/www.visionweb.com.ar\/index.php?rest_route=\/wp\/v2\/posts\/4123","targetHints":{"allow":["GET"]}}],"collection":[{"href":"https:\/\/www.visionweb.com.ar\/index.php?rest_route=\/wp\/v2\/posts"}],"about":[{"href":"https:\/\/www.visionweb.com.ar\/index.php?rest_route=\/wp\/v2\/types\/post"}],"author":[{"embeddable":true,"href":"https:\/\/www.visionweb.com.ar\/index.php?rest_route=\/wp\/v2\/users\/3"}],"replies":[{"embeddable":true,"href":"https:\/\/www.visionweb.com.ar\/index.php?rest_route=%2Fwp%2Fv2%2Fcomments&post=4123"}],"version-history":[{"count":2,"href":"https:\/\/www.visionweb.com.ar\/index.php?rest_route=\/wp\/v2\/posts\/4123\/revisions"}],"predecessor-version":[{"id":4127,"href":"https:\/\/www.visionweb.com.ar\/index.php?rest_route=\/wp\/v2\/posts\/4123\/revisions\/4127"}],"wp:featuredmedia":[{"embeddable":true,"href":"https:\/\/www.visionweb.com.ar\/index.php?rest_route=\/wp\/v2\/media\/4125"}],"wp:attachment":[{"href":"https:\/\/www.visionweb.com.ar\/index.php?rest_route=%2Fwp%2Fv2%2Fmedia&parent=4123"}],"wp:term":[{"taxonomy":"category","embeddable":true,"href":"https:\/\/www.visionweb.com.ar\/index.php?rest_route=%2Fwp%2Fv2%2Fcategories&post=4123"},{"taxonomy":"post_tag","embeddable":true,"href":"https:\/\/www.visionweb.com.ar\/index.php?rest_route=%2Fwp%2Fv2%2Ftags&post=4123"}],"curies":[{"name":"wp","href":"https:\/\/api.w.org\/{rel}","templated":true}]}}