{"id":4117,"date":"2022-01-13T07:34:44","date_gmt":"2022-01-13T10:34:44","guid":{"rendered":"https:\/\/www.visionweb.com.ar\/?p=4117"},"modified":"2022-01-13T07:34:44","modified_gmt":"2022-01-13T10:34:44","slug":"almirante-brown-miles-de-inscriptos-para-las-becas-progresar","status":"publish","type":"post","link":"https:\/\/www.visionweb.com.ar\/?p=4117","title":{"rendered":"Almirante Brown: Miles de inscriptos para las becas Progresar"},"content":{"rendered":"<p><em><strong>Las becas tienen como objetivo acompa\u00f1ar a los estudiantes en su trayectoria acad\u00e9mica a trav\u00e9s de un incentivo econ\u00f3mico y avanzar en sus estudios hasta completarlos.<\/strong><\/em><!--more--><\/p>\n<div id=\"attachment_4119\" style=\"width: 310px\" class=\"wp-caption alignright\"><img loading=\"lazy\" decoding=\"async\" aria-describedby=\"caption-attachment-4119\" class=\"wp-image-4119 size-medium\" src=\"https:\/\/www.visionweb.com.ar\/wp-content\/uploads\/2022\/01\/BECAS-300x138.png\" alt=\"\" width=\"300\" height=\"138\" srcset=\"https:\/\/www.visionweb.com.ar\/wp-content\/uploads\/2022\/01\/BECAS-300x138.png 300w, https:\/\/www.visionweb.com.ar\/wp-content\/uploads\/2022\/01\/BECAS-768x352.png 768w, https:\/\/www.visionweb.com.ar\/wp-content\/uploads\/2022\/01\/BECAS.png 800w\" sizes=\"auto, (max-width: 300px) 100vw, 300px\" \/><p id=\"caption-attachment-4119\" class=\"wp-caption-text\"><em><strong>Los estudiantes deber\u00e1n tener entre 16 y 17 a\u00f1os y cursdar en una escuela de gesti\u00f3n p\u00fablica (Imagen: Prensa)<\/strong><\/em><\/p><\/div>\n<p><strong>M<\/strong>\u00e1s de 260 inscriptos ya sum\u00f3 en el pa\u00eds el programa el programa integral de becas educativas \u201cProgresar\u201d\u00a0 y, las inscripciones permanecer\u00e1n abiertas hasta el 31 de enero, record\u00f3 el municipio de Almirante Brown. Adem\u00e1s se extendieron las charlas informativas.<\/p>\n<p style=\"font-weight: 400;\">La iniciativa apuntada, en este caso, a j\u00f3venes de 16 y 17 a\u00f1os que est\u00e9n matriculados en una escuela p\u00fablica de gesti\u00f3n estatal y para quienes manifiesten el compromiso de volver a la escuela a terminar sus estudios, tiene como objetivo acompa\u00f1ar a los estudiantes en su trayectoria acad\u00e9mica a trav\u00e9s de un incentivo econ\u00f3mico y un importante est\u00edmulo personal que le permitir\u00e1 avanzar en sus estudios hasta completarlos.<\/p>\n<p style=\"font-weight: 400;\">En este sentido, desde la gesti\u00f3n del intendente interino Juan Fabiani recordaron que las inscripciones estar\u00e1n abiertas hasta el pr\u00f3ximo 31 de enero de 2022, a trav\u00e9s de la p\u00e1gina:\u00a0<a href=\"http:\/\/www.argentina.gob.ar\/educacion\/progresar\">www.argentina.gob.ar\/educacion\/progresar<\/a><\/p>\n<p>\u00abInvitamos a todos los y las estudiantes a que se sigan informando y sumando a esta importante propuesta educativa\u00bb, apunt\u00f3 Fabiani.<\/p>\n<p>Los estudiantes, interesados en participar de esta iniciativa pueden asesorarse de 8 a 16 en la Secretar\u00eda de Educaci\u00f3n, Ciencia y Tecnolog\u00eda de la comuna, ubicada en la Casa Municipal de la Cultura, situada en Esteban Adrogu\u00e9 1224. Tambi\u00e9n en los \u201cPuntos Joven\u201d ubicado en las doce delegaciones de Almirante Brown de 10 a 14 horas, los mi\u00e9rcoles y viernes, donde adem\u00e1s se brindan charlas informativas y asesoramiento en el proceso de inscripci\u00f3n.<\/p>\n<p style=\"font-weight: 400;\">Por su parte, el diputado bonaerense Mariano Cascallares subray\u00f3 que \u00abseguimos convocando a los y las estudiantes a que se acerquen a recibir informaci\u00f3n para utilizar esta importante herramienta de inclusi\u00f3n e igualdad de oportunidades que a nivel nacional ya cuenta con m\u00e1s de 260 mil inscriptos\u201d.<\/p>\n<p style=\"font-weight: 400;\">La iniciativa es impulsada por la Administraci\u00f3n Nacional de la Seguridad Social (ANSES) como una estimulaci\u00f3n para la finalizaci\u00f3n de los estudios, a trav\u00e9s de un trabajo articulado con la Comuna, puntualmente con la Secretar\u00eda de Educaci\u00f3n, Ciencia y Tecnolog\u00eda y la Direcci\u00f3n de Juventud.\u00a0Asimismo, la suma otorgada se brinda durante doce meses y est\u00e1 sujeta a la matriculaci\u00f3n, el cumplimiento de la asistencia y al rendimiento acad\u00e9mico.<\/p>\n<p>\u00a0Los requisitos para acceder a la beca es tener entre 16 y 17 a\u00f1os, estar matriculad@ en una escuela p\u00fablica de gesti\u00f3n estatal y manifestar el compromiso de volver a la escuela, informaron desde el municipio.<\/p>\n<p>Los j\u00f3venes interesados en acceder a este beneficio deber\u00e1n acreditar la identidad mediante el documento, ser ciudadano argentino nativo, por opci\u00f3n o residente legal en el pa\u00eds en un tiempo no inferior a dos a\u00f1os previos a la solicitud.<\/p>\n<p style=\"font-weight: 400;\">Asimismo, el ingreso del grupo familiar al que pertenece el estudiante no debe superar tres veces al Salario M\u00ednimo Vital y M\u00f3vil vigente en Argentina, sin excepci\u00f3n y, las becas no son compatibles con la Asignaci\u00f3n Universal por Hijo (AUH), la Asignaci\u00f3n Familiar por Embarazo ni con otros programas sociales.<\/p>\n<p style=\"font-weight: 400;\">Por otra parte, los requisitos para la permanencia de dicha beca son acreditar asistencia en forma trimestral como condici\u00f3n necesaria para el fortalecimiento de los aprendizajes y lograr la terminalidad. Y tambi\u00e9n comprobar aprendizajes en las diferentes materias, seg\u00fan el a\u00f1o de estudios que corresponda <strong>(VW)<\/strong>.<\/p>\n<p>&nbsp;<\/p>\n","protected":false},"excerpt":{"rendered":"<p>Las becas tienen como objetivo acompa\u00f1ar a los estudiantes en su trayectoria acad\u00e9mica a trav\u00e9s de un incentivo econ\u00f3mico y avanzar en sus estudios hasta completarlos.<\/p>\n","protected":false},"author":3,"featured_media":4119,"comment_status":"closed","ping_status":"closed","sticky":false,"template":"","format":"standard","meta":{"_monsterinsights_skip_tracking":false,"_monsterinsights_sitenote_active":false,"_monsterinsights_sitenote_note":"","_monsterinsights_sitenote_category":0,"footnotes":""},"categories":[7],"tags":[456,1649,1039,1648],"class_list":["post-4117","post","type-post","status-publish","format-standard","has-post-thumbnail","hentry","category-educacion-y-cultura","tag-becas","tag-edad","tag-jovenes","tag-secundarios"],"_links":{"self":[{"href":"https:\/\/www.visionweb.com.ar\/index.php?rest_route=\/wp\/v2\/posts\/4117","targetHints":{"allow":["GET"]}}],"collection":[{"href":"https:\/\/www.visionweb.com.ar\/index.php?rest_route=\/wp\/v2\/posts"}],"about":[{"href":"https:\/\/www.visionweb.com.ar\/index.php?rest_route=\/wp\/v2\/types\/post"}],"author":[{"embeddable":true,"href":"https:\/\/www.visionweb.com.ar\/index.php?rest_route=\/wp\/v2\/users\/3"}],"replies":[{"embeddable":true,"href":"https:\/\/www.visionweb.com.ar\/index.php?rest_route=%2Fwp%2Fv2%2Fcomments&post=4117"}],"version-history":[{"count":1,"href":"https:\/\/www.visionweb.com.ar\/index.php?rest_route=\/wp\/v2\/posts\/4117\/revisions"}],"predecessor-version":[{"id":4120,"href":"https:\/\/www.visionweb.com.ar\/index.php?rest_route=\/wp\/v2\/posts\/4117\/revisions\/4120"}],"wp:featuredmedia":[{"embeddable":true,"href":"https:\/\/www.visionweb.com.ar\/index.php?rest_route=\/wp\/v2\/media\/4119"}],"wp:attachment":[{"href":"https:\/\/www.visionweb.com.ar\/index.php?rest_route=%2Fwp%2Fv2%2Fmedia&parent=4117"}],"wp:term":[{"taxonomy":"category","embeddable":true,"href":"https:\/\/www.visionweb.com.ar\/index.php?rest_route=%2Fwp%2Fv2%2Fcategories&post=4117"},{"taxonomy":"post_tag","embeddable":true,"href":"https:\/\/www.visionweb.com.ar\/index.php?rest_route=%2Fwp%2Fv2%2Ftags&post=4117"}],"curies":[{"name":"wp","href":"https:\/\/api.w.org\/{rel}","templated":true}]}}