{"id":4098,"date":"2022-01-12T10:11:00","date_gmt":"2022-01-12T13:11:00","guid":{"rendered":"https:\/\/www.visionweb.com.ar\/?p=4098"},"modified":"2022-01-15T10:38:36","modified_gmt":"2022-01-15T13:38:36","slug":"la-cicop-reclama-garantias-y-proteccion-para-los-trabajadores-de-salud","status":"publish","type":"post","link":"https:\/\/www.visionweb.com.ar\/?p=4098","title":{"rendered":"La CICOP reclama garant\u00edas y protecci\u00f3n para los trabajadores de salud"},"content":{"rendered":"<p><em><strong>La Cicop pidi\u00f3 que se garantice la integridad psico-f\u00edsica de los trabajadores de salud, luego de los hechos de violencia y ataques en centros de asistencia y domicilios particulares de los \u00faltimos d\u00edas. El Gobierno de la Provincia ya modific\u00f3 protocolos.<\/strong><\/em><!--more--><\/p>\n<div id=\"attachment_4155\" style=\"width: 478px\" class=\"wp-caption aligncenter\"><img loading=\"lazy\" decoding=\"async\" aria-describedby=\"caption-attachment-4155\" class=\"wp-image-4155 size-full\" src=\"https:\/\/www.visionweb.com.ar\/wp-content\/uploads\/2022\/01\/cicop-repudio-atentados.bmp\" alt=\"\" width=\"468\" height=\"471\" \/><p id=\"caption-attachment-4155\" class=\"wp-caption-text\">La Cicop de levant\u00f3 contra los atentados sufridos por el personal de salud. Imagen: internet Cicop)<\/p><\/div>\n<p><strong>L<\/strong>a\u00a0Asociaci\u00f3n Sindical de Profesionales de la Salud de la Provincia de Buenos Aires (Cicop)<strong>\u00a0 <\/strong>reclam\u00f3 que se garantice la integridad psico-f\u00edsica de los trabajadores, en el marco de una ola de violencia hacia el sector. Este pedido llega con un comunicado, tras el ataque a una cirujana en el hospital de Pacheco y el atentado en el domicilio particular del director de la Regi\u00f3n Sanitaria I.<\/p>\n<p>El gremio pide que se garantice la integridad psico-f\u00edsica de los profesionales que desde un primer momento estuvieron en la primera l\u00ednea de batalla contra el coronavirus: \u201cRepudiamos las situaciones de violencia hacia el equipo de salud y exigimos reconocimiento a la tarea realizada\u201d.<\/p>\n<p>El comunicado de Cicop subray\u00f3 que: \u201cDurante las \u00faltimas dos semanas en nuestro pa\u00eds,\u00a0la curva ascendente de crecimiento de casos de COVID-19, que ha tomado un car\u00e1cter realmente mete\u00f3rico, nos ha llevado a superar los 100.000 contagios diarios. (\u2026) y\u00a0pone en tensi\u00f3n el sistema de testeos, registr\u00e1ndose largas filas y horas de espera en hospitales, centros de salud y unidades febriles, nuevamente causando una sobrecarga de trabajo en los equipos de salud\u201c.<\/p>\n<p>En tal sentido el documento destac\u00f3 que\u00a0hay \u201cpersonal limitado\u201d para realizar tareas asistenciales por infecciones covid y contactos estrechos: \u201cOptimizar los cuidados y confeccionar protocolos consensuados con lxs trabajadorxs a trav\u00e9s de los Comit\u00e9s de Crisis, que deben impulsarse en forma perentoria, resultan de suma urgencia para un manejo consensuado de la pandemia\u201d.<\/p>\n<p>\u201cEstamos viendo la recurrencia de situaciones de violencia, como lo sucedido en el Hospital de Pacheco durante el fin de a\u00f1o, que ponen en riesgo la integridad psico-f\u00edsica de integrantes de los equipos de salud, quienes vienen desde hace dos a\u00f1os sosteniendo la atenci\u00f3n durante la pandemia, con compromiso y much\u00edsimo esfuerzo, en un sistema de salud con m\u00faltiples deficiencias estructurales, visibilizadas y agudizadas por la pandemia, y con una deuda hist\u00f3rica por parte de los diferentes gobiernos con los trabajadorxs de la salud\u201d, indicaron.<\/p>\n<p>En ese marco, Cicop reclama, m\u00e1s all\u00e1 del repudio, que \u201clas autoridades de cada efector de salud como as\u00ed tambi\u00e9n las provinciales y municipales tomen las medidas pertinentes para <strong>garantizar la integridad psico-fisica de lxs trabajadorxs de la salud<\/strong>\u201d.<\/p>\n<p>A la vez, desde el Gremio recordaron que: \u201cSigue pendiente un verdadero reconocimiento al equipo de salud por parte de los gobiernos nacional, provincial y municipales, luego de la sobre-exposici\u00f3n y la sobrecarga laboral de los \u00faltimos dos a\u00f1os, y\u00a0 el inclaudicable compromiso demostrado por lxs trabajadorxs de la salud\u201d.<\/p>\n<p><strong>\u00a0<\/strong><strong>Cambios en el protocolo:<\/strong><\/p>\n<p>El personal sanitario de la provincia de Buenos Aires que haya sido contacto estrecho de un caso confirmado de Covid-19 y que permanezca asintom\u00e1tico, y que tenga el esquema de vacunaci\u00f3n completo estar\u00e1 exceptuado \u200bde realizar aislamiento.<\/p>\n<p>Tampoco tendr\u00e1n que aislarse los m\u00e9dicos y enfermeros que se hayan recuperado de un episodio de coronavirus confirmado por laboratorio y que presentan una nueva exposici\u00f3n al virus, dentro de los tres meses del episodio inicial (90 d\u00edas).<\/p>\n<p>As\u00ed, el personal exceptuado de la cuarentena \u201ccontinuar\u00e1 con la actividad laboral, con estricto uso de los elementos de protecci\u00f3n y automonitoreo de s\u00edntomas, con control de temperatura dos veces por d\u00eda\u201d, indic\u00f3 la modificaci\u00f3n del protocolo, publicado en el Bolet\u00edn Oficial de la Provincia. <strong>(VW)<\/strong><\/p>\n<p>&nbsp;<\/p>\n","protected":false},"excerpt":{"rendered":"<p>La Cicop pidi\u00f3 que se garantice la integridad psico-f\u00edsica de los trabajadores de salud, luego de los hechos de violencia y ataques en centros de asistencia y domicilios particulares de los \u00faltimos d\u00edas. El&#46;&#46;&#46;<\/p>\n","protected":false},"author":4,"featured_media":4155,"comment_status":"closed","ping_status":"closed","sticky":false,"template":"","format":"standard","meta":{"_monsterinsights_skip_tracking":false,"_monsterinsights_sitenote_active":false,"_monsterinsights_sitenote_note":"","_monsterinsights_sitenote_category":0,"footnotes":""},"categories":[3,5,1],"tags":[1642,435,356,461,1254],"class_list":["post-4098","post","type-post","status-publish","format-standard","has-post-thumbnail","hentry","category-actualidad","category-sociedad","category-uncategorized","tag-atentados","tag-cicop","tag-provincia","tag-repudio","tag-trabajadores-de-salud"],"_links":{"self":[{"href":"https:\/\/www.visionweb.com.ar\/index.php?rest_route=\/wp\/v2\/posts\/4098","targetHints":{"allow":["GET"]}}],"collection":[{"href":"https:\/\/www.visionweb.com.ar\/index.php?rest_route=\/wp\/v2\/posts"}],"about":[{"href":"https:\/\/www.visionweb.com.ar\/index.php?rest_route=\/wp\/v2\/types\/post"}],"author":[{"embeddable":true,"href":"https:\/\/www.visionweb.com.ar\/index.php?rest_route=\/wp\/v2\/users\/4"}],"replies":[{"embeddable":true,"href":"https:\/\/www.visionweb.com.ar\/index.php?rest_route=%2Fwp%2Fv2%2Fcomments&post=4098"}],"version-history":[{"count":4,"href":"https:\/\/www.visionweb.com.ar\/index.php?rest_route=\/wp\/v2\/posts\/4098\/revisions"}],"predecessor-version":[{"id":4157,"href":"https:\/\/www.visionweb.com.ar\/index.php?rest_route=\/wp\/v2\/posts\/4098\/revisions\/4157"}],"wp:featuredmedia":[{"embeddable":true,"href":"https:\/\/www.visionweb.com.ar\/index.php?rest_route=\/wp\/v2\/media\/4155"}],"wp:attachment":[{"href":"https:\/\/www.visionweb.com.ar\/index.php?rest_route=%2Fwp%2Fv2%2Fmedia&parent=4098"}],"wp:term":[{"taxonomy":"category","embeddable":true,"href":"https:\/\/www.visionweb.com.ar\/index.php?rest_route=%2Fwp%2Fv2%2Fcategories&post=4098"},{"taxonomy":"post_tag","embeddable":true,"href":"https:\/\/www.visionweb.com.ar\/index.php?rest_route=%2Fwp%2Fv2%2Ftags&post=4098"}],"curies":[{"name":"wp","href":"https:\/\/api.w.org\/{rel}","templated":true}]}}