{"id":4083,"date":"2022-01-11T10:36:51","date_gmt":"2022-01-11T13:36:51","guid":{"rendered":"https:\/\/www.visionweb.com.ar\/?p=4083"},"modified":"2022-01-11T10:36:51","modified_gmt":"2022-01-11T13:36:51","slug":"grindetti-reunio-al-comite-de-emergencia-por-la-ola-de-calor","status":"publish","type":"post","link":"https:\/\/www.visionweb.com.ar\/?p=4083","title":{"rendered":"Grindetti reuni\u00f3 al Comit\u00e9 de Emergencia por la ola de calor"},"content":{"rendered":"<p><em><strong>Durante toda la semana el Municipio de Lan\u00fas realizar\u00e1 diversas acciones y recomendaciones en todos los barrios del distrito. Habr\u00e1 puntos de hidrataci\u00f3n en zonas de alto tr\u00e1nsito.<\/strong><\/em><!--more--><\/p>\n<div id=\"attachment_4086\" style=\"width: 310px\" class=\"wp-caption alignright\"><img loading=\"lazy\" decoding=\"async\" aria-describedby=\"caption-attachment-4086\" class=\"wp-image-4086 size-medium\" src=\"https:\/\/www.visionweb.com.ar\/wp-content\/uploads\/2022\/01\/grindetti-ola-de-calor-300x162.png\" alt=\"\" width=\"300\" height=\"162\" srcset=\"https:\/\/www.visionweb.com.ar\/wp-content\/uploads\/2022\/01\/grindetti-ola-de-calor-300x162.png 300w, https:\/\/www.visionweb.com.ar\/wp-content\/uploads\/2022\/01\/grindetti-ola-de-calor.png 624w\" sizes=\"auto, (max-width: 300px) 100vw, 300px\" \/><p id=\"caption-attachment-4086\" class=\"wp-caption-text\">Reuni\u00f3n virtual con el Comit\u00e9 de Emergencia de Lan\u00fas. (Foto: Prensa del Municipio)<\/p><\/div>\n<p><strong>\u00a0\u00a0 <\/strong><strong>E<\/strong>l Intendente N\u00e9stor Grindetti junto al Jefe de Gabinete Diego Kravetz, encabezaron una reuni\u00f3n de comit\u00e9 de emergencia para coordinar acciones por la ola de calor vigente. As\u00ed durante estos d\u00edas, el municipio dispondr\u00e1 de diversos puntos de hidrataci\u00f3n en zonas de alto tr\u00e1nsito<strong>. <\/strong><\/p>\n<p>De la reuni\u00f3n, que se realiz\u00f3 en forma virtual, \u00a0participaron los secretarios de Salud, Gustavo Sieli,\u00a0 Desarrollo Social, Noelia Quindimil, Espacio P\u00fablico, Gast\u00f3n Cochelo, Educaci\u00f3n, Empleo y Deportes,\u00a0 Dami\u00e1n Sala, Comunicaci\u00f3n, Pablo Marolla\u00a0 y la Subsecretar\u00eda de Defensa Civil, a cargo de Juan Manuel L\u00f3pez, seg\u00fan inform\u00f3 Prensa del Municipio de Lan\u00fas.<\/p>\n<p><strong>Durante toda la semana se van a estar realizando acciones y recomendaciones en todos los barrios del distrito para cuidar a los vecinos, especialmente a los adultos<\/strong> <strong>mayores.<\/strong><\/p>\n<p>Desde la Secretar\u00eda de Salud se recomienda mantenerse hidratados permanentemente, evitar comidas pesadas, realizar actividad f\u00edsica por la ma\u00f1ana muy temprano o por la noche evitando los horarios de temperaturas m\u00e1s altas, usar ropa clara y liviana, y permanecer en lugares ventilados.<\/p>\n<p>Se mantendr\u00e1n las actividades de recreaci\u00f3n estipuladas en las colonias de vacaciones en cada uno de los parques. En tanto, el municipio dispondr\u00e1 de puntos de hidrataci\u00f3n en zonas de alto tr\u00e1nsito durante toda la semana.<\/p>\n<p>Asimismo, se <strong>continuar\u00e1 atendiendo a los vecinos que est\u00e1n sufriendo cortes de luz<\/strong>, como lo viene realizando el Municipio desde el mes de diciembre, resguardando medicamentos, acercando asistencia a los edificios y barrios d\u00f3nde comienza a faltar el agua a causa de estos cortes.<\/p>\n<p>Por otro lado, el jefe comunal analiz\u00f3 junto al secretario de Salud el avance de la tercera ola de covid-19 en el distrito, en ese sentido la cartera sanitaria local cuenta\u00a0\u00a0con <strong>6 postas de hisopado<\/strong> y testeos Covid establecidas en efectores sanitarios y en el nodo Covid, tambi\u00e9n los vecinos pueden acercarse para testearse a los <strong>tres hospitales provinciales que tiene Lan\u00fas<\/strong>.<\/p>\n<p>Las postas de testeo municipales funcionan en:<\/p>\n<p>Unidad Sanitaria F. Masevicius, Paso de Burgos 777 Valent\u00edn Alsina<\/p>\n<p>Unidad Sanitaria 1\u00b0 de Mayo,\u00a0 Bustamante 2355 Lan\u00fas Este<\/p>\n<p>Nodo Sanitario COVID-19, Pit\u00e1goras y Rondeau Monte Chingolo<\/p>\n<p>Unidad Sanitaria Miranda Norgreen, Murature 4114 Villa Caraza<\/p>\n<p>CAPS Puente Alsina<\/p>\n<p>Medicina Preventiva, Sitio de Montevideo 1863. <strong>(VW)<\/strong><\/p>\n<p>&nbsp;<\/p>\n<p><strong>\u00a0<\/strong><\/p>\n","protected":false},"excerpt":{"rendered":"<p>Durante toda la semana el Municipio de Lan\u00fas realizar\u00e1 diversas acciones y recomendaciones en todos los barrios del distrito. Habr\u00e1 puntos de hidrataci\u00f3n en zonas de alto tr\u00e1nsito.<\/p>\n","protected":false},"author":4,"featured_media":4086,"comment_status":"closed","ping_status":"closed","sticky":false,"template":"","format":"standard","meta":{"_monsterinsights_skip_tracking":false,"_monsterinsights_sitenote_active":false,"_monsterinsights_sitenote_note":"","_monsterinsights_sitenote_category":0,"footnotes":""},"categories":[5],"tags":[18,1197,1627,1640,175],"class_list":["post-4083","post","type-post","status-publish","format-standard","has-post-thumbnail","hentry","category-sociedad","tag-grindetti","tag-lanus-digtal","tag-ola-de-calor","tag-recomendaciones","tag-testeos"],"_links":{"self":[{"href":"https:\/\/www.visionweb.com.ar\/index.php?rest_route=\/wp\/v2\/posts\/4083","targetHints":{"allow":["GET"]}}],"collection":[{"href":"https:\/\/www.visionweb.com.ar\/index.php?rest_route=\/wp\/v2\/posts"}],"about":[{"href":"https:\/\/www.visionweb.com.ar\/index.php?rest_route=\/wp\/v2\/types\/post"}],"author":[{"embeddable":true,"href":"https:\/\/www.visionweb.com.ar\/index.php?rest_route=\/wp\/v2\/users\/4"}],"replies":[{"embeddable":true,"href":"https:\/\/www.visionweb.com.ar\/index.php?rest_route=%2Fwp%2Fv2%2Fcomments&post=4083"}],"version-history":[{"count":2,"href":"https:\/\/www.visionweb.com.ar\/index.php?rest_route=\/wp\/v2\/posts\/4083\/revisions"}],"predecessor-version":[{"id":4087,"href":"https:\/\/www.visionweb.com.ar\/index.php?rest_route=\/wp\/v2\/posts\/4083\/revisions\/4087"}],"wp:featuredmedia":[{"embeddable":true,"href":"https:\/\/www.visionweb.com.ar\/index.php?rest_route=\/wp\/v2\/media\/4086"}],"wp:attachment":[{"href":"https:\/\/www.visionweb.com.ar\/index.php?rest_route=%2Fwp%2Fv2%2Fmedia&parent=4083"}],"wp:term":[{"taxonomy":"category","embeddable":true,"href":"https:\/\/www.visionweb.com.ar\/index.php?rest_route=%2Fwp%2Fv2%2Fcategories&post=4083"},{"taxonomy":"post_tag","embeddable":true,"href":"https:\/\/www.visionweb.com.ar\/index.php?rest_route=%2Fwp%2Fv2%2Ftags&post=4083"}],"curies":[{"name":"wp","href":"https:\/\/api.w.org\/{rel}","templated":true}]}}