{"id":4080,"date":"2022-01-11T07:43:10","date_gmt":"2022-01-11T10:43:10","guid":{"rendered":"https:\/\/www.visionweb.com.ar\/?p=4080"},"modified":"2022-01-11T07:43:10","modified_gmt":"2022-01-11T10:43:10","slug":"crecen-los-contagios-en-menores-por-coronavirus","status":"publish","type":"post","link":"https:\/\/www.visionweb.com.ar\/?p=4080","title":{"rendered":"Crecen los contagios en menores por coronavirus"},"content":{"rendered":"<p><strong><em>En los \u00faltimos 20 d\u00edas aumentaron 20 veces. Lo precis\u00f3 el presidente de la Sociedad Argentina de Pediatr\u00eda, Pablo Moreno. Tambi\u00e9n llam\u00f3 a avanzar con la vacunaci\u00f3n en ni\u00f1os y ni\u00f1as.<\/em><\/strong><!--more--><\/p>\n<p><strong><img loading=\"lazy\" decoding=\"async\" class=\"size-medium wp-image-2134 alignright\" src=\"https:\/\/www.visionweb.com.ar\/wp-content\/uploads\/2021\/07\/POSTAS-DE-VACUNACION-300x199.png\" alt=\"\" width=\"300\" height=\"199\" srcset=\"https:\/\/www.visionweb.com.ar\/wp-content\/uploads\/2021\/07\/POSTAS-DE-VACUNACION-300x199.png 300w, https:\/\/www.visionweb.com.ar\/wp-content\/uploads\/2021\/07\/POSTAS-DE-VACUNACION.png 640w\" sizes=\"auto, (max-width: 300px) 100vw, 300px\" \/>C<\/strong>on cifras que se ubican por encima de los 100.000 casos diarios, desde la Sociedad Argentina de Pediatr\u00eda alertaron por el aumento de la positividad en menores de 16 a\u00f1os: en apenas quince d\u00edas crecieron 20 veces y hoy ronda el 42% de los testeos.<\/p>\n<p>As\u00ed lo afirm\u00f3 el presidente de la Sociedad Argentina de Pediatr\u00eda, Pablo Moreno, quien dijo que la positividad creci\u00f3 en adolescentes y, cada vez se ven m\u00e1s casos en menores de cinco a\u00f1os e incluso en beb\u00e9s.<\/p>\n<p>\u201cEn 15 d\u00edas la tasa de positividad lleg\u00f3 al 42%.\u00a0Mientras suba el numero porcentual de positivos existe la posibilidad de que aumenten las internaciones,\u00a0no solo en adolescentes, sino tambi\u00e9n en menores de cinco a\u00f1os y\u00a0en el grupo de uno a dos\u00a0a\u00f1os\u201d, advirti\u00f3.<\/p>\n<p>\u201cHay una sensaci\u00f3n comunitaria de que los ni\u00f1os no tienen un riesgo. Obviamente hay un riesgo. Que est\u00e9n vacunados ayuda a proteger a sus abuelos, les permite desarrollar su bienestar social, cuidar la presencialidad escolar, y es una forma de llegar a la inmunidad de reba\u00f1o\u201d, afirm\u00f3 a Radio Con Vos.<\/p>\n<p>Asimismo, Moreno se mostr\u00f3 a favor de la vacunaci\u00f3n infantil, pese a que muchos pediatras en el pa\u00eds no la recomendaron durante este tiempo a sus pacientes. De hecho, hasta el viernes el 57% de los ni\u00f1os no hab\u00eda ido acompa\u00f1ado por sus padres o cuidadores para ir a recibir su primera dosis o para completar el esquema, subray\u00f3 el profesional en declaraciones reproducidas por la agencia DIB.<\/p>\n<p>\u201cEstamos con una campa\u00f1a en las redes sociales. Apoyamos la vacunaci\u00f3n pedi\u00e1trica, es fundamental para superar y combatir esta pandemia\u201d, dijo el profesional.<\/p>\n<p>\u201cLos pediatras hemos apoyado todas las vacunas, porque sabemos que es una manera de mejorar y lograr equidad en salud. Es la estrategia m\u00e1s importante de salud a nivel mundial en cuesti\u00f3n de salud\u201d.<\/p>\n<p>En relaci\u00f3n a la escolaridad y el pase sanitario, Moreno coment\u00f3: \u201cQue los ni\u00f1os est\u00e9n vacunados es una manera de ayudar a proteger a sus familias, cuidar la presencialidad escolar y de llegar a la inmunidad de reba\u00f1o\u201d.<\/p>\n<p>Adem\u00e1s, consider\u00f3 errado impedir el regreso a las clases a quienes no se vacunaron, ya que la vacuna no es obligatoria <strong>(VW)<\/strong>.<\/p>\n","protected":false},"excerpt":{"rendered":"<p>En los \u00faltimos 20 d\u00edas aumentaron 20 veces. Lo precis\u00f3 el presidente de la Sociedad Argentina de Pediatr\u00eda, Pablo Moreno. Tambi\u00e9n llam\u00f3 a avanzar con la vacunaci\u00f3n en ni\u00f1os y ni\u00f1as.<\/p>\n","protected":false},"author":3,"featured_media":2134,"comment_status":"closed","ping_status":"closed","sticky":false,"template":"","format":"standard","meta":{"_monsterinsights_skip_tracking":false,"_monsterinsights_sitenote_active":false,"_monsterinsights_sitenote_note":"","_monsterinsights_sitenote_category":0,"footnotes":""},"categories":[3,5],"tags":[290,367,1021,339],"class_list":["post-4080","post","type-post","status-publish","format-standard","has-post-thumbnail","hentry","category-actualidad","category-sociedad","tag-contagios","tag-covid","tag-menores","tag-vacunacion"],"_links":{"self":[{"href":"https:\/\/www.visionweb.com.ar\/index.php?rest_route=\/wp\/v2\/posts\/4080","targetHints":{"allow":["GET"]}}],"collection":[{"href":"https:\/\/www.visionweb.com.ar\/index.php?rest_route=\/wp\/v2\/posts"}],"about":[{"href":"https:\/\/www.visionweb.com.ar\/index.php?rest_route=\/wp\/v2\/types\/post"}],"author":[{"embeddable":true,"href":"https:\/\/www.visionweb.com.ar\/index.php?rest_route=\/wp\/v2\/users\/3"}],"replies":[{"embeddable":true,"href":"https:\/\/www.visionweb.com.ar\/index.php?rest_route=%2Fwp%2Fv2%2Fcomments&post=4080"}],"version-history":[{"count":1,"href":"https:\/\/www.visionweb.com.ar\/index.php?rest_route=\/wp\/v2\/posts\/4080\/revisions"}],"predecessor-version":[{"id":4082,"href":"https:\/\/www.visionweb.com.ar\/index.php?rest_route=\/wp\/v2\/posts\/4080\/revisions\/4082"}],"wp:featuredmedia":[{"embeddable":true,"href":"https:\/\/www.visionweb.com.ar\/index.php?rest_route=\/wp\/v2\/media\/2134"}],"wp:attachment":[{"href":"https:\/\/www.visionweb.com.ar\/index.php?rest_route=%2Fwp%2Fv2%2Fmedia&parent=4080"}],"wp:term":[{"taxonomy":"category","embeddable":true,"href":"https:\/\/www.visionweb.com.ar\/index.php?rest_route=%2Fwp%2Fv2%2Fcategories&post=4080"},{"taxonomy":"post_tag","embeddable":true,"href":"https:\/\/www.visionweb.com.ar\/index.php?rest_route=%2Fwp%2Fv2%2Ftags&post=4080"}],"curies":[{"name":"wp","href":"https:\/\/api.w.org\/{rel}","templated":true}]}}