{"id":22435,"date":"2026-09-04T13:42:56","date_gmt":"2026-09-04T16:42:56","guid":{"rendered":"https:\/\/www.visionweb.com.ar\/?p=22435"},"modified":"2026-09-04T13:42:56","modified_gmt":"2026-09-04T16:42:56","slug":"tras-el-triunfo-en-el-mundial-de-catedrales-buscan-reconocer-a-la-catedral-de-la-plata","status":"publish","type":"post","link":"https:\/\/www.visionweb.com.ar\/?p=22435","title":{"rendered":"Tras el triunfo en el \u00abMundial de Catedrales\u00bb, buscan reconocer a la Catedral de La Plata"},"content":{"rendered":"<p><em><strong>Marcelo Leguizam\u00f3n busca que la Legislatura bonaerense reconozca a la Catedral de La Plata, luego de ganar la competencia internacional. \u201cEsta repercusi\u00f3n constituye una oportunidad para volver a poner en valor uno de los bienes culturales y arquitect\u00f3nicos m\u00e1s importantes de nuestra Provincia\u201d, expuso\u00a0Leguizam\u00f3n.<\/strong><\/em><!--more--><\/p>\n<p><strong><img loading=\"lazy\" decoding=\"async\" class=\"size-medium wp-image-22436 alignright\" src=\"https:\/\/www.visionweb.com.ar\/wp-content\/uploads\/2026\/09\/catedral-la-Plata-300x286.png\" alt=\"\" width=\"300\" height=\"286\" srcset=\"https:\/\/www.visionweb.com.ar\/wp-content\/uploads\/2026\/09\/catedral-la-Plata-300x286.png 300w, https:\/\/www.visionweb.com.ar\/wp-content\/uploads\/2026\/09\/catedral-la-Plata.png 520w\" sizes=\"auto, (max-width: 300px) 100vw, 300px\" \/>\u00a0<\/strong><strong>\u00a0\u00a0\u00a0\u00a0\u00a0\u00a0\u00a0\u00a0\u00a0\u00a0 E<\/strong>l senador bonaerense del bloque\u00a0<strong>Hechos &#8211; UCR Identidad<\/strong>,\u00a0<strong><a href=\"https:\/\/www.senado-ba.gov.ar\/Senador.aspx?idP=2402\">Marcelo \u201cChuby\u201d Leguizam\u00f3n<\/a><\/strong>, present\u00f3 un <strong>proyecto de reconocimiento a la consagraci\u00f3n<\/strong> de la\u00a0<strong>Catedral de la Inmaculada Concepci\u00f3n de La Plata\u00a0<\/strong>en el denominado \u201c<strong>Mundial de Catedrales<\/strong>\u201d, una competencia realizada a trav\u00e9s de Instagram que enfrent\u00f3, a partir de la votaci\u00f3n de los usuarios, a distintos templos emblem\u00e1ticos del mundo, como la\u00a0Catedral de Santa Mar\u00eda del Fiore de Florencia,\u00a0Italia.<\/p>\n<p>\u201cLa\u00a0<strong>Catedral de La Plata\u00a0<\/strong>constituye uno de los <strong>monumentos arquitect\u00f3nicos, hist\u00f3ricos y culturales m\u00e1s representativos de la ciudad<\/strong> y de toda la\u00a0<strong>provincia de Buenos Aires<\/strong>. Su imagen, emplazada frente a\u00a0<strong>Plaza Moreno\u00a0<\/strong>y en pleno centro geogr\u00e1fico del trazado fundacional de la capital bonaerense, forma parte inseparable de la identidad de nuestra ciudad\u201d, se\u00f1al\u00f3\u00a0<strong>Leguizam\u00f3n\u00a0<\/strong>en los fundamentos del escrito que ingres\u00f3 a la Legislatura, conforme indic\u00f3 Diputados Bonaerenses.<\/p>\n<p>En ese sentido, el dirigente platense de\u00a0<strong>Hechos &#8211; UCR Identidad\u00a0<\/strong>destac\u00f3 la <strong>\u201csingular repercusi\u00f3n nacional e internacional\u201d que tuvo la\u00a0Catedral de La Plata<\/strong>\u00a0al consagrarse como la ganadora del denominado <strong>\u201cMundial de Catedrales\u201d<\/strong> que realiz\u00f3 la cuenta\u00a0<strong>Documentales de Bolsillo<\/strong>\u00a0durante tres semanas, y que enfrent\u00f3 a algunos de los templos religiosos m\u00e1s reconocidos y admirados del mundo.\u00a0(Ver nota <a href=\"https:\/\/www.visionweb.com.ar\/?p=22300\">https:\/\/www.visionweb.com.ar\/?p=22300<\/a>).<\/p>\n<p>Seg\u00fan los <strong>fundamentos del proyecto<\/strong> de Leguizam\u00f3n la Catedral emplazada en el centro del casco urbano de la Capital bonaerense se impuso frente a edificios reconocidos del patrimonio arquitect\u00f3nico mundial, entre ellos\u00a0<strong>Notre Dame de Par\u00eds<\/strong>, el\u00a0<strong>Duomo de Mil\u00e1n\u00a0<\/strong>y la\u00a0<strong>Catedral de Colonia<\/strong>, antes de llegar a la final contra\u00a0<strong>Santa Mar\u00eda del Fiore<\/strong>, considerada en la iniciativa como una de las obras fundamentales de la arquitectura renacentista italiana.<\/p>\n<p>En la definici\u00f3n, la\u00a0<strong>Catedral de La Plata\u00a0<\/strong>obtuvo aproximadamente <strong>el 93 % de los votos<\/strong>, frente al 7 % alcanzado por el templo de\u00a0<strong>Florencia<\/strong>, un resultado que, de acuerdo con el escrito de\u00a0<strong>Leguizam\u00f3n<\/strong>, estuvo acompa\u00f1ado por una participaci\u00f3n masiva de vecinos y usuarios que difundieron im\u00e1genes del edificio y convocaron a votar a trav\u00e9s de las redes sociales.<\/p>\n<p>\u201cLa magnitud del resultado estuvo acompa\u00f1ada por una extraordinaria participaci\u00f3n de vecinos, usuarios y personas que, desde distintos lugares, se sumaron a una iniciativa que comenz\u00f3 como una competencia en redes sociales y <strong>termin\u00f3 transform\u00e1ndose en una verdadera expresi\u00f3n colectiva de pertenencia e identidad<\/strong>. M\u00e1s all\u00e1 del car\u00e1cter informal y digital del certamen, <strong>su repercusi\u00f3n constituye una oportunidad para volver a poner en valor uno de los bienes culturales y arquitect\u00f3nicos m\u00e1s importantes de nuestra Provincia\u201d, expuso\u00a0Leguizam\u00f3n.<\/strong><\/p>\n<p><img loading=\"lazy\" decoding=\"async\" class=\"size-medium wp-image-22301 alignleft\" src=\"https:\/\/www.visionweb.com.ar\/wp-content\/uploads\/2026\/08\/catedral-la-plata-203x300.png\" alt=\"\" width=\"203\" height=\"300\" srcset=\"https:\/\/www.visionweb.com.ar\/wp-content\/uploads\/2026\/08\/catedral-la-plata-203x300.png 203w, https:\/\/www.visionweb.com.ar\/wp-content\/uploads\/2026\/08\/catedral-la-plata.png 279w\" sizes=\"auto, (max-width: 203px) 100vw, 203px\" \/>En ese sentido, el\u00a0<strong>senador bonaerense\u00a0<\/strong>remarc\u00f3 que la historia de la\u00a0<strong>Catedral de La Plata<\/strong>\u00a0est\u00e1 estrechamente vinculada con la propia historia de la ciudad, ya que su piedra fundamental fue colocada en 1884, apenas dos a\u00f1os despu\u00e9s de la fundaci\u00f3n de la urbe, y su concepci\u00f3n form\u00f3 parte del extraordinario proyecto urbano mediante el cual se planific\u00f3 la nueva capital de la\u00a0<strong>provincia de Buenos Aires<\/strong>.<\/p>\n<p>No obstante, <strong>el proyecto<\/strong> de\u00a0<strong>Leguizam\u00f3n\u00a0<\/strong>plantea que la\u00a0<strong>Catedral de La Plata\u00a0<\/strong>excede su dimensi\u00f3n arquitect\u00f3nica y constituye un espacio religioso, cultural y comunitario que acompa\u00f1\u00f3 durante generaciones la vida de los habitantes de la ciudad, adem\u00e1s de integrar, junto con\u00a0<strong>Plaza Moreno<\/strong>, el\u00a0<strong>Palacio Municipal<\/strong>, las diagonales y otros edificios fundacionales, el patrimonio material e inmaterial de la regi\u00f3n.<\/p>\n<p>\u201cLa repercusi\u00f3n alcanzada por el\u00a0<strong>Mundial de Catedrales\u00a0<\/strong>volvi\u00f3 a demostrar adem\u00e1s la profunda identificaci\u00f3n de los platenses con su ciudad. Miles de personas participaron activamente de cada una de las instancias, difundieron im\u00e1genes de la\u00a0<strong>Catedral de La Plata<\/strong>, convocaron a acompa\u00f1arla y transformaron una votaci\u00f3n inicialmente recreativa en una manifestaci\u00f3n espont\u00e1nea de orgullo y pertenencia\u201d, enfatiz\u00f3 el dirigente bonaerense.<\/p>\n<p>Para\u00a0<strong>Leguizam\u00f3n<\/strong>, esa circunstancia representa una nueva oportunidad para <strong>fortalecer la promoci\u00f3n de\u00a0La Plata\u00a0como destino tur\u00edstico, hist\u00f3rico, arquitect\u00f3nico y cultural<\/strong>.<\/p>\n<p>\u201cLa Catedral recibe visitantes provenientes de distintos puntos del pa\u00eds y del extranjero, y posee un enorme potencial como elemento central de una estrategia destinada a difundir el patrimonio de la capital bonaerense\u201d, destac\u00f3 el senador de la provincia de Buenos Aires.<\/p>\n<p>La Catedral de La Plata fue dise\u00f1ada por el <strong>arquitecto Pedro Benoit<\/strong> en un estilo neog\u00f3tico, inspirado en iglesias alemanas, pero con una fuerte impronta nacional, incorporando a este estilo im\u00e1genes y materiales de la regi\u00f3n. Su construcci\u00f3n llev\u00f3 varios a\u00f1os hasta su finalizaci\u00f3n en\u00a0<strong>1932<\/strong>. Ese a\u00f1o, y con motivo del 50\u00b0 aniversario de la fundaci\u00f3n de la Ciudad de La Plata, se celebr\u00f3 la primera misa en el recinto.<\/p>\n<p>En\u00a0<strong>1996<\/strong>, 64 a\u00f1os despu\u00e9s de la primera misa, comenzaron las tareas de restauraci\u00f3n y construcci\u00f3n de las torres. Esta tarea tuvo como objetivo principal finalizar la construcci\u00f3n que hab\u00eda proyectado iniicialmente Benoit en 1884. La remodelaci\u00f3n fue finalizada en 1999. <strong>(VW)<\/strong><\/p>\n","protected":false},"excerpt":{"rendered":"<p>Marcelo Leguizam\u00f3n busca que la Legislatura bonaerense reconozca a la Catedral de La Plata, luego de ganar la competencia internacional. \u201cEsta repercusi\u00f3n constituye una oportunidad para volver a poner en valor uno de los&#46;&#46;&#46;<\/p>\n","protected":false},"author":4,"featured_media":22436,"comment_status":"closed","ping_status":"closed","sticky":false,"template":"","format":"standard","meta":{"_monsterinsights_skip_tracking":false,"_monsterinsights_sitenote_active":false,"_monsterinsights_sitenote_note":"","_monsterinsights_sitenote_category":0,"footnotes":""},"categories":[8],"tags":[3224,9103,9566,1953,4117],"class_list":["post-22435","post","type-post","status-publish","format-standard","has-post-thumbnail","hentry","category-interes-general","tag-catedral-de-la-plata","tag-marcelo-leguizamon","tag-mundial-de-catedrales","tag-proyecto","tag-reconocimiento"],"_links":{"self":[{"href":"https:\/\/www.visionweb.com.ar\/index.php?rest_route=\/wp\/v2\/posts\/22435","targetHints":{"allow":["GET"]}}],"collection":[{"href":"https:\/\/www.visionweb.com.ar\/index.php?rest_route=\/wp\/v2\/posts"}],"about":[{"href":"https:\/\/www.visionweb.com.ar\/index.php?rest_route=\/wp\/v2\/types\/post"}],"author":[{"embeddable":true,"href":"https:\/\/www.visionweb.com.ar\/index.php?rest_route=\/wp\/v2\/users\/4"}],"replies":[{"embeddable":true,"href":"https:\/\/www.visionweb.com.ar\/index.php?rest_route=%2Fwp%2Fv2%2Fcomments&post=22435"}],"version-history":[{"count":1,"href":"https:\/\/www.visionweb.com.ar\/index.php?rest_route=\/wp\/v2\/posts\/22435\/revisions"}],"predecessor-version":[{"id":22437,"href":"https:\/\/www.visionweb.com.ar\/index.php?rest_route=\/wp\/v2\/posts\/22435\/revisions\/22437"}],"wp:featuredmedia":[{"embeddable":true,"href":"https:\/\/www.visionweb.com.ar\/index.php?rest_route=\/wp\/v2\/media\/22436"}],"wp:attachment":[{"href":"https:\/\/www.visionweb.com.ar\/index.php?rest_route=%2Fwp%2Fv2%2Fmedia&parent=22435"}],"wp:term":[{"taxonomy":"category","embeddable":true,"href":"https:\/\/www.visionweb.com.ar\/index.php?rest_route=%2Fwp%2Fv2%2Fcategories&post=22435"},{"taxonomy":"post_tag","embeddable":true,"href":"https:\/\/www.visionweb.com.ar\/index.php?rest_route=%2Fwp%2Fv2%2Ftags&post=22435"}],"curies":[{"name":"wp","href":"https:\/\/api.w.org\/{rel}","templated":true}]}}