{"id":22432,"date":"2026-09-04T13:15:24","date_gmt":"2026-09-04T16:15:24","guid":{"rendered":"https:\/\/www.visionweb.com.ar\/?p=22432"},"modified":"2026-09-04T13:15:24","modified_gmt":"2026-09-04T16:15:24","slug":"balladares-revalidamos-al-empresario-argentino-que-genera-trabajo-y-valor-agregado","status":"publish","type":"post","link":"https:\/\/www.visionweb.com.ar\/?p=22432","title":{"rendered":"Balladares: \u201cRevalidamos al empresario argentino que genera trabajo y valor agregado\u201d"},"content":{"rendered":"<p><em><strong>Agust\u00edn Balladares, recorri\u00f3 una hist\u00f3rica empresa de instalaci\u00f3n de ascensores en el D\u00eda de la Industria Nacional. \u201cTenemos desaf\u00edos para asumir, junto a los distintos eslabones del Estado, respecto de la definici\u00f3n de una matriz productiva que genere trabajo, ingresos, identidad y comunidad\u201d, dijo.<\/strong><\/em><!--more--><\/p>\n<p><strong>\u00a0\u00a0 <img loading=\"lazy\" decoding=\"async\" class=\"size-medium wp-image-22433 alignright\" src=\"https:\/\/www.visionweb.com.ar\/wp-content\/uploads\/2026\/09\/balladares-industrias-300x251.png\" alt=\"\" width=\"300\" height=\"251\" srcset=\"https:\/\/www.visionweb.com.ar\/wp-content\/uploads\/2026\/09\/balladares-industrias-300x251.png 300w, https:\/\/www.visionweb.com.ar\/wp-content\/uploads\/2026\/09\/balladares-industrias.png 494w\" sizes=\"auto, (max-width: 300px) 100vw, 300px\" \/>\u00a0\u00a0\u00a0\u00a0 E<\/strong>n el marco del\u00a0<strong>D\u00eda de la Industria Nacional<\/strong>, celebrado el pasado 2 de septiembre, el expresidente del Honorable Concejo Deliberante de <strong>Lan\u00fas\u00a0<\/strong>y <strong>actual asesor del Ministerio de Gobierno de la provincia de Buenos Aires<\/strong>, <strong>Agust\u00edn Balladares<\/strong>, visit\u00f3 la firma<strong> FEMYP S.R.L. <\/strong>ubicada en\u00a0<strong>Lan\u00fas Oeste<\/strong>, una industria consolidada como referente en el desarrollo y refacci\u00f3n de ascensores y escaleras mec\u00e1nicas, con m\u00e1s de 30 a\u00f1os de trayectoria en el sector.<\/p>\n<p><strong>Balladares\u00a0<\/strong>fue recibido por el presidente de la empresa,\u00a0<strong>Vicente Such<\/strong>, para recorrer juntos las instalaciones de la compa\u00f1\u00eda lanusense que brinda servicios de instalaci\u00f3n y mantenimiento de ascensores para edificios residenciales y comerciales.<\/p>\n<p>Seg\u00fan dej\u00f3 trascender el ex edil, el encuentro con la firma fue oportuno para charlar sobre <strong>la realidad del sector en particular y del empresariado argentino en general<\/strong>, en tiempos extremadamente dif\u00edciles, dadas las pol\u00edticas econ\u00f3micas llevadas adelante por el Gobierno nacional, inform\u00f3 Diputados Bonaerenses.<\/p>\n<p>\u201cLe agradezco a\u00a0Such\u00a0por llevar adelante con vocaci\u00f3n nacional esta empresa que es modelo en nuestra Patria, y tuvo sus comienzos en nuestro querido municipio de Lan\u00fas.\u00a0<strong>En el D\u00eda de la Industria Nacional revalidamos al empresario argentino que genera trabajo y valor agregado<\/strong>\u201d, expres\u00f3\u00a0<strong>Balladares\u00a0<\/strong>al final del recorrido por la f\u00e1brica.<\/p>\n<p>Con referencia a las pol\u00edticas que impulsa el Gobierno nacional de Milei, el dirigente peronista esboz\u00f3: \u201cHoy la econom\u00eda hace que cada vez sean m\u00e1s las industrias que cierren. Necesitamos revertir esto y poner al trabajo argentino en el centro\u201d. Adem\u00e1s, el dirigente municipal se refiri\u00f3 a las condiciones y herramientas que un Gobierno de\u00a0Lan\u00fas\u00a0puede propiciar para que las compa\u00f1\u00edas locales se mantengan en pie.<\/p>\n<p>\u201cDesde los Estados locales tambi\u00e9n tenemos desaf\u00edos para asumir, junto a los distintos eslabones del Estado, respecto de la <strong>definici\u00f3n de una matriz productiva que genere trabajo, ingresos, identidad y comunidad<\/strong>\u201d, complet\u00f3 el dirigente peronista oriundo de\u00a0Lan\u00fas.<\/p>\n<p>Por \u00faltimo,\u00a0Balladares\u00a0consider\u00f3 \u201cnecesario e imprescindible establecer una educaci\u00f3n t\u00e9cnica y de oficios coordinada con esa matriz productiva\u201d, con el objetivo de <strong>formar a los j\u00f3venes y trabajadores para las necesidades reales de cada territorio<\/strong>, como as\u00ed tambi\u00e9n pensar <strong>pol\u00edticas impositivas que acompa\u00f1en, promuevan y fortalezcan a aquellos empresarios<\/strong> que quienes invierten, producen y generan empleo. <strong>(VW)<\/strong><\/p>\n","protected":false},"excerpt":{"rendered":"<p>Agust\u00edn Balladares, recorri\u00f3 una hist\u00f3rica empresa de instalaci\u00f3n de ascensores en el D\u00eda de la Industria Nacional. \u201cTenemos desaf\u00edos para asumir, junto a los distintos eslabones del Estado, respecto de la definici\u00f3n de una&#46;&#46;&#46;<\/p>\n","protected":false},"author":4,"featured_media":22433,"comment_status":"closed","ping_status":"closed","sticky":false,"template":"","format":"standard","meta":{"_monsterinsights_skip_tracking":false,"_monsterinsights_sitenote_active":false,"_monsterinsights_sitenote_note":"","_monsterinsights_sitenote_category":0,"footnotes":""},"categories":[4],"tags":[4707,8102,9616],"class_list":["post-22432","post","type-post","status-publish","format-standard","has-post-thumbnail","hentry","category-politica","tag-agustin-balladares","tag-dia-de-la-industria","tag-industrias-de-lanus"],"_links":{"self":[{"href":"https:\/\/www.visionweb.com.ar\/index.php?rest_route=\/wp\/v2\/posts\/22432","targetHints":{"allow":["GET"]}}],"collection":[{"href":"https:\/\/www.visionweb.com.ar\/index.php?rest_route=\/wp\/v2\/posts"}],"about":[{"href":"https:\/\/www.visionweb.com.ar\/index.php?rest_route=\/wp\/v2\/types\/post"}],"author":[{"embeddable":true,"href":"https:\/\/www.visionweb.com.ar\/index.php?rest_route=\/wp\/v2\/users\/4"}],"replies":[{"embeddable":true,"href":"https:\/\/www.visionweb.com.ar\/index.php?rest_route=%2Fwp%2Fv2%2Fcomments&post=22432"}],"version-history":[{"count":1,"href":"https:\/\/www.visionweb.com.ar\/index.php?rest_route=\/wp\/v2\/posts\/22432\/revisions"}],"predecessor-version":[{"id":22434,"href":"https:\/\/www.visionweb.com.ar\/index.php?rest_route=\/wp\/v2\/posts\/22432\/revisions\/22434"}],"wp:featuredmedia":[{"embeddable":true,"href":"https:\/\/www.visionweb.com.ar\/index.php?rest_route=\/wp\/v2\/media\/22433"}],"wp:attachment":[{"href":"https:\/\/www.visionweb.com.ar\/index.php?rest_route=%2Fwp%2Fv2%2Fmedia&parent=22432"}],"wp:term":[{"taxonomy":"category","embeddable":true,"href":"https:\/\/www.visionweb.com.ar\/index.php?rest_route=%2Fwp%2Fv2%2Fcategories&post=22432"},{"taxonomy":"post_tag","embeddable":true,"href":"https:\/\/www.visionweb.com.ar\/index.php?rest_route=%2Fwp%2Fv2%2Ftags&post=22432"}],"curies":[{"name":"wp","href":"https:\/\/api.w.org\/{rel}","templated":true}]}}