{"id":22430,"date":"2026-09-04T13:02:17","date_gmt":"2026-09-04T16:02:17","guid":{"rendered":"https:\/\/www.visionweb.com.ar\/?p=22430"},"modified":"2026-09-04T13:02:17","modified_gmt":"2026-09-04T16:02:17","slug":"luego-del-paro-los-gremios-universitarios-se-encaminan-a-una-nueva-marcha-federal","status":"publish","type":"post","link":"https:\/\/www.visionweb.com.ar\/?p=22430","title":{"rendered":"Luego del paro, los gremios universitarios se encaminan a una nueva marcha federal"},"content":{"rendered":"<p><em><strong>Para fines de septiembre habr\u00eda una nueva Marcha Federal Universitaria. Mientras, la pr\u00f3xima semana habr\u00eda nuevas medidas de fuerza para visibilizar el conflicto. Los sindicatos de base realizar\u00e1n asambleas jueves y viernes.<\/strong><\/em><!--more--><\/p>\n<p><strong>\u00a0 <img loading=\"lazy\" decoding=\"async\" class=\"size-medium wp-image-17511 alignright\" src=\"https:\/\/www.visionweb.com.ar\/wp-content\/uploads\/2025\/03\/UNIVERSIDADES-300x169.png\" alt=\"\" width=\"300\" height=\"169\" srcset=\"https:\/\/www.visionweb.com.ar\/wp-content\/uploads\/2025\/03\/UNIVERSIDADES-300x169.png 300w, https:\/\/www.visionweb.com.ar\/wp-content\/uploads\/2025\/03\/UNIVERSIDADES.png 640w\" sizes=\"auto, (max-width: 300px) 100vw, 300px\" \/>\u00a0\u00a0\u00a0 T<\/strong>ras rechazar el aumento del 3 % que ofreci\u00f3 el gobierno nacional a los gremios universitarios, los docentes\u00a0<strong>concretaron un paro de actividades el mi\u00e9rcoles 2 de septiembre<\/strong>\u00a0con gran acatamiento en todo el pa\u00eds y definir\u00e1n la realizaci\u00f3n de una nueva\u00a0<strong>Marcha Federal Universitaria, a la vez que<\/strong> <strong>nuevas medidas de fuerza.<\/strong><\/p>\n<p>La <strong>Federaci\u00f3n Nacional de Docentes Universitarios (CONADU)<\/strong> definir\u00e1 en las pr\u00f3ximas horas\u00a0<strong>nuevas acciones de protesta a concretarse la pr\u00f3xima semana\u00a0<\/strong>y la construcci\u00f3n de una nueva Marcha Federal hacia fines de septiembre o comienzos de octubre.<\/p>\n<p>Los sindicatos de base realizar\u00e1n este jueves y viernes asambleas y consultas para definir la continuidad del plan de lucha.<\/p>\n<p>De manera un\u00e1nime, el\u00a0<strong>Frente Sindical Universitario rechaz\u00f3 \u201cel vergonzoso aumento del 3 % que ofreci\u00f3 el Gobierno nacional\u201d<\/strong> <strong>plantearon los docentes tras la reuni\u00f3n paritaria con funcionarios del Ministerio de Capital Humano, realizada el 1\u00ba de septiembre<\/strong>\u00a0y llam\u00f3 a un paro total de actividades que se realiz\u00f3 el pasado mi\u00e9rcoles 2 de septiembre.<\/p>\n<p>La reuni\u00f3n estuvo encabezada por el subsecretario de Pol\u00edticas Universitarias, Alejandro \u00c1lvarez, quien expuso los lineamientos de\u00a0<strong>la oferta oficial, que estipula un aumento del 3 %<\/strong>\u00a0en las remuneraciones correspondientes al mes de septiembre. Asimismo, ratific\u00f3 la vigencia del incremento del 3 % fijado para octubre, porcentaje acordado y comprometido formalmente en las mesas de negociaci\u00f3n de junio pasado.<\/p>\n<p><strong>Clara Chevalier<\/strong>, secretaria General de <strong>CONADU<\/strong>, sostuvo que <strong>\u201cno fue una oferta, fue una provocaci\u00f3n\u00bb<\/strong>, y asever\u00f3 que asistieron a la convocatoria a paritarias \u00abcon la determinaci\u00f3n de recuperar lo perdido\u00bb. Los gremios consideran que\u00a0<strong>la deuda es del 31,2 %, m\u00e1s agosto, m\u00e1s los salarios adeudados y el abordaje del Fondo Nacional de Incentivo Docente (FONID)<\/strong>. En esa l\u00ednea, indicaron que \u00abla \u00fanica resoluci\u00f3n del conflicto es con el cumplimiento irrestricto de la Ley de Financiamiento Universitario\u00bb.<\/p>\n<p>La comitiva docente estuvo integrada por los representantes gremiales de las organizaciones\u00a0<strong>Fagdut<\/strong>,\u00a0<strong>UDA<\/strong>, Conadu, Conadu Hist\u00f3rica,\u00a0<strong>Fedun<\/strong>, as\u00ed como tambi\u00e9n por el presidente del<strong>\u00a0CIN<\/strong>,\u00a0<strong>Franco Bartolacci<\/strong>.<\/p>\n<p>Seg\u00fan el Gobierno, su \u201cpropuesta de recomposici\u00f3n salarial se inscribe en el marco del esfuerzo financiero continuo del Gobierno nacional para el sostenimiento del sistema de educaci\u00f3n superior. Las partidas consolidadas para las universidades nacionales representan una de las mayores erogaciones directas del presupuesto nacional\u201d. Por delante,\u00a0<strong>la Subsecretar\u00eda de Pol\u00edticas Universitarias promovi\u00f3 la reanudaci\u00f3n de las negociaciones para el jueves 17<\/strong>.<\/p>\n<p>En paralelo, el juez federal Mart\u00edn Cormick\u00a0<strong>le dio al Ejecutivo un plazo de tres d\u00edas<\/strong>\u00a0para presentar un informe que documente el grado de cumplimiento de la Ley de Financiamiento Universitario, dieron cuenta desde los gremios. <strong>(VW)<\/strong><\/p>\n","protected":false},"excerpt":{"rendered":"<p>Para fines de septiembre habr\u00eda una nueva Marcha Federal Universitaria. Mientras, la pr\u00f3xima semana habr\u00eda nuevas medidas de fuerza para visibilizar el conflicto. Los sindicatos de base realizar\u00e1n asambleas jueves y viernes.<\/p>\n","protected":false},"author":4,"featured_media":17511,"comment_status":"closed","ping_status":"closed","sticky":false,"template":"","format":"standard","meta":{"_monsterinsights_skip_tracking":false,"_monsterinsights_sitenote_active":false,"_monsterinsights_sitenote_note":"","_monsterinsights_sitenote_category":0,"footnotes":""},"categories":[3,4],"tags":[5142,8149,4796,9615],"class_list":["post-22430","post","type-post","status-publish","format-standard","has-post-thumbnail","hentry","category-actualidad","category-politica","tag-conadu","tag-marcha-federal-universitaria","tag-medidas-de-fuerza","tag-reclamo-universitarios"],"_links":{"self":[{"href":"https:\/\/www.visionweb.com.ar\/index.php?rest_route=\/wp\/v2\/posts\/22430","targetHints":{"allow":["GET"]}}],"collection":[{"href":"https:\/\/www.visionweb.com.ar\/index.php?rest_route=\/wp\/v2\/posts"}],"about":[{"href":"https:\/\/www.visionweb.com.ar\/index.php?rest_route=\/wp\/v2\/types\/post"}],"author":[{"embeddable":true,"href":"https:\/\/www.visionweb.com.ar\/index.php?rest_route=\/wp\/v2\/users\/4"}],"replies":[{"embeddable":true,"href":"https:\/\/www.visionweb.com.ar\/index.php?rest_route=%2Fwp%2Fv2%2Fcomments&post=22430"}],"version-history":[{"count":1,"href":"https:\/\/www.visionweb.com.ar\/index.php?rest_route=\/wp\/v2\/posts\/22430\/revisions"}],"predecessor-version":[{"id":22431,"href":"https:\/\/www.visionweb.com.ar\/index.php?rest_route=\/wp\/v2\/posts\/22430\/revisions\/22431"}],"wp:featuredmedia":[{"embeddable":true,"href":"https:\/\/www.visionweb.com.ar\/index.php?rest_route=\/wp\/v2\/media\/17511"}],"wp:attachment":[{"href":"https:\/\/www.visionweb.com.ar\/index.php?rest_route=%2Fwp%2Fv2%2Fmedia&parent=22430"}],"wp:term":[{"taxonomy":"category","embeddable":true,"href":"https:\/\/www.visionweb.com.ar\/index.php?rest_route=%2Fwp%2Fv2%2Fcategories&post=22430"},{"taxonomy":"post_tag","embeddable":true,"href":"https:\/\/www.visionweb.com.ar\/index.php?rest_route=%2Fwp%2Fv2%2Ftags&post=22430"}],"curies":[{"name":"wp","href":"https:\/\/api.w.org\/{rel}","templated":true}]}}