{"id":22423,"date":"2026-09-03T14:43:11","date_gmt":"2026-09-03T17:43:11","guid":{"rendered":"https:\/\/www.visionweb.com.ar\/?p=22423"},"modified":"2026-09-03T14:43:11","modified_gmt":"2026-09-03T17:43:11","slug":"se-viene-la-primera-peregrinacion-de-veteranos-de-guerra-de-malvinas-a-lujan","status":"publish","type":"post","link":"https:\/\/www.visionweb.com.ar\/?p=22423","title":{"rendered":"Se viene la Primera Peregrinaci\u00f3n de Veteranos de Guerra de Malvinas a Luj\u00e1n"},"content":{"rendered":"<p><em><strong>El evento ser\u00e1 el pr\u00f3ximo domingo 20 de septiembre y est\u00e1n convocados los excombatientes de todo el pa\u00eds. \u00abPara que nuestros h\u00e9roes caminen acompa\u00f1ados por el pueblo al que defendieron, y que la fe que los sostuvo en 1982 nos permita encontrarnos unidos en la casa de nuestra Madre\u00bb.<\/strong><\/em><!--more--><\/p>\n<p><strong> <img loading=\"lazy\" decoding=\"async\" class=\"size-medium wp-image-22424 alignright\" src=\"https:\/\/www.visionweb.com.ar\/wp-content\/uploads\/2026\/09\/a-lujan-veteranos-malvinas-240x300.png\" alt=\"\" width=\"240\" height=\"300\" srcset=\"https:\/\/www.visionweb.com.ar\/wp-content\/uploads\/2026\/09\/a-lujan-veteranos-malvinas-240x300.png 240w, https:\/\/www.visionweb.com.ar\/wp-content\/uploads\/2026\/09\/a-lujan-veteranos-malvinas.png 420w\" sizes=\"auto, (max-width: 240px) 100vw, 240px\" \/>\u00a0\u00a0\u00a0 E<\/strong>l pr\u00f3ximo domingo 20 de septiembre se llevar\u00e1 a cabo\u00a0<strong>la Primera Peregrinaci\u00f3n de Veteranos de Guerra de Malvinas a la Bas\u00edlica de Luj\u00e1n,<\/strong>\u00a0un evento especial para <strong>honrar a los h\u00e9roes ca\u00eddos en combate, a quienes regresaron y ya no est\u00e1n, y reconocer a quienes sostienen la lucha por la causa desde 1982<\/strong>.<\/p>\n<p><strong>Organizada por el Municipio y las organizaciones que nuclean a los excombatientes, familiares y reclutas<\/strong>, la peregrinaci\u00f3n propone un encuentro con la Virgen de Luj\u00e1n en la Bas\u00edlica, imagen mariana patrona de los argentinos, quien fue en los d\u00edas oscuros de la guerra el amparo de los soldados y quien uni\u00f3 a todo el pa\u00eds en oraci\u00f3n.<\/p>\n<p>Asimismo, la Virgen tambi\u00e9n fue s\u00edmbolo de la resistencia frente a las invasiones inglesas en 1806, cuando Luj\u00e1n se convirti\u00f3 en el \u201chito cero de la argentinidad\u201d, siendo localidad protagonista de la expulsi\u00f3n extranjera en el episodio denominado Reconquista de Buenos Aires, indic\u00f3 Agencia DIB.<\/p>\n<p><strong>Imagen recuperada<\/strong><\/p>\n<p><strong>La imagen de la Virgen\u00a0<\/strong>que acompa\u00f1\u00f3 a los soldados en el frente de batalla fue robada, llevada al Reino Unido y, en 2019, recuperada y devuelta al pa\u00eds, tras la gesti\u00f3n diplom\u00e1tica del Papa Francisco, quien la bendijo.<\/p>\n<p>Esa misma imagen, s\u00edntesis\u00a0<strong>simb\u00f3lica, espiritual y material\u00a0<\/strong>muy importante para quienes estuvieron en suelo austral durante el conflicto b\u00e9lico, ser\u00e1 la que reciba esta peregrinaci\u00f3n en su Altar Mayor.<\/p>\n<p><strong>Cronograma de Actividades<\/strong><\/p>\n<ul>\n<li><strong>9.30: Encuentro y Camarader\u00eda en el Complejo Monumental Malvinas Argentinas.<\/strong><\/li>\n<li><strong>10.30: Izamiento del Pabell\u00f3n Nacional Rotonda Ana de Matos.<\/strong><\/li>\n<li><strong>10.35: Minuto de Silencio en honor a los ca\u00eddos en la Guerra de Malvinas.<\/strong><\/li>\n<li><strong>10.40: Peregrinaci\u00f3n hacia Plaza Belgrano, desde rotonda Ana de Matos.<\/strong><\/li>\n<li><strong>11.15: Acto oficial frente al Cabildo.<\/strong><\/li>\n<li><strong>13: Misa de los Veteranos de Guerra de Malvinas.<\/strong><\/li>\n<\/ul>\n<p><strong>Invitaci\u00f3n a la comunidad<\/strong><\/p>\n<p>Desde el municipio de Luj\u00e1n extendieron la convocatoria para participar de la\u00a0<strong>Primera Peregrinaci\u00f3n de Veteranos de Malvinas\u00a0<\/strong>a las organizaciones de todo el pa\u00eds vinculadas con esta gesta, <strong>\u00abpara que nuestros h\u00e9roes caminen acompa\u00f1ados por el pueblo al que defendieron, y que la fe que los sostuvo en 1982 nos permita encontrarnos unidos en la casa de nuestra Madre\u00bb.<\/strong><\/p>\n<p>La Primera Peregrinaci\u00f3n de Veteranos de Guerra de Malvinas se realizar\u00e1 el pr\u00f3ximo domingo 20 de septiembre<strong>. (VW)<\/strong><\/p>\n<p>&nbsp;<\/p>\n","protected":false},"excerpt":{"rendered":"<p>El evento ser\u00e1 el pr\u00f3ximo domingo 20 de septiembre y est\u00e1n convocados los excombatientes de todo el pa\u00eds. \u00abPara que nuestros h\u00e9roes caminen acompa\u00f1ados por el pueblo al que defendieron, y que la fe&#46;&#46;&#46;<\/p>\n","protected":false},"author":4,"featured_media":22424,"comment_status":"closed","ping_status":"closed","sticky":false,"template":"","format":"standard","meta":{"_monsterinsights_skip_tracking":false,"_monsterinsights_sitenote_active":false,"_monsterinsights_sitenote_note":"","_monsterinsights_sitenote_category":0,"footnotes":""},"categories":[8,5],"tags":[9612],"class_list":["post-22423","post","type-post","status-publish","format-standard","has-post-thumbnail","hentry","category-interes-general","category-sociedad","tag-primera-peregrinacion-a-lujan-veteranos-de-malvinas"],"_links":{"self":[{"href":"https:\/\/www.visionweb.com.ar\/index.php?rest_route=\/wp\/v2\/posts\/22423","targetHints":{"allow":["GET"]}}],"collection":[{"href":"https:\/\/www.visionweb.com.ar\/index.php?rest_route=\/wp\/v2\/posts"}],"about":[{"href":"https:\/\/www.visionweb.com.ar\/index.php?rest_route=\/wp\/v2\/types\/post"}],"author":[{"embeddable":true,"href":"https:\/\/www.visionweb.com.ar\/index.php?rest_route=\/wp\/v2\/users\/4"}],"replies":[{"embeddable":true,"href":"https:\/\/www.visionweb.com.ar\/index.php?rest_route=%2Fwp%2Fv2%2Fcomments&post=22423"}],"version-history":[{"count":1,"href":"https:\/\/www.visionweb.com.ar\/index.php?rest_route=\/wp\/v2\/posts\/22423\/revisions"}],"predecessor-version":[{"id":22425,"href":"https:\/\/www.visionweb.com.ar\/index.php?rest_route=\/wp\/v2\/posts\/22423\/revisions\/22425"}],"wp:featuredmedia":[{"embeddable":true,"href":"https:\/\/www.visionweb.com.ar\/index.php?rest_route=\/wp\/v2\/media\/22424"}],"wp:attachment":[{"href":"https:\/\/www.visionweb.com.ar\/index.php?rest_route=%2Fwp%2Fv2%2Fmedia&parent=22423"}],"wp:term":[{"taxonomy":"category","embeddable":true,"href":"https:\/\/www.visionweb.com.ar\/index.php?rest_route=%2Fwp%2Fv2%2Fcategories&post=22423"},{"taxonomy":"post_tag","embeddable":true,"href":"https:\/\/www.visionweb.com.ar\/index.php?rest_route=%2Fwp%2Fv2%2Ftags&post=22423"}],"curies":[{"name":"wp","href":"https:\/\/api.w.org\/{rel}","templated":true}]}}