{"id":22417,"date":"2026-09-03T08:48:19","date_gmt":"2026-09-03T11:48:19","guid":{"rendered":"https:\/\/www.visionweb.com.ar\/?p=22417"},"modified":"2026-09-03T08:48:19","modified_gmt":"2026-09-03T11:48:19","slug":"ia-y-algoritmos-el-desafio-laboral-que-se-aproxima","status":"publish","type":"post","link":"https:\/\/www.visionweb.com.ar\/?p=22417","title":{"rendered":"IA y algoritmos: el desaf\u00edo laboral que se aproxima"},"content":{"rendered":"<p><em><strong>A principios del 2026, Mercado Libre realiz\u00f3 una modificaci\u00f3n en su planta de empleados en la regi\u00f3n, que incluy\u00f3 el despido de 32 empleados en Argentina.\u00a0<\/strong><\/em><!--more--><\/p>\n<p class=\"wp-block-paragraph\">La\u00a0<strong>inteligencia artificial<\/strong>\u00a0y el avance tecnol\u00f3gico\u00a0<strong>no s\u00f3lo transforman el mundo del trabajo, tambi\u00e9n la vida cotidiana<\/strong>. Antes, pedirle a un algoritmo que realizara un cronograma de tareas o que escribiera una letra de una canci\u00f3n era impensado, pero ahora es posible. Y seg\u00fan afirman los especialistas la diferencia con respecto a otras transformaciones es que afecta principalmente a las tareas intelectuales no manuales, que antes ten\u00edan menos probabilidad de ser reemplazadas.<\/p>\n<p class=\"wp-block-paragraph\">Esto expone los trabajos de oficina, por ejemplo. En efecto, la IA avanza una gran velocidad y podr\u00eda <strong>transformar el mundo laboral m\u00e1s pronto de lo que se espera<\/strong>.<\/p>\n<p class=\"wp-block-paragraph\">Como todos los progresos de la historia, la discusi\u00f3n vuelve al mismo epicentro: c\u00f3mo se implementan estas modificaciones y si tienen en cuenta a los actores involucrados en el camino como, por ejemplo, los trabajadores.<\/p>\n<p class=\"wp-block-paragraph\">\u00a0<strong>\u201cA diferencia de otras revoluciones, como la industrial cuyos cambios se dieron m\u00e1s espaciados a trav\u00e9s de los a\u00f1os, la IA va a un ritmo acelerado\u201d<\/strong>, compar\u00f3 el director del Laboratorio de Inteligencia Artificial de la Universidad Torcuato Di Tella,\u00a0<strong>Agust\u00edn Gravano<\/strong>.<\/p>\n<p class=\"wp-block-paragraph\">Seg\u00fan \u00e9l, hay \u201cpreocupaci\u00f3n\u201d por los cambios que se generan en el mercado laboral porque conlleva tambi\u00e9n a la\u00a0<strong>creaci\u00f3n de otras profesiones<\/strong>, \u201ccomo ocurri\u00f3 a lo largo de la historia\u201d.<\/p>\n<p class=\"wp-block-paragraph\">A principios del 2026, Mercado Libre realiz\u00f3 una modificaci\u00f3n en su planta de empleados en la regi\u00f3n, que incluy\u00f3 el despido de 32 empleados en Argentina.<\/p>\n<p class=\"wp-block-paragraph\"><strong>Esos trabajadores hab\u00edan entrenado a sistemas de inteligencia artificial, y fueron reemplazados por esos mismos algoritmos<\/strong>. Lo parad\u00f3jico es que justamente se encargan de guiar la experiencia del usuario- un \u00e1rea en donde el contacto con un asistente real es importante-, ahora est\u00e1\u00a0<strong>automatizado<\/strong>.<\/p>\n<p class=\"wp-block-paragraph\">En di\u00e1logo con\u00a0<strong>AUNO<\/strong>, el director del Observatorio de Trabajo Inform\u00e1tico (OTI),\u00a0<strong>Esteban Sargiotto<\/strong>, enfatiz\u00f3 que dado el impacto que puede tener en el mundo laboral\u00a0<strong>es \u201cnecesario discutir qu\u00e9 pasa con la productividad\u201d<\/strong>\u00a0-en relaci\u00f3n al rendimiento diario de los trabajadores- mientras que si se aplica en el Estado \u201chay que discutir la soberan\u00eda\u201d.<\/p>\n<p class=\"wp-block-paragraph\">En este sentido, advirti\u00f3 que \u201ca veces se pierde de vista\u201d la discusi\u00f3n y se termina hablando de la tecnolog\u00eda, cuando en realidad es que \u201cesto es\u00a0<strong>instrumento de una pol\u00edtica<\/strong>\u201d.<\/p>\n<p class=\"wp-block-paragraph\">Para Sargiotto, hay una alineaci\u00f3n con la pol\u00edtica exterior de Estados Unidos: \u201cAc\u00e1 hay que ganar un avatar geopol\u00edtico\u201d. A su vez opin\u00f3 que contrariamente a lo que se afirma\u00a0<strong>\u201cla IA est\u00e1 regulada, pero por estos empresarios internacionales que orientan las prioridades\u201d<\/strong>.<\/p>\n<p class=\"wp-block-paragraph\"><strong>LOS EMPLEOS PERJUDICADOS<\/strong><\/p>\n<p class=\"wp-block-paragraph\">En cuanto a los empleos que podr\u00edan verse m\u00e1s perjudicados por la automatizaci\u00f3n de tareas de la IA a nivel mundial, el especialista destac\u00f3 los administrativos y\u00a0<strong>de oficina<\/strong>, y las que incluyen las actividades cognitivas, como el\u00a0<strong>periodismo<\/strong>, los\u00a0<strong>dise\u00f1adores gr\u00e1ficos<\/strong>\u00a0y el \u00e1rea de\u00a0<strong>inform\u00e1tica<\/strong>\u00a0en la cual \u201cque impacta de lleno\u201d.<\/p>\n<p class=\"wp-block-paragraph\">Detall\u00f3 que en cuanto a las actividades cognitivas y de uso intelectual, \u201cse est\u00e1n resolviendo problemas interesantes como los matem\u00e1ticos abiertos, y de investigaci\u00f3n cient\u00edfica\u201d.<\/p>\n<p class=\"wp-block-paragraph\">Un informe de la <strong>Organizaci\u00f3n Internacional del Trabajo (OIT)<\/strong>\u00a0revel\u00f3 que los pa\u00edses m\u00e1s avanzados son m\u00e1s proclives a adoptar procesos de automatizaci\u00f3n con IA y rob\u00f3tica, lo que\u00a0<strong>afectar\u00eda los patrones de empleo y productividad<\/strong>. Y en estos casos,\u00a0<strong>las mujeres se ver\u00edan m\u00e1s afectadas porque podr\u00eda perjudicar los empleos administrativos y de oficina<\/strong>, que son la puerta de entrada y de perspectiva laboral que tiene el empleo femenino.<\/p>\n<p class=\"wp-block-paragraph\">Tambi\u00e9n,\u00a0<strong>los m\u00e1s j\u00f3venes estar\u00edan m\u00e1s expuestos<\/strong>\u00a0porque los puestos de nivel inicial en\u00a0<strong>sectores altamente digitalizados<\/strong>\u00a0son clave para el avance en el desarrollo de su carrera y crecimiento profesional.<\/p>\n<p class=\"wp-block-paragraph\"><strong>Sargiotto ejemplific\u00f3 con el \u00e1rea de inform\u00e1tica<\/strong>, en la cual se transformaron un mont\u00f3n de tareas:\u00a0<strong>\u201cVolvi\u00f3 extremadamente productivos a los trabajadores seniors\u201d<\/strong>, y agreg\u00f3 que frente a esto las empresas \u201cya no necesitan trabajadores menos experimentados o juniors\u201d.<\/p>\n<p class=\"wp-block-paragraph\">Por otro lado, reconoci\u00f3 que \u201chay cuestiones en que la IA es de gran utilidad. Por ejemplo, en el trabajo de un abogado, y partes repetitivas que te ayuda. Hay algunas tareas mec\u00e1nicas en donde est\u00e1 involucrada la IA que tambi\u00e9n te ayuda\u201d.<\/p>\n<p class=\"wp-block-paragraph\"><strong>\u201cEL PROBLEMA ES LA DELEGACI\u00d3N\u201d<\/strong><\/p>\n<p class=\"wp-block-paragraph\">Semanas atr\u00e1s, en su primera enc\u00edclica\u00a0<em>\u201cMagn\u00edfica Humanitas\u201d<\/em>, el\u00a0<strong>papa Le\u00f3n XIV<\/strong>\u00a0consider\u00f3 que no se puede considerar a la IA \u201ccomo moralmente neutra\u201d y literalmente llam\u00f3 a\u00a0<strong>\u201cdesarmar la IA para impedirle el dominio sobre lo humano\u201d<\/strong>.<\/p>\n<p class=\"wp-block-paragraph\">A su vez, responsabiliz\u00f3 directamente a las grandes corporaciones y actores tecnol\u00f3gicos, que son quienes \u201cdeterminan las condiciones de acceso\u201d.<\/p>\n<p class=\"wp-block-paragraph\">En este sentido,\u00a0<strong>Gravano se\u00f1al\u00f3 que el problema central es la \u201cdelegaci\u00f3n\u201d<\/strong>\u00a0en la toma de decisiones y en la ejecuci\u00f3n de acciones y\u00a0<strong>\u201cel poder que se le da a un sistema automatizado con IA\u201d<\/strong>.<\/p>\n<p class=\"wp-block-paragraph\">Por su parte y en referencia a la menci\u00f3n del pont\u00edfice sobre el uso de la IA como uso en la guerra, Sargiotto se\u00f1al\u00f3 que adem\u00e1s de eso est\u00e1 el \u201criesgo existencial\u201d y puso de ejemplo el caso de\u00a0<strong><em>Mitos, el modelo que cre\u00f3 Antropic<\/em><\/strong>\u00a0para la ciberseguridad e investigaci\u00f3n biol\u00f3gica. Advirti\u00f3 que es \u201cextremadamente bueno\u201d porque puede \u201chackear hospitales, bancos y ej\u00e9rcitos y no s\u00f3lo eso sino que est\u00e1 a un pasito de poder hackear un sistema super seguro para tirar bombas\u201d.<\/p>\n<p class=\"wp-block-paragraph\">En este sentido, Gravano recalc\u00f3 que \u201cla tecnolog\u00eda va a seguir avanzando, pero\u00a0<strong>tienen que estar muy bien informados los que toman esas decisiones respecto a que delegar y que no\u00bb(VW).<\/strong><\/p>\n<p><strong>Informe especial elaborado por Agencia AUNO (Sociales UNLZ)<\/strong><\/p>\n<p>&nbsp;<\/p>\n","protected":false},"excerpt":{"rendered":"<p>A principios del 2026, Mercado Libre realiz\u00f3 una modificaci\u00f3n en su planta de empleados en la regi\u00f3n, que incluy\u00f3 el despido de 32 empleados en Argentina.\u00a0<\/p>\n","protected":false},"author":3,"featured_media":22418,"comment_status":"closed","ping_status":"closed","sticky":false,"template":"","format":"standard","meta":{"_monsterinsights_skip_tracking":false,"_monsterinsights_sitenote_active":false,"_monsterinsights_sitenote_note":"","_monsterinsights_sitenote_category":0,"footnotes":""},"categories":[7],"tags":[],"class_list":["post-22417","post","type-post","status-publish","format-standard","has-post-thumbnail","hentry","category-educacion-y-cultura"],"_links":{"self":[{"href":"https:\/\/www.visionweb.com.ar\/index.php?rest_route=\/wp\/v2\/posts\/22417","targetHints":{"allow":["GET"]}}],"collection":[{"href":"https:\/\/www.visionweb.com.ar\/index.php?rest_route=\/wp\/v2\/posts"}],"about":[{"href":"https:\/\/www.visionweb.com.ar\/index.php?rest_route=\/wp\/v2\/types\/post"}],"author":[{"embeddable":true,"href":"https:\/\/www.visionweb.com.ar\/index.php?rest_route=\/wp\/v2\/users\/3"}],"replies":[{"embeddable":true,"href":"https:\/\/www.visionweb.com.ar\/index.php?rest_route=%2Fwp%2Fv2%2Fcomments&post=22417"}],"version-history":[{"count":1,"href":"https:\/\/www.visionweb.com.ar\/index.php?rest_route=\/wp\/v2\/posts\/22417\/revisions"}],"predecessor-version":[{"id":22419,"href":"https:\/\/www.visionweb.com.ar\/index.php?rest_route=\/wp\/v2\/posts\/22417\/revisions\/22419"}],"wp:featuredmedia":[{"embeddable":true,"href":"https:\/\/www.visionweb.com.ar\/index.php?rest_route=\/wp\/v2\/media\/22418"}],"wp:attachment":[{"href":"https:\/\/www.visionweb.com.ar\/index.php?rest_route=%2Fwp%2Fv2%2Fmedia&parent=22417"}],"wp:term":[{"taxonomy":"category","embeddable":true,"href":"https:\/\/www.visionweb.com.ar\/index.php?rest_route=%2Fwp%2Fv2%2Fcategories&post=22417"},{"taxonomy":"post_tag","embeddable":true,"href":"https:\/\/www.visionweb.com.ar\/index.php?rest_route=%2Fwp%2Fv2%2Ftags&post=22417"}],"curies":[{"name":"wp","href":"https:\/\/api.w.org\/{rel}","templated":true}]}}