{"id":22414,"date":"2026-09-03T08:31:04","date_gmt":"2026-09-03T11:31:04","guid":{"rendered":"https:\/\/www.visionweb.com.ar\/?p=22414"},"modified":"2026-09-03T08:31:04","modified_gmt":"2026-09-03T11:31:04","slug":"para-la-uia-la-industria-le-esta-poniendo-el-hombro-en-la-estabilizacion","status":"publish","type":"post","link":"https:\/\/www.visionweb.com.ar\/?p=22414","title":{"rendered":"Para la UIA, \u00abla industria le est\u00e1 poniendo el hombro en la estabilizaci\u00f3n"},"content":{"rendered":"<p><em><strong>Con m\u00e1s cr\u00edticas y que apoyos, Mart\u00edn Rappallini, presidente de la UIA tuvo a cargo el discurso del D\u00eda de la Industria. Afirm\u00f3 que si bien se perdieron 90 mil puestos de trabajo desde 2022, la nueva legislaci\u00f3n laboral es \u201cun punto de partida.<\/strong><\/em><!--more--><\/p>\n<article class=\"article-body article-body--second-paragraph\">\n<p id=\"p-1788365858514-64809\"><img loading=\"lazy\" decoding=\"async\" class=\"size-medium wp-image-22415 alignright\" src=\"https:\/\/www.visionweb.com.ar\/wp-content\/uploads\/2026\/09\/MARTIN-RAPPALLINI-300x158.png\" alt=\"\" width=\"300\" height=\"158\" srcset=\"https:\/\/www.visionweb.com.ar\/wp-content\/uploads\/2026\/09\/MARTIN-RAPPALLINI-300x158.png 300w, https:\/\/www.visionweb.com.ar\/wp-content\/uploads\/2026\/09\/MARTIN-RAPPALLINI.png 640w\" sizes=\"auto, (max-width: 300px) 100vw, 300px\" \/>En el marco del \u00abD\u00eda de la Industria\u00bb, el presidente de la Uni\u00f3n Industrial Argentina (UIA), Mart\u00edn Rappallini, eligi\u00f3\u00a0 este 2 de septiembre el laboratorio Biog\u00e9nesis &#8211; Bag\u00f3, propiedad de Hugo Sigman, (uno de los principales accionistas) y no por casual, porque la industria farmac\u00e9utica invierte m\u00e1s de US$300 millones anuales, <strong>emplea a m\u00e1s de 48.000 personas\u00a0<\/strong>de manera directa y a 120.000 de forma indirecta, produce medicamentos por unos US$19.000 millones y exporta m\u00e1s de US$1500 millones al a\u00f1o, seg\u00fan asegur\u00f3 Rappallini.<\/p>\n<\/article>\n<article class=\"article-body article-body--second-paragraph\">\n<p id=\"p-1788365858514-98398\">Luego de informar que la industria argentina\u00a0<strong>perdi\u00f3 90.000 asalariados desde 2022<\/strong>, Rappallini admiti\u00f3 que el sector enfrenta un \u201ctriple desaf\u00edo\u201d:\u00a0<strong>recuperar actividad, adaptarse a una competencia internacional m\u00e1s agresiva y reducir costos<\/strong>. En ese sentido, asegur\u00f3 que \u201cla industria le est\u00e1 poniendo el hombro en la estabilizaci\u00f3n\u201d, por eso pidi\u00f3 baja de impuestos, mejora en las tarifas de servicios y cr\u00e9ditos accesibles, sin comprometer el orden fiscal.<\/p>\n<\/article>\n<article class=\"article-body article-body--second-paragraph\">\n<p id=\"p-1788365858514-52639\">Si bien Rappallini\u00a0<strong>respald\u00f3 el RIGI y el S\u00faper RIGI<\/strong>\u00a0-\u201cgeneran condiciones competitivas para que las grandes inversiones puedan desarrollarse\u201d- reclam\u00f3 que se extienda al resto de la industria para que pueda competir en igualdad de condiciones. Al respecto,\u00a0<strong>pidi\u00f3 que Vaca Muerta funcione tambi\u00e9n como plataforma para exportar producci\u00f3n industrial y no solo energ\u00eda<\/strong>, en particular para las pymes.<\/p>\n<\/article>\n<article class=\"article-body article-body--third-paragraph\">\n<h4 id=\"p-1788365858514-24259\">La industria y el futuro del pa\u00eds<\/h4>\n<p id=\"p-1788365858514-79671\">Tambi\u00e9n fueron parte del discurso del presidente de la UIA<strong>\u00a0la morosidad, la infraestructura y la modernizaci\u00f3n laboral<\/strong>, \u00edtem este \u00faltimo en el que elogi\u00f3 la nueva legislaci\u00f3n como \u201cun punto de partida\u201d.<\/p>\n<p id=\"p-1788365858514-81639\">La conclusi\u00f3n de Rappallini fue que \u201cla discusi\u00f3n industrial no es una discusi\u00f3n sectorial. Lo que hoy estamos discutiendo es\u00a0<strong>qu\u00e9 pa\u00eds construiremos para los pr\u00f3ximos 30 a\u00f1os<\/strong>\u201d.<\/p>\n<p data-type=\"Segment\" data-start=\"22.12\" data-segment-label=\"00:22\" data-speaker-name=\"| Speaker 1\" data-rt-id=\"b0H903\" data-rt-kind=\"1\" data-rt-type=\"Paragraph\"><strong>Aclara la UIA<\/strong><\/p>\n<p data-type=\"Segment\" data-start=\"22.12\" data-segment-label=\"00:22\" data-speaker-name=\"| Speaker 1\" data-rt-id=\"b0H903\" data-rt-kind=\"1\" data-rt-type=\"Paragraph\">Por otra parte, la UIA difundi\u00f3 un comunicado en el que advirti\u00f3 que las cr\u00edticas del vicepresidente de la central fabril, Guillermo Moretti a\u00a0 al ministro de Econom\u00eda, Luis Caputo, durante los festejos del D\u00eda de la Industria.<\/p>\n<p>En un comunicado, Rappallini remarc\u00f3 que su discurso representa la posici\u00f3n institucional de la entidad y diferenci\u00f3 las declaraciones de Moretti como una postura personal.<\/p>\n<p><em>\u201cEl discurso que pronunci\u00e9 hoy expresa la posici\u00f3n institucional de la Uni\u00f3n Industrial Argentina. Fue presentado y conversado previamente en el Comit\u00e9 Ejecutivo y tuvo un consenso un\u00e1nime en los presentes. Como presidente de la UIA, mi responsabilidad es representar ese consenso\u201d,<\/em> afirm\u00f3 en el texto difundido tras el acto realizado en la planta del laboratorio Elea, en Malvinas Argentinas.<\/p>\n<p>Las declaraciones que motivaron la respuesta del titular de la UIA, quien envi\u00f3 una carta firmada a la prensa, se produjeron en la ma\u00f1ana del mi\u00e9rcoles, antes de que comenzara la celebraci\u00f3n por el D\u00eda de la Industria. Moretti, vicepresidente de la entidad e integrante de la Federaci\u00f3n Industrial de Santa Fe, hab\u00eda cuestionado con dureza la gesti\u00f3n econ\u00f3mica del Gobierno en declaraciones a El Destape Radio.<\/p>\n<p><em>\u201cEsta gente no conoce el pa\u00eds y no conoce lo que es la industria, no tiene idea. Estamos manejados por Rivadavia II. Estamos manejados por un endeudador, un trader que no sabe lo que es un torno\u201d, dijo Moretti, en referencia al ministro de Econom\u00eda. El dirigente tambi\u00e9n apunt\u00f3 contra la evoluci\u00f3n patrimonial del funcionario: \u201cS\u00ed debe saber mucho de finanzas porque sus finanzas personales aumentaron en un a\u00f1o un 37% en d\u00f3lares. Y a la Argentina en ese a\u00f1o la endeud\u00f3\u201d.<\/em><\/p>\n<p data-type=\"Segment\" data-start=\"22.12\" data-segment-label=\"00:22\" data-speaker-name=\"| Speaker 1\" data-rt-id=\"b0H903\" data-rt-kind=\"1\" data-rt-type=\"Paragraph\">Moretti sostuvo adem\u00e1s que el Gobierno lleva adelante \u201cuna pol\u00edtica de desindustrializaci\u00f3n\u201d y vincul\u00f3 el desarrollo de la industria con el funcionamiento de las escuelas t\u00e9cnicas, las universidades, el Consejo Nacional de Investigaciones Cient\u00edficas y T\u00e9cnicas (CONICET) y el Instituto Nacional de Tecnolog\u00eda Industrial (INTI). \u201cNo puede haber industria si vos no ten\u00e9s escuelas t\u00e9cnicas, no puede haber industria si vos no ten\u00e9s universidades\u201d, Se\u00f1al\u00f3<strong>(VW\/NAP)<\/strong><\/p>\n<\/article>\n","protected":false},"excerpt":{"rendered":"<p>Con m\u00e1s cr\u00edticas y que apoyos, Mart\u00edn Rappallini, presidente de la UIA tuvo a cargo el discurso del D\u00eda de la Industria. Afirm\u00f3 que si bien se perdieron 90 mil puestos de trabajo desde&#46;&#46;&#46;<\/p>\n","protected":false},"author":3,"featured_media":22415,"comment_status":"closed","ping_status":"closed","sticky":false,"template":"","format":"standard","meta":{"_monsterinsights_skip_tracking":false,"_monsterinsights_sitenote_active":false,"_monsterinsights_sitenote_note":"","_monsterinsights_sitenote_category":0,"footnotes":""},"categories":[4],"tags":[325,9609,1162,1774],"class_list":["post-22414","post","type-post","status-publish","format-standard","has-post-thumbnail","hentry","category-politica","tag-criticas","tag-rappallini","tag-respaldo","tag-uia"],"_links":{"self":[{"href":"https:\/\/www.visionweb.com.ar\/index.php?rest_route=\/wp\/v2\/posts\/22414","targetHints":{"allow":["GET"]}}],"collection":[{"href":"https:\/\/www.visionweb.com.ar\/index.php?rest_route=\/wp\/v2\/posts"}],"about":[{"href":"https:\/\/www.visionweb.com.ar\/index.php?rest_route=\/wp\/v2\/types\/post"}],"author":[{"embeddable":true,"href":"https:\/\/www.visionweb.com.ar\/index.php?rest_route=\/wp\/v2\/users\/3"}],"replies":[{"embeddable":true,"href":"https:\/\/www.visionweb.com.ar\/index.php?rest_route=%2Fwp%2Fv2%2Fcomments&post=22414"}],"version-history":[{"count":1,"href":"https:\/\/www.visionweb.com.ar\/index.php?rest_route=\/wp\/v2\/posts\/22414\/revisions"}],"predecessor-version":[{"id":22416,"href":"https:\/\/www.visionweb.com.ar\/index.php?rest_route=\/wp\/v2\/posts\/22414\/revisions\/22416"}],"wp:featuredmedia":[{"embeddable":true,"href":"https:\/\/www.visionweb.com.ar\/index.php?rest_route=\/wp\/v2\/media\/22415"}],"wp:attachment":[{"href":"https:\/\/www.visionweb.com.ar\/index.php?rest_route=%2Fwp%2Fv2%2Fmedia&parent=22414"}],"wp:term":[{"taxonomy":"category","embeddable":true,"href":"https:\/\/www.visionweb.com.ar\/index.php?rest_route=%2Fwp%2Fv2%2Fcategories&post=22414"},{"taxonomy":"post_tag","embeddable":true,"href":"https:\/\/www.visionweb.com.ar\/index.php?rest_route=%2Fwp%2Fv2%2Ftags&post=22414"}],"curies":[{"name":"wp","href":"https:\/\/api.w.org\/{rel}","templated":true}]}}