{"id":22412,"date":"2026-09-02T11:33:22","date_gmt":"2026-09-02T14:33:22","guid":{"rendered":"https:\/\/www.visionweb.com.ar\/?p=22412"},"modified":"2026-09-02T11:33:22","modified_gmt":"2026-09-02T14:33:22","slug":"ate-hara-paro-jueves-y-viernes-con-protestas-en-aeropuertos-de-todo-el-pais","status":"publish","type":"post","link":"https:\/\/www.visionweb.com.ar\/?p=22412","title":{"rendered":"ATE har\u00e1 paro jueves y viernes con protestas en aeropuertos de todo el pa\u00eds"},"content":{"rendered":"<p><em><strong>Los vuelos podr\u00edan afectarse durante los dos d\u00edas de protestas en 27 aeropuertos. Habr\u00e1 paros, movilizaciones y asamblea, tras el fracaso de la negociaci\u00f3n paritaria. \u00abSi se producen demoras o cancelaciones,\u00a0no ser\u00e1 por culpa de los trabajadores\u201d, dijo Aguiar.\u00a0<\/strong><\/em><!--more--><\/p>\n<p><img loading=\"lazy\" decoding=\"async\" class=\"size-medium wp-image-13818 alignright\" src=\"https:\/\/www.visionweb.com.ar\/wp-content\/uploads\/2024\/03\/aerolineas-300x249.png\" alt=\"\" width=\"300\" height=\"249\" srcset=\"https:\/\/www.visionweb.com.ar\/wp-content\/uploads\/2024\/03\/aerolineas-300x249.png 300w, https:\/\/www.visionweb.com.ar\/wp-content\/uploads\/2024\/03\/aerolineas.png 393w\" sizes=\"auto, (max-width: 300px) 100vw, 300px\" \/>\u00a0\u00a0\u00a0\u00a0 <strong>T<\/strong>ras el <strong>fracaso en las negociaciones paritarias<\/strong>, la <strong>Asociaci\u00f3n de Trabajadores del Estado (ATE)<\/strong> anunci\u00f3 que el <strong>jueves 3 y el viernes 4<\/strong> de septiembre realizar\u00e1 una serie de\u00a0<strong>protestas<\/strong>\u00a0<strong>en los 27 aeropuertos de la Argentina, lo que podr\u00eda afectar vuelos.<\/strong><\/p>\n<p>Las protestas se realizar\u00e1n este jueves y viernes en dos franjas horarias:<strong>\u00a0de 9 a 12 y de 18 a 21<\/strong>. Durante esos lapsos de tiempo,\u00a0<strong>s\u00f3lo se garantizar\u00e1n vuelos sanitarios, humanitarios,\u00a0<\/strong>traslado de \u00f3rganos y oficiales, detall\u00f3 ATE.<\/p>\n<p>El gremio reclama\u00a0<strong>el pago de los salarios de acuerdo a los aumentos acordados\u00a0<\/strong>correspondientes a <strong>\u00edtems extra paritarios<\/strong>, la apertura de la paritaria sectorial, el financiamiento para tareas operativas y la <strong>fiscalizaci\u00f3n en aeropuertos<\/strong>.<\/p>\n<p>\u00abSi se producen demoras o cancelaciones,<strong>\u00a0no ser\u00e1 por culpa de los trabajadores.<\/strong>\u00a0Hemos comunicado la medida de fuerza con suficiente antelaci\u00f3n para que el Gobierno pudiera responder a cada una de nuestras demandas y eso hasta ahora no sucedi\u00f3\u00bb, se\u00f1al\u00f3\u00a0<strong>Rodolfo Aguiar,<\/strong>\u00a0secretario general de ATE Nacional. Y agreg\u00f3 que los<strong>\u00a0\u201csalarios se encuentran absolutamente deteriorados\u201d.<\/strong><\/p>\n<p>\u201c<strong>Desde enero, el Gobierno viene incumpliendo con los acuerdos paritarios<\/strong>\u00a0y adem\u00e1s ha desfinanciado las \u00e1reas operativas y de fiscalizaci\u00f3n en todos los aeropuertos\u201d, asegur\u00f3 Aguiar, quien advirti\u00f3 que si no se abren canales de di\u00e1logo, \u00abel conflicto se va a profundizar\u00bb.<\/p>\n<p><strong><img loading=\"lazy\" decoding=\"async\" class=\"size-medium wp-image-13000 alignleft\" src=\"https:\/\/www.visionweb.com.ar\/wp-content\/uploads\/2023\/12\/ate-rodolfo-aguiar-300x211.png\" alt=\"\" width=\"300\" height=\"211\" srcset=\"https:\/\/www.visionweb.com.ar\/wp-content\/uploads\/2023\/12\/ate-rodolfo-aguiar-300x211.png 300w, https:\/\/www.visionweb.com.ar\/wp-content\/uploads\/2023\/12\/ate-rodolfo-aguiar.png 476w\" sizes=\"auto, (max-width: 300px) 100vw, 300px\" \/>La respuesta del Gobierno a ATE<\/strong><\/p>\n<p>Desde el <strong>Gobierno<\/strong> lanzaron una respuesta tras el anuncio de medidas de fuerza de ATE en los aeropuertos y <strong>recordaron que la actividad aeron\u00e1utica es \u00abun servicio esencial\u00bb<\/strong>.<\/p>\n<p>En ese sentido, indicaron en un comunicado que \u00abla medida anunciada por ATE ANAC para los d\u00edas jueves 3 y viernes 4 de septiembre se encuentra bajo an\u00e1lisis por parte de las autoridades competentes\u00bb.<\/p>\n<p>\u00abCabe recordar que\u00a0<strong>la actividad aeron\u00e1utica constituye un servicio esencial, por lo que cualquier medida de fuerza debe ajustarse a los par\u00e1metros legales exigidos<\/strong>\u00a0y establecidos para garantizar la prestaci\u00f3n m\u00ednima correspondiente\u00bb, resalt\u00f3 sobre las condiciones que debe cumplir la medida de protesta.<\/p>\n<p>Aseguraron, adem\u00e1s, que ahora se est\u00e1 evaluando el alcance y las condiciones de las medidas anunciadas por ATE. \u00abNo corresponde anticipar una afectaci\u00f3n generalizada de los vuelos ni dar por hecho que habr\u00e1 cancelaciones\u00bb, subrayaron, contra el tono del comunicado. <strong>(VW)<\/strong><\/p>\n<p>&nbsp;<\/p>\n","protected":false},"excerpt":{"rendered":"<p>Los vuelos podr\u00edan afectarse durante los dos d\u00edas de protestas en 27 aeropuertos. Habr\u00e1 paros, movilizaciones y asamblea, tras el fracaso de la negociaci\u00f3n paritaria. \u00abSi se producen demoras o cancelaciones,\u00a0no ser\u00e1 por culpa&#46;&#46;&#46;<\/p>\n","protected":false},"author":4,"featured_media":13818,"comment_status":"closed","ping_status":"closed","sticky":false,"template":"","format":"standard","meta":{"_monsterinsights_skip_tracking":false,"_monsterinsights_sitenote_active":false,"_monsterinsights_sitenote_note":"","_monsterinsights_sitenote_category":0,"footnotes":""},"categories":[4],"tags":[3053,2719,9607,9608],"class_list":["post-22412","post","type-post","status-publish","format-standard","has-post-thumbnail","hentry","category-politica","tag-aeropuertos","tag-ate","tag-fracaso-paritarias","tag-paro-y-movilizaciones"],"_links":{"self":[{"href":"https:\/\/www.visionweb.com.ar\/index.php?rest_route=\/wp\/v2\/posts\/22412","targetHints":{"allow":["GET"]}}],"collection":[{"href":"https:\/\/www.visionweb.com.ar\/index.php?rest_route=\/wp\/v2\/posts"}],"about":[{"href":"https:\/\/www.visionweb.com.ar\/index.php?rest_route=\/wp\/v2\/types\/post"}],"author":[{"embeddable":true,"href":"https:\/\/www.visionweb.com.ar\/index.php?rest_route=\/wp\/v2\/users\/4"}],"replies":[{"embeddable":true,"href":"https:\/\/www.visionweb.com.ar\/index.php?rest_route=%2Fwp%2Fv2%2Fcomments&post=22412"}],"version-history":[{"count":1,"href":"https:\/\/www.visionweb.com.ar\/index.php?rest_route=\/wp\/v2\/posts\/22412\/revisions"}],"predecessor-version":[{"id":22413,"href":"https:\/\/www.visionweb.com.ar\/index.php?rest_route=\/wp\/v2\/posts\/22412\/revisions\/22413"}],"wp:featuredmedia":[{"embeddable":true,"href":"https:\/\/www.visionweb.com.ar\/index.php?rest_route=\/wp\/v2\/media\/13818"}],"wp:attachment":[{"href":"https:\/\/www.visionweb.com.ar\/index.php?rest_route=%2Fwp%2Fv2%2Fmedia&parent=22412"}],"wp:term":[{"taxonomy":"category","embeddable":true,"href":"https:\/\/www.visionweb.com.ar\/index.php?rest_route=%2Fwp%2Fv2%2Fcategories&post=22412"},{"taxonomy":"post_tag","embeddable":true,"href":"https:\/\/www.visionweb.com.ar\/index.php?rest_route=%2Fwp%2Fv2%2Ftags&post=22412"}],"curies":[{"name":"wp","href":"https:\/\/api.w.org\/{rel}","templated":true}]}}