{"id":22410,"date":"2026-09-02T09:34:30","date_gmt":"2026-09-02T12:34:30","guid":{"rendered":"https:\/\/www.visionweb.com.ar\/?p=22410"},"modified":"2026-09-02T09:34:30","modified_gmt":"2026-09-02T12:34:30","slug":"el-gobierno-nacional-subio-el-salario-minimo-por-decreto-cuanto-se-actualizara-por-mes","status":"publish","type":"post","link":"https:\/\/www.visionweb.com.ar\/?p=22410","title":{"rendered":"El Gobierno nacional subi\u00f3 el salario m\u00ednimo por decreto: cu\u00e1nto se actualizar\u00e1 por mes"},"content":{"rendered":"<p><em><strong>Defini\u00f3 por resoluci\u00f3n los montos mensuales para empleados alcanzados por la ley laboral, el trabajo agrario y organismos del Estado nacional.<\/strong><\/em><!--more--><\/p>\n<p><img loading=\"lazy\" decoding=\"async\" class=\"size-medium wp-image-19690 alignleft\" src=\"https:\/\/www.visionweb.com.ar\/wp-content\/uploads\/2025\/12\/banco-prov-suc-salliquelo-300x179.png\" alt=\"\" width=\"300\" height=\"179\" srcset=\"https:\/\/www.visionweb.com.ar\/wp-content\/uploads\/2025\/12\/banco-prov-suc-salliquelo-300x179.png 300w, https:\/\/www.visionweb.com.ar\/wp-content\/uploads\/2025\/12\/banco-prov-suc-salliquelo.png 646w\" sizes=\"auto, (max-width: 300px) 100vw, 300px\" \/>El Gobierno fij\u00f3 un nuevo esquema de actualizaciones del<strong>\u00a0Salario M\u00ednimo, Vital y M\u00f3vil (SMVM)<\/strong>\u00a0que regir\u00e1 a partir de septiembre de 2026 y se extender\u00e1 hasta abril de 2027. La medida, publicada este mi\u00e9rcoles en el Bolet\u00edn Oficial, se dio de manera unilateral tras el fracaso en la negociaci\u00f3n entre sindicatos y empleadores.<\/p>\n<article class=\"article-body article-body--second-paragraph\">\n<p id=\"p-1788346927273-33845\">A partir de\u00a0<strong>septiembre<\/strong>, el ingreso m\u00ednimo pasa a $383.800, mientras que en\u00a0<strong>octubre\u00a0<\/strong>se ubicar\u00e1 en $391.200, en\u00a0<strong>noviembre\u00a0<\/strong>en $398.800 y en\u00a0<strong>diciembre\u00a0<\/strong>en $406.400. Desde el pr\u00f3ximo a\u00f1o, el salario ser\u00e1 de $414.200 en\u00a0<strong>enero<\/strong>, $422.000 en\u00a0<strong>febrero<\/strong>, $429.600 en\u00a0<strong>marzo\u00a0<\/strong>y $437.000 en\u00a0<strong>abril<\/strong>.<\/p>\n<\/article>\n<article class=\"article-body article-body--second-paragraph\">\n<p id=\"p-1788346927273-79763\">En el caso de los trabajadores jornalizados, la actualizaci\u00f3n tambi\u00e9n qued\u00f3 escalonada. Para este a\u00f1o, el valor de la hora se estableci\u00f3 en\u00a0<strong>$1.919 en septiembre<\/strong>,\u00a0<strong>$1.956 en octubre<\/strong>,\u00a0<strong>$1.994 en noviembre<\/strong>,\u00a0<strong>$2.032 en diciembre<\/strong>. Mientras tanto, pasar\u00e1 a ser de\u00a0<strong>$2.071 en enero<\/strong>,\u00a0<strong>$2.110 en febrero<\/strong>,\u00a0<strong>$2.148 en marzo<\/strong>\u00a0y\u00a0<strong>$2.185 en abril<\/strong>.<\/p>\n<\/article>\n<article class=\"article-body article-body--second-paragraph\">\n<p id=\"p-1788346927273-22195\">A su vez, la resoluci\u00f3n tambi\u00e9n sujeta una\u00a0<strong>actualizaci\u00f3n\u00a0<\/strong>del mecanismo de la\u00a0<strong>prestaci\u00f3n por desempleo<\/strong>, que ser\u00e1 equivalente al\u00a0<strong>75% del salario mensual neto m\u00e1s alto<\/strong>\u00a0que el trabajador haya percibido en los seis meses previos al final de la relaci\u00f3n laboral. Adem\u00e1s, contar\u00e1 con un piso y un tope directamente vinculados al SMVM:\u00a0<strong>en ning\u00fan caso podr\u00e1 ser inferior al 50% del salario m\u00ednimo vigente<\/strong>\u00a0ni superior al 100%.<\/p>\n<\/article>\n<article class=\"article-body article-body--third-paragraph\">\n<p id=\"p-1788346927273-51818\">La medida fue firmada por\u00a0<strong>Claudia Silvana Testa<\/strong>, en su car\u00e1cter de presidenta alterna del Consejo Nacional del Empleo, la Productividad y el Salario M\u00ednimo, Vital y M\u00f3vil, y alcanza a los trabajadores comprendidos en la\u00a0<strong>Ley de Contrato de Trabajo 20.744<\/strong>, el\u00a0<strong>R\u00e9gimen de Trabajo Agrario<\/strong>, la<strong>\u00a0Administraci\u00f3n P\u00fablica Nacional<\/strong>\u00a0y los organismos y entidades del Estado nacional que act\u00faen como empleadores.<\/p>\n<p id=\"p-1788346927273-6042\">La \u00faltima negociaci\u00f3n por el salario m\u00ednimo, que en\u00a0<strong>agosto\u00a0<\/strong>fue de\u00a0<strong>$376.600<\/strong>, se hizo\u00a0el viernes pasado y volvi\u00f3 a mostrar discrepancias entre\u00a0<strong>sindicatos (ped\u00edan llevar a $993.000 en diciembre<\/strong>), empresarios y el Gobierno para definir un valor que impacta de manera directa sobre los ingresos de los trabajadores m\u00e1s rezagados del mercado laboral.<\/p>\n<p id=\"p-1788346927273-99389\">La reuni\u00f3n termin\u00f3 otra vez sin acuerdo y dej\u00f3, en los hechos, la definici\u00f3n final en manos del Poder Ejecutivo, como ocurre desde hace m\u00e1s de dos a\u00f1os.<\/p>\n<p id=\"p-1788346927273-43249\">El\u00a0<strong>SMVM<\/strong> establece el ingreso b\u00e1sico que debe percibir un trabajador por una jornada legal completa y, al mismo tiempo, funciona como referencia para la actualizaci\u00f3n de programas sociales, prestaciones y subsidios.<strong>(VW)<\/strong><\/p>\n<\/article>\n","protected":false},"excerpt":{"rendered":"<p>Defini\u00f3 por resoluci\u00f3n los montos mensuales para empleados alcanzados por la ley laboral, el trabajo agrario y organismos del Estado nacional.<\/p>\n","protected":false},"author":3,"featured_media":19690,"comment_status":"closed","ping_status":"closed","sticky":false,"template":"","format":"standard","meta":{"_monsterinsights_skip_tracking":false,"_monsterinsights_sitenote_active":false,"_monsterinsights_sitenote_note":"","_monsterinsights_sitenote_category":0,"footnotes":""},"categories":[8],"tags":[3585,56,9606],"class_list":["post-22410","post","type-post","status-publish","format-standard","has-post-thumbnail","hentry","category-interes-general","tag-minimo","tag-salarios","tag-semestre"],"_links":{"self":[{"href":"https:\/\/www.visionweb.com.ar\/index.php?rest_route=\/wp\/v2\/posts\/22410","targetHints":{"allow":["GET"]}}],"collection":[{"href":"https:\/\/www.visionweb.com.ar\/index.php?rest_route=\/wp\/v2\/posts"}],"about":[{"href":"https:\/\/www.visionweb.com.ar\/index.php?rest_route=\/wp\/v2\/types\/post"}],"author":[{"embeddable":true,"href":"https:\/\/www.visionweb.com.ar\/index.php?rest_route=\/wp\/v2\/users\/3"}],"replies":[{"embeddable":true,"href":"https:\/\/www.visionweb.com.ar\/index.php?rest_route=%2Fwp%2Fv2%2Fcomments&post=22410"}],"version-history":[{"count":1,"href":"https:\/\/www.visionweb.com.ar\/index.php?rest_route=\/wp\/v2\/posts\/22410\/revisions"}],"predecessor-version":[{"id":22411,"href":"https:\/\/www.visionweb.com.ar\/index.php?rest_route=\/wp\/v2\/posts\/22410\/revisions\/22411"}],"wp:featuredmedia":[{"embeddable":true,"href":"https:\/\/www.visionweb.com.ar\/index.php?rest_route=\/wp\/v2\/media\/19690"}],"wp:attachment":[{"href":"https:\/\/www.visionweb.com.ar\/index.php?rest_route=%2Fwp%2Fv2%2Fmedia&parent=22410"}],"wp:term":[{"taxonomy":"category","embeddable":true,"href":"https:\/\/www.visionweb.com.ar\/index.php?rest_route=%2Fwp%2Fv2%2Fcategories&post=22410"},{"taxonomy":"post_tag","embeddable":true,"href":"https:\/\/www.visionweb.com.ar\/index.php?rest_route=%2Fwp%2Fv2%2Ftags&post=22410"}],"curies":[{"name":"wp","href":"https:\/\/api.w.org\/{rel}","templated":true}]}}