{"id":22405,"date":"2026-09-02T08:45:41","date_gmt":"2026-09-02T11:45:41","guid":{"rendered":"https:\/\/www.visionweb.com.ar\/?p=22405"},"modified":"2026-09-02T09:26:33","modified_gmt":"2026-09-02T12:26:33","slug":"l-municipio-entrego-89-certificados-y-reconocio-a-44-emprendimientos-con-la-marca-hecho-en-brown","status":"publish","type":"post","link":"https:\/\/www.visionweb.com.ar\/?p=22405","title":{"rendered":"El Municipio entreg\u00f3 89 certificados y reconoci\u00f3 a 44 emprendimientos con la marca \u201cHecho en Brown\u201d"},"content":{"rendered":"<p><strong><em>El Municipio de Almirante Brown llev\u00f3 adelante una jornada de cierre y reconocimiento de las actividades desarrolladas por la Escuela de Emprendedores del Instituto Municipal de Econom\u00eda Social (IMES), durante la cual se entregaron 89 certificados y 44 certificaciones de la marca \u201cHecho en Brown.<\/em><\/strong><!--more--><\/p>\n<p><img loading=\"lazy\" decoding=\"async\" class=\"size-medium wp-image-22406 alignleft\" src=\"https:\/\/www.visionweb.com.ar\/wp-content\/uploads\/2026\/09\/BROWN-PYMES-300x205.png\" alt=\"\" width=\"300\" height=\"205\" srcset=\"https:\/\/www.visionweb.com.ar\/wp-content\/uploads\/2026\/09\/BROWN-PYMES-300x205.png 300w, https:\/\/www.visionweb.com.ar\/wp-content\/uploads\/2026\/09\/BROWN-PYMES.png 640w\" sizes=\"auto, (max-width: 300px) 100vw, 300px\" \/>El Municipio de Almirante Brown llev\u00f3 adelante una jornada de cierre y reconocimiento de las actividades desarrolladas por la Escuela de Emprendedores del Instituto Municipal de Econom\u00eda Social (IMES), durante la cual se entregaron 89 certificados y 44 certificaciones de la marca \u201cHecho en Brown\u201d.<\/p>\n<p>La actividad se realiz\u00f3 en la Casa Municipal de la Cultura de Adrogu\u00e9 y fue encabezada por el intendente interino Juan Fabiani junto a la jefa de Gabinete, Paula Eichel, y al secretario de Relaciones con la Comunidad, Federico Sassone; el presidente del Instituto Municipal de Econom\u00eda Social (IMES), V\u00edctor Capparelli; y la directora de Econom\u00eda Social y Popular, Gabriela Lacquaniti.<\/p>\n<p>Durante la jornada, los emprendedores presentaron sus proyectos, exhibieron sus productos y compartieron el trabajo realizado a lo largo del proceso de formaci\u00f3n. De este modo, se gener\u00f3 un espacio de encuentro que permiti\u00f3 el intercambio de experiencias, la visibilizaci\u00f3n de la producci\u00f3n local y el fortalecimiento de los proyectos productivos del distrito.<\/p>\n<p>La Escuela de Emprendedores del IMES propone un recorrido formativo de 12 encuentros semanales, orientado a brindar herramientas concretas para el desarrollo y fortalecimiento de emprendimientos. En este marco, 89 participantes recibieron sus certificados tras completar el proceso de capacitaci\u00f3n.<\/p>\n<p>Asimismo, 44 emprendimientos recibieron la certificaci\u00f3n \u201cHecho en Brown\u201d, la marca certificadora municipal destinada a reconocer, visibilizar y fortalecer productos elaborados en el distrito que cumplen con determinados est\u00e1ndares de origen, calidad y producci\u00f3n.<\/p>\n<p>Los emprendedores recibieron el Manual de Marca, Acta de Compromiso, evaluaci\u00f3n de certificaci\u00f3n de origen y calidad, Gu\u00eda de Implementaci\u00f3n de la Marca, adem\u00e1s de etiquetas y stickers para aplicar en sus productos.<\/p>\n<p>Finalmente, se presentaron tambi\u00e9n ocho microcr\u00e9ditos que ya hab\u00edan sido otorgados a emprendedores y que se encuentran en proceso de cobro.<\/p>\n<p>\u201cEn Almirante Brown seguimos acompa\u00f1ando a emprendedores mediante capacitaci\u00f3n, asistencia, financiamiento y herramientas de promoci\u00f3n que contribuyen al crecimiento de los proyectos productivos y al fortalecimiento de la econom\u00eda social y popular del distrito\u201d, destac\u00f3 al respecto Mariano Cascallares.<strong>(VW)<\/strong><\/p>\n","protected":false},"excerpt":{"rendered":"<p>El Municipio de Almirante Brown llev\u00f3 adelante una jornada de cierre y reconocimiento de las actividades desarrolladas por la Escuela de Emprendedores del Instituto Municipal de Econom\u00eda Social (IMES), durante la cual se entregaron&#46;&#46;&#46;<\/p>\n","protected":false},"author":3,"featured_media":22406,"comment_status":"closed","ping_status":"closed","sticky":false,"template":"","format":"standard","meta":{"_monsterinsights_skip_tracking":false,"_monsterinsights_sitenote_active":false,"_monsterinsights_sitenote_note":"","_monsterinsights_sitenote_category":0,"footnotes":""},"categories":[749],"tags":[1305,9604,1691,9605],"class_list":["post-22405","post","type-post","status-publish","format-standard","has-post-thumbnail","hentry","category-pymes","tag-brown","tag-distincion","tag-emprendimientos","tag-marca"],"_links":{"self":[{"href":"https:\/\/www.visionweb.com.ar\/index.php?rest_route=\/wp\/v2\/posts\/22405","targetHints":{"allow":["GET"]}}],"collection":[{"href":"https:\/\/www.visionweb.com.ar\/index.php?rest_route=\/wp\/v2\/posts"}],"about":[{"href":"https:\/\/www.visionweb.com.ar\/index.php?rest_route=\/wp\/v2\/types\/post"}],"author":[{"embeddable":true,"href":"https:\/\/www.visionweb.com.ar\/index.php?rest_route=\/wp\/v2\/users\/3"}],"replies":[{"embeddable":true,"href":"https:\/\/www.visionweb.com.ar\/index.php?rest_route=%2Fwp%2Fv2%2Fcomments&post=22405"}],"version-history":[{"count":3,"href":"https:\/\/www.visionweb.com.ar\/index.php?rest_route=\/wp\/v2\/posts\/22405\/revisions"}],"predecessor-version":[{"id":22409,"href":"https:\/\/www.visionweb.com.ar\/index.php?rest_route=\/wp\/v2\/posts\/22405\/revisions\/22409"}],"wp:featuredmedia":[{"embeddable":true,"href":"https:\/\/www.visionweb.com.ar\/index.php?rest_route=\/wp\/v2\/media\/22406"}],"wp:attachment":[{"href":"https:\/\/www.visionweb.com.ar\/index.php?rest_route=%2Fwp%2Fv2%2Fmedia&parent=22405"}],"wp:term":[{"taxonomy":"category","embeddable":true,"href":"https:\/\/www.visionweb.com.ar\/index.php?rest_route=%2Fwp%2Fv2%2Fcategories&post=22405"},{"taxonomy":"post_tag","embeddable":true,"href":"https:\/\/www.visionweb.com.ar\/index.php?rest_route=%2Fwp%2Fv2%2Ftags&post=22405"}],"curies":[{"name":"wp","href":"https:\/\/api.w.org\/{rel}","templated":true}]}}