{"id":22402,"date":"2026-09-01T19:44:54","date_gmt":"2026-09-01T22:44:54","guid":{"rendered":"https:\/\/www.visionweb.com.ar\/?p=22402"},"modified":"2026-09-01T19:44:54","modified_gmt":"2026-09-01T22:44:54","slug":"el-gobernador-kicillof-se-reunio-con-la-conferencia-episcopal-para-organizar-la-visita-del-papa-leon-xiv","status":"publish","type":"post","link":"https:\/\/www.visionweb.com.ar\/?p=22402","title":{"rendered":"El Gobernador Kicillof se reuni\u00f3 con la Conferencia Episcopal para organizar la visita del Papa Le\u00f3n XIV"},"content":{"rendered":"<p><em><strong>La reuni\u00f3n fue este martes con monse\u00f1or Colombo, presidente de la Conferencia Episcopal Argentina, para diagramar la organizaci\u00f3n de la visita del Papa Le\u00f3n XIV a territorio bonaerense. Dentro de las actividades previstas est\u00e1 la visita al\u00a0Cottolengo Don Orione\u00a0en\u00a0Claypole, y la misa del 11 de noviembre en la Bas\u00edlica de Luj\u00e1n.<\/strong><\/em><!--more--><\/p>\n<p><strong>\u00a0 <img loading=\"lazy\" decoding=\"async\" class=\"size-medium wp-image-22403 alignright\" src=\"https:\/\/www.visionweb.com.ar\/wp-content\/uploads\/2026\/09\/kicillof-y-mnor-colombo-300x294.png\" alt=\"\" width=\"300\" height=\"294\" srcset=\"https:\/\/www.visionweb.com.ar\/wp-content\/uploads\/2026\/09\/kicillof-y-mnor-colombo-300x294.png 300w, https:\/\/www.visionweb.com.ar\/wp-content\/uploads\/2026\/09\/kicillof-y-mnor-colombo.png 612w\" sizes=\"auto, (max-width: 300px) 100vw, 300px\" \/>\u00a0\u00a0\u00a0 E<\/strong>l\u00a0<strong>gobernador de la provincia de Buenos Aires<\/strong>,\u00a0<strong><a href=\"https:\/\/www.gba.gob.ar\/areasdegobierno\">Axel Kicillof<\/a><\/strong>, se reuni\u00f3 este martes con el\u00a0<strong>presidente de la Conferencia Episcopal Argentina\u00a0<\/strong>(<strong>CEA<\/strong>), monse\u00f1or\u00a0<strong>Marcelo Daniel Colombo<\/strong>, para avanzar en la organizaci\u00f3n de la visita del<strong>\u00a0Papa Le\u00f3n XIV<\/strong>\u00a0a territorio bonaerense.<\/p>\n<p>Seg\u00fan detallaron desde el Ejecutivo bonaerense,\u00a0<strong>Kicillof<\/strong>\u00a0y\u00a0<strong>Colombo<\/strong>\u00a0abordaron las actividades previstas en el\u00a0<strong>Cottolengo Don Orione<\/strong>\u00a0de Claypole, Almirante Brown, as\u00ed como el operativo de seguridad para la <strong>misa programada para el 11 de noviembre en la Bas\u00edlica de Luj\u00e1n<\/strong>, inform\u00f3 Diputados Bonaerenses.<\/p>\n<p>En ese sentido,\u00a0<strong>Colombo<\/strong>\u00a0comparti\u00f3 la <strong>alegr\u00eda por la visita apost\u00f3lica y agradeci\u00f3 la predisposici\u00f3n del gobierno provincial para trabajar junto a la Iglesia<\/strong> en la organizaci\u00f3n del encuentro masivo que tendr\u00e1 lugar en\u00a0<strong>Luj\u00e1n<\/strong>.<\/p>\n<p>\u201c<strong>Todas las \u00e1reas del Gobierno provincial estar\u00e1n a disposici\u00f3n para que esta visita tan esperada por los bonaerenses se desarrolle en paz y de la mejor manera<\/strong>\u201d, remarc\u00f3\u00a0<strong>Kicillof\u00a0<\/strong>a trav\u00e9s de sus redes sociales.<\/p>\n<p>En detalle, el\u00a0<strong>Papa Le\u00f3n XIV<\/strong>\u00a0visitar\u00e1 el pa\u00eds entre el 8 y 11 de noviembre en una agenda que contempla recorridas en C\u00f3rdoba, la provincia de Buenos Aires y la Ciudad Aut\u00f3noma de Buenos Aires.<\/p>\n<p>Seg\u00fan detall\u00f3 el arzobispo de Buenos Aires,\u00a0<strong>Jorge Garc\u00eda Cuerva<\/strong>, la recorrida en territorio bonaerense del Sumo Pont\u00edfice incluir\u00eda, adem\u00e1s de\u00a0<strong>Luj\u00e1n<\/strong>, la visita al\u00a0<strong>Cottolengo Don Orione<\/strong>, en\u00a0<strong>Claypole<\/strong>, dedicado a la atenci\u00f3n integral de personas con discapacidad.<\/p>\n<p>La eventual inclusi\u00f3n del Cottolengo ubicado en el municipio de\u00a0<strong>Almirante Brown<\/strong>\u00a0y que lleva el nombre en homenaje al\u00a0<strong>sacerdote italiano San Luis Orione<\/strong>\u00a0reforzar\u00eda una de las l\u00edneas que busca mostrar el Papa durante su visita: junto a los actos de gran escala, el programa reservar\u00eda espacios de cercan\u00eda personal y contenido social.<\/p>\n<p>Cabe destacar, que la visita papal logr\u00f3 la <strong>primera reuni\u00f3n<\/strong>\u00a0<strong>cara a cara<\/strong>\u00a0entre el ministro de Gobierno bonaerense, <strong>Carlos Bianco<\/strong>, y la secretaria general de la Presidencia,<strong>\u00a0Karina Milei<\/strong>, quienes formaron parte la semana pasada de la reuni\u00f3n en la sede del\u00a0<strong>Ministerio de Seguridad nacional\u00a0<\/strong>para diagramar el operativo de recepci\u00f3n del<strong> Papa Le\u00f3n XIV<\/strong>. <strong>(VW)<\/strong><\/p>\n","protected":false},"excerpt":{"rendered":"<p>La reuni\u00f3n fue este martes con monse\u00f1or Colombo, presidente de la Conferencia Episcopal Argentina, para diagramar la organizaci\u00f3n de la visita del Papa Le\u00f3n XIV a territorio bonaerense. Dentro de las actividades previstas est\u00e1&#46;&#46;&#46;<\/p>\n","protected":false},"author":4,"featured_media":22403,"comment_status":"closed","ping_status":"closed","sticky":false,"template":"","format":"standard","meta":{"_monsterinsights_skip_tracking":false,"_monsterinsights_sitenote_active":false,"_monsterinsights_sitenote_note":"","_monsterinsights_sitenote_category":0,"footnotes":""},"categories":[4,5],"tags":[9603,9602,8219,9601],"class_list":["post-22402","post","type-post","status-publish","format-standard","has-post-thumbnail","hentry","category-politica","category-sociedad","tag-conferencia-episcopal-argentina","tag-kicillof-reunion","tag-papa-leon-xiv","tag-visita-a-argentina"],"_links":{"self":[{"href":"https:\/\/www.visionweb.com.ar\/index.php?rest_route=\/wp\/v2\/posts\/22402","targetHints":{"allow":["GET"]}}],"collection":[{"href":"https:\/\/www.visionweb.com.ar\/index.php?rest_route=\/wp\/v2\/posts"}],"about":[{"href":"https:\/\/www.visionweb.com.ar\/index.php?rest_route=\/wp\/v2\/types\/post"}],"author":[{"embeddable":true,"href":"https:\/\/www.visionweb.com.ar\/index.php?rest_route=\/wp\/v2\/users\/4"}],"replies":[{"embeddable":true,"href":"https:\/\/www.visionweb.com.ar\/index.php?rest_route=%2Fwp%2Fv2%2Fcomments&post=22402"}],"version-history":[{"count":1,"href":"https:\/\/www.visionweb.com.ar\/index.php?rest_route=\/wp\/v2\/posts\/22402\/revisions"}],"predecessor-version":[{"id":22404,"href":"https:\/\/www.visionweb.com.ar\/index.php?rest_route=\/wp\/v2\/posts\/22402\/revisions\/22404"}],"wp:featuredmedia":[{"embeddable":true,"href":"https:\/\/www.visionweb.com.ar\/index.php?rest_route=\/wp\/v2\/media\/22403"}],"wp:attachment":[{"href":"https:\/\/www.visionweb.com.ar\/index.php?rest_route=%2Fwp%2Fv2%2Fmedia&parent=22402"}],"wp:term":[{"taxonomy":"category","embeddable":true,"href":"https:\/\/www.visionweb.com.ar\/index.php?rest_route=%2Fwp%2Fv2%2Fcategories&post=22402"},{"taxonomy":"post_tag","embeddable":true,"href":"https:\/\/www.visionweb.com.ar\/index.php?rest_route=%2Fwp%2Fv2%2Ftags&post=22402"}],"curies":[{"name":"wp","href":"https:\/\/api.w.org\/{rel}","templated":true}]}}