{"id":22397,"date":"2026-09-01T17:25:51","date_gmt":"2026-09-01T20:25:51","guid":{"rendered":"https:\/\/www.visionweb.com.ar\/?p=22397"},"modified":"2026-09-01T17:25:51","modified_gmt":"2026-09-01T20:25:51","slug":"nuevas-reformas-al-registro-automotor-unificaron-368-oficinas-y-simplificaron-los-aranceles","status":"publish","type":"post","link":"https:\/\/www.visionweb.com.ar\/?p=22397","title":{"rendered":"Nuevas reformas al Registro Automotor: unificaron 368 oficinas y simplificaron los aranceles"},"content":{"rendered":"<p><strong><em>El Ministerio de Justicia fusion\u00f3 Registros Seccionales, la supresi\u00f3n de otros 14 y el cierre operativo de 13. Adem\u00e1s, redujo en 40% la cantidad de c\u00e1nones vigentes.<\/em><\/strong><!--more--><\/p>\n<p><img loading=\"lazy\" decoding=\"async\" class=\"size-medium wp-image-22398 alignleft\" src=\"https:\/\/www.visionweb.com.ar\/wp-content\/uploads\/2026\/09\/PATENTES-300x168.png\" alt=\"\" width=\"300\" height=\"168\" srcset=\"https:\/\/www.visionweb.com.ar\/wp-content\/uploads\/2026\/09\/PATENTES-300x168.png 300w, https:\/\/www.visionweb.com.ar\/wp-content\/uploads\/2026\/09\/PATENTES.png 640w\" sizes=\"auto, (max-width: 300px) 100vw, 300px\" \/>El Gobierno argentino profundiz\u00f3 la reforma del sistema registral automotor con una nueva reorganizaci\u00f3n de los Registros Seccionales y un cambio en el esquema de aranceles, con el objetivo de reducir estructuras, simplificar tr\u00e1mites y avanzar hacia un sistema m\u00e1s digital.<\/p>\n<p>Las medidas fueron formalizadas mediante las Resoluciones\u00a0<a href=\"https:\/\/www.boletinoficial.gob.ar\/detalleAviso\/primera\/346583\/20260831\" target=\"_blank\" rel=\"noopener\">411\/2026<\/a>\u00a0y\u00a0<a href=\"https:\/\/www.boletinoficial.gob.ar\/detalleAviso\/primera\/346584\/20260831\" target=\"_blank\" rel=\"noopener\">412\/2026<\/a>\u00a0del Ministerio de Justicia, publicadas este lunes en el Bolet\u00edn Oficial. Ambas forman parte del Plan Nacional de Digitalizaci\u00f3n y Reorganizaci\u00f3n Integral del Sistema Registral Automotor.<\/p>\n<p><strong>Qu\u00e9 pasar\u00e1 con los Registros<\/strong><\/p>\n<p>La Resoluci\u00f3n 411 establece la\u00a0<strong>unificaci\u00f3n de 368<\/strong>\u00a0Registros Seccionales. Seg\u00fan explic\u00f3 el Gobierno,<strong>\u00a0se detectaron situaciones en las que una misma persona estaba a cargo de un Registro como titular y de otro u otros como interventor,<\/strong>\u00a0por lo que exist\u00edan unidades registrales diferenciadas aunque la gesti\u00f3n estuviera concentrada en un mismo responsable.<\/p>\n<p>Con la reorganizaci\u00f3n,\u00a0<strong>esas 368 unidades pasar\u00e1n a integrarse en 288 operaciones registrales,<\/strong>\u00a0adecuando la estructura formal a la realidad de funcionamiento que ya exist\u00eda en varias localidades.<\/p>\n<p>La norma tambi\u00e9n dispone la<strong>\u00a0supresi\u00f3n de 14 Registros Seccionales intervenidos y ordena el cierre operativo, dentro de un plazo de 30 d\u00edas h\u00e1biles, de otros 13 registros<\/strong>\u00a0cuya eliminaci\u00f3n ya hab\u00eda sido dispuesta en 2024 y 2025 pero que todav\u00eda continuaban funcionando.<\/p>\n<p>Por eso, aunque\u00a0<strong>el Gobierno comunic\u00f3 la medida como el<a href=\"https:\/\/x.com\/fedesturze\/status\/2094400852404420683\" target=\"_blank\" rel=\"noopener\">\u00a0cierre de casi 400 Registros<\/a>\u00a0del Automotor, el alcance concreto es diferente:<\/strong>\u00a0la mayor parte corresponde a unificaciones de unidades que estaban bajo una misma administraci\u00f3n, mientras que 27 dependencias tienen dispuesto su cierre o ya hab\u00edan sido previamente suprimidas.<\/p>\n<p>El Gobierno sostiene que la reorganizaci\u00f3n permitir\u00e1 reducir estructuras y utilizar de manera m\u00e1s eficiente los recursos, sin afectar la continuidad de los servicios registrales.<\/p>\n<p><strong>Nuevo esquema de aranceles<\/strong><\/p>\n<p>En paralelo, la Resoluci\u00f3n 412\/2026 modific\u00f3 el r\u00e9gimen de aranceles de los Registros Seccionales y\u00a0<strong>redujo en 40% la cantidad de c\u00e1nones vigentes, mediante la concentraci\u00f3n de conceptos que anteriormente estaban dispersos.<\/strong><\/p>\n<p>El cambio se apoya en el M\u00f3dulo de Registro de la Propiedad del Automotor (MRPA), creado en julio como una unidad de medida com\u00fan para calcular los costos de los distintos tr\u00e1mites registrales.<\/p>\n<p>El MRPA equivale a 0,5 Unidades de Valor Adquisitivo (UVA) y se actualiza cada 4 meses de acuerdo con el valor de la UVA determinado por el Banco Central.<\/p>\n<p>La nueva normativa tambi\u00e9n reorganiza los tr\u00e1mites en categor\u00edas cerradas y modifica el mecanismo mediante el cual se calculan los ingresos de los encargados de los Registros.<\/p>\n<p>A partir del nuevo esquema, los encargados percibir\u00e1n el 100% de los ingresos correspondientes hasta $16 millones mensuales. Sobre el excedente, recibir\u00e1n el 25%, con un tope m\u00e1ximo de $40 millones. El remanente quedar\u00e1 en manos del Ministerio de Justicia.<\/p>\n<p>Adem\u00e1s,<strong>\u00a0se elimin\u00f3 el arancel correspondiente al env\u00edo de legajo.<\/strong><\/p>\n<p><strong>Digitalizar el sistema<\/strong><\/p>\n<p>Las nuevas medidas se inscriben en un proceso de transformaci\u00f3n del sistema registral que comenz\u00f3 con distintas modificaciones implementadas desde 2024 y que durante 2026 avanz\u00f3 con la digitalizaci\u00f3n y la reorganizaci\u00f3n de los Registros.<\/p>\n<p>El objetivo oficial es concentrar competencias, reducir estructuras superpuestas, simplificar el c\u00e1lculo de los aranceles y avanzar hacia tr\u00e1mites m\u00e1s \u00e1giles y digitales.<\/p>\n<p>La reforma, adem\u00e1s, busca modificar el esquema de funcionamiento de los Registros para adecuarlo a una realidad en la que una parte creciente de los tr\u00e1mites puede realizarse de manera virtual, reduciendo la necesidad de mantener estructuras f\u00edsicas diferenciadas. Las nuevas disposiciones regir\u00e1n a partir de la publicaci\u00f3n de la medida en el Bolet\u00edn Oficial<strong> (VW)<\/strong><\/p>\n","protected":false},"excerpt":{"rendered":"<p>El Ministerio de Justicia fusion\u00f3 Registros Seccionales, la supresi\u00f3n de otros 14 y el cierre operativo de 13. Adem\u00e1s, redujo en 40% la cantidad de c\u00e1nones vigentes.<\/p>\n","protected":false},"author":3,"featured_media":22398,"comment_status":"closed","ping_status":"closed","sticky":false,"template":"","format":"standard","meta":{"_monsterinsights_skip_tracking":false,"_monsterinsights_sitenote_active":false,"_monsterinsights_sitenote_note":"","_monsterinsights_sitenote_category":0,"footnotes":""},"categories":[1],"tags":[2140,3752,5051],"class_list":["post-22397","post","type-post","status-publish","format-standard","has-post-thumbnail","hentry","category-uncategorized","tag-automotores","tag-registros","tag-unificacion"],"_links":{"self":[{"href":"https:\/\/www.visionweb.com.ar\/index.php?rest_route=\/wp\/v2\/posts\/22397","targetHints":{"allow":["GET"]}}],"collection":[{"href":"https:\/\/www.visionweb.com.ar\/index.php?rest_route=\/wp\/v2\/posts"}],"about":[{"href":"https:\/\/www.visionweb.com.ar\/index.php?rest_route=\/wp\/v2\/types\/post"}],"author":[{"embeddable":true,"href":"https:\/\/www.visionweb.com.ar\/index.php?rest_route=\/wp\/v2\/users\/3"}],"replies":[{"embeddable":true,"href":"https:\/\/www.visionweb.com.ar\/index.php?rest_route=%2Fwp%2Fv2%2Fcomments&post=22397"}],"version-history":[{"count":1,"href":"https:\/\/www.visionweb.com.ar\/index.php?rest_route=\/wp\/v2\/posts\/22397\/revisions"}],"predecessor-version":[{"id":22399,"href":"https:\/\/www.visionweb.com.ar\/index.php?rest_route=\/wp\/v2\/posts\/22397\/revisions\/22399"}],"wp:featuredmedia":[{"embeddable":true,"href":"https:\/\/www.visionweb.com.ar\/index.php?rest_route=\/wp\/v2\/media\/22398"}],"wp:attachment":[{"href":"https:\/\/www.visionweb.com.ar\/index.php?rest_route=%2Fwp%2Fv2%2Fmedia&parent=22397"}],"wp:term":[{"taxonomy":"category","embeddable":true,"href":"https:\/\/www.visionweb.com.ar\/index.php?rest_route=%2Fwp%2Fv2%2Fcategories&post=22397"},{"taxonomy":"post_tag","embeddable":true,"href":"https:\/\/www.visionweb.com.ar\/index.php?rest_route=%2Fwp%2Fv2%2Ftags&post=22397"}],"curies":[{"name":"wp","href":"https:\/\/api.w.org\/{rel}","templated":true}]}}