{"id":22392,"date":"2026-08-31T16:38:08","date_gmt":"2026-08-31T19:38:08","guid":{"rendered":"https:\/\/www.visionweb.com.ar\/?p=22392"},"modified":"2026-08-31T17:02:25","modified_gmt":"2026-08-31T20:02:25","slug":"trabajadores-municipales-iniciaron-protestas-con-cortes-de-rutas","status":"publish","type":"post","link":"https:\/\/www.visionweb.com.ar\/?p=22392","title":{"rendered":"Trabajadores municipales iniciaron protestas con cortes de rutas"},"content":{"rendered":"<p><em><strong>La Federaci\u00f3n plantea que el problema excede las negociaciones salariales de cada municipio y reclama una discusi\u00f3n a nivel provincial que permita abordar las condiciones laborales del sector.<\/strong><\/em><!--more--><\/p>\n<p><img loading=\"lazy\" decoding=\"async\" class=\"size-medium wp-image-22393 alignleft\" src=\"https:\/\/www.visionweb.com.ar\/wp-content\/uploads\/2026\/08\/MUNICIPALELS-PROTESTAS-300x225.png\" alt=\"\" width=\"300\" height=\"225\" srcset=\"https:\/\/www.visionweb.com.ar\/wp-content\/uploads\/2026\/08\/MUNICIPALELS-PROTESTAS-300x225.png 300w, https:\/\/www.visionweb.com.ar\/wp-content\/uploads\/2026\/08\/MUNICIPALELS-PROTESTAS.png 640w\" sizes=\"auto, (max-width: 300px) 100vw, 300px\" \/>La Federaci\u00f3n de Sindicatos Municipales Bonaerenses (Fesimubo) inici\u00b4\u00f1o este lunes un plan de lucha de alcance provincial que incluy\u00f3 cortes en las rutas 6 y 205, a la altura de Ca\u00f1uelas, dos v\u00edas estrat\u00e9gicas para el traslado de la producci\u00f3n dentro del territorio.<\/p>\n<article class=\"article-body article-body--second-paragraph\">\n<p id=\"p-1788194357209-78542\">La primera medida de este lunes fue impulsada por sindicatos pertenecientes a una de las regionales<strong>\u00a0Centro y a la Regional Conurbano Oeste<\/strong>\u00a0de la organizaci\u00f3n.<\/p>\n<p>La movilizaci\u00f3n forma parte del programa de acciones anunciado por el secretario general de\u00a0<strong>Fesimubo<\/strong>,\u00a0<strong>Hern\u00e1n Doval<\/strong>, durante las reuniones regionales desarrolladas en distintos distritos.<\/p>\n<\/article>\n<article class=\"article-body article-body--second-paragraph\">\n<p id=\"p-1788194357209-71473\">Si bien <strong>el sector negocia con los intendentes los salarios, que parten desde los $150.000 por mes en algunos municipios, la protesta involucra a la administraci\u00f3n de Axel Kicillof, a quien le piden que convoque al\u00a0Consejo del Empleo Municipal\u00a0para discutir sus pedidos en un marco \u201cinstitucional\u201d<\/strong>. Este organismo existe hace una d\u00e9cada pero nunca se lo convoc\u00f3.<\/p>\n<article class=\"article-body article-body--second-paragraph\">\n<p id=\"p-1788194357209-28194\">A ese reclamo se sum\u00f3 la denuncia por <strong>el crecimiento de modalidades que, seg\u00fan el gremio, profundizan la precarizaci\u00f3n dentro de los municipios<\/strong>, principalmente mediante contrataciones bajo <strong>monotributo y becas<\/strong>.<\/p>\n<\/article>\n<article class=\"article-body article-body--third-paragraph\">\n<p id=\"p-1788194357209-28977\">La Federaci\u00f3n plantea que <strong>el problema excede las negociaciones salariales de cada municipio<\/strong> y reclama una discusi\u00f3n a nivel provincial que permita abordar las condiciones laborales del sector<strong>.(VW)<\/strong><\/p>\n<\/article>\n<p>&nbsp;<\/p>\n<\/article>\n<p>&nbsp;<\/p>\n","protected":false},"excerpt":{"rendered":"<p>La Federaci\u00f3n plantea que el problema excede las negociaciones salariales de cada municipio y reclama una discusi\u00f3n a nivel provincial que permita abordar las condiciones laborales del sector.<\/p>\n","protected":false},"author":3,"featured_media":22393,"comment_status":"closed","ping_status":"closed","sticky":false,"template":"","format":"standard","meta":{"_monsterinsights_skip_tracking":false,"_monsterinsights_sitenote_active":false,"_monsterinsights_sitenote_note":"","_monsterinsights_sitenote_category":0,"footnotes":""},"categories":[4],"tags":[5428,1279,653],"class_list":["post-22392","post","type-post","status-publish","format-standard","has-post-thumbnail","hentry","category-politica","tag-federacion","tag-municipales","tag-protestas"],"_links":{"self":[{"href":"https:\/\/www.visionweb.com.ar\/index.php?rest_route=\/wp\/v2\/posts\/22392","targetHints":{"allow":["GET"]}}],"collection":[{"href":"https:\/\/www.visionweb.com.ar\/index.php?rest_route=\/wp\/v2\/posts"}],"about":[{"href":"https:\/\/www.visionweb.com.ar\/index.php?rest_route=\/wp\/v2\/types\/post"}],"author":[{"embeddable":true,"href":"https:\/\/www.visionweb.com.ar\/index.php?rest_route=\/wp\/v2\/users\/3"}],"replies":[{"embeddable":true,"href":"https:\/\/www.visionweb.com.ar\/index.php?rest_route=%2Fwp%2Fv2%2Fcomments&post=22392"}],"version-history":[{"count":3,"href":"https:\/\/www.visionweb.com.ar\/index.php?rest_route=\/wp\/v2\/posts\/22392\/revisions"}],"predecessor-version":[{"id":22396,"href":"https:\/\/www.visionweb.com.ar\/index.php?rest_route=\/wp\/v2\/posts\/22392\/revisions\/22396"}],"wp:featuredmedia":[{"embeddable":true,"href":"https:\/\/www.visionweb.com.ar\/index.php?rest_route=\/wp\/v2\/media\/22393"}],"wp:attachment":[{"href":"https:\/\/www.visionweb.com.ar\/index.php?rest_route=%2Fwp%2Fv2%2Fmedia&parent=22392"}],"wp:term":[{"taxonomy":"category","embeddable":true,"href":"https:\/\/www.visionweb.com.ar\/index.php?rest_route=%2Fwp%2Fv2%2Fcategories&post=22392"},{"taxonomy":"post_tag","embeddable":true,"href":"https:\/\/www.visionweb.com.ar\/index.php?rest_route=%2Fwp%2Fv2%2Ftags&post=22392"}],"curies":[{"name":"wp","href":"https:\/\/api.w.org\/{rel}","templated":true}]}}