{"id":22386,"date":"2026-08-31T16:19:02","date_gmt":"2026-08-31T19:19:02","guid":{"rendered":"https:\/\/www.visionweb.com.ar\/?p=22386"},"modified":"2026-08-31T16:19:02","modified_gmt":"2026-08-31T19:19:02","slug":"el-consejo-deliberante-de-lanus-abrio-us-puertas-a-estudiantes-del-distrito","status":"publish","type":"post","link":"https:\/\/www.visionweb.com.ar\/?p=22386","title":{"rendered":"El Consejo Deliberante de Lan\u00fas abri\u00f3 us puertas a estudiantes del distrito"},"content":{"rendered":"<p><em><strong>El Municipio reafirma as\u00ed su compromiso con este espacio de debate. Ya el a\u00f1o pasado, Lan\u00fas hab\u00eda sido sede del encuentro en el Centro Cultural Leonardo Favio.<\/strong><\/em><!--more--><\/p>\n<p><img loading=\"lazy\" decoding=\"async\" class=\"size-medium wp-image-22390 alignright\" src=\"https:\/\/www.visionweb.com.ar\/wp-content\/uploads\/2026\/08\/HCD-COMUNIDAD-DOS-300x200.jpeg\" alt=\"\" width=\"300\" height=\"200\" srcset=\"https:\/\/www.visionweb.com.ar\/wp-content\/uploads\/2026\/08\/HCD-COMUNIDAD-DOS-300x200.jpeg 300w, https:\/\/www.visionweb.com.ar\/wp-content\/uploads\/2026\/08\/HCD-COMUNIDAD-DOS.jpeg 640w\" sizes=\"auto, (max-width: 300px) 100vw, 300px\" \/>Con el objetivo de promover la participaci\u00f3n ciudadana y la construcci\u00f3n democr\u00e1tica, estudiantes de diez instituciones educativas del distrito debatieron y presentaron proyectos basados en las problem\u00e1ticas reales de sus comunidades.<\/p>\n<p>El recinto del Honorable Concejo Deliberante de Lan\u00fas se transform\u00f3 en una aut\u00e9ntica caja de resonancia ciudadana al recibir la 8.\u00aa edici\u00f3n del Parlamento Bonaerense. Esta hist\u00f3rica sesi\u00f3n, concebida para potenciar la voz de j\u00f3venes y adultos, reuni\u00f3 a estudiantes y docentes locales bajo la presidencia de Omar Dalponte (H) y J\u00e9sica Flores, quienes estuvieron acompa\u00f1ados por Laura Freytes y Gabriel Gonz\u00e1lez en la Secretar\u00eda.<\/p>\n<p>La jornada cont\u00f3 con un fuerte respaldo institucional. Estuvieron presentes el presidente del HCD Lan\u00fas, Nicol\u00e1s Russo; la secretaria de Educaci\u00f3n, Cultura y Deportes del Municipio, Natalia Gradaschi; concejales, autoridades de Direcci\u00f3n de Educaci\u00f3n de J\u00f3venes Adultos y Adultos Mayores (DEJAyAM), dependiente de la Direcci\u00f3n General de Cultura y Educaci\u00f3n de la Provincia de Buenos Aires, e inspectores de ense\u00f1anza de la Jefatura de Regi\u00f3n 2, quienes acompa\u00f1aron a los participantes a lo largo de toda la actividad.<\/p>\n<p>El Municipio reafirma as\u00ed su compromiso con este espacio de debate. Ya el a\u00f1o pasado, Lan\u00fas hab\u00eda sido sede del encuentro en el Centro Cultural Leonardo Favio \u2014con la presencia del intendente Juli\u00e1n \u00c1lvarez\u2014, consolidando una pol\u00edtica de Estado que promueve el protagonismo de j\u00f3venes y adultos y su v\u00ednculo directo con las instituciones democr\u00e1ticas.<\/p>\n<p>Durante el encuentro, los representantes estudiantiles ejercieron activamente su ciudadan\u00eda, exponiendo y defendiendo proyectos nacidos de las inquietudes de sus propios barrios y escuelas. Tras cada presentaci\u00f3n, se habilit\u00f3 una instancia de debate que foment\u00f3 el intercambio de ideas, el respeto por la pluralidad de voces y la b\u00fasqueda de consensos, permitiendo a j\u00f3venes y adultos experimentar de primera mano la din\u00e1mica legislativa.<\/p>\n<p><strong>Los ejes del debate ciudadano<\/strong><\/p>\n<p>Los proyectos presentados reflejaron las diversas realidades educativas y sociales que atraviesan al distrito. A trav\u00e9s de sus exposiciones, los estudiantes de las distintas franjas etarias profundizaron en tem\u00e1ticas fundamentales como la inclusi\u00f3n y el acompa\u00f1amiento escolar, la memoria y los derechos humanos, la construcci\u00f3n de ciudadan\u00eda, la identidad bonaerense y los nuevos desaf\u00edos de convivencia en los entornos digitales.<\/p>\n<p><strong>Rumbo a la instancia provincial<\/strong><\/p>\n<p>Como cierre de la jornada, las instituciones sometieron las iniciativas a votaci\u00f3n. El proyecto que logr\u00f3 cosechar la mayor cantidad de apoyos continuar\u00e1 su recorrido en la instancia provincial del Parlamento Bonaerense, llevando con orgullo la voz y las propuestas de los j\u00f3venes y adultos de Lan\u00fas.<\/p>\n<p><strong>Comunidades educativas comprometidas<\/strong><\/p>\n<p>El \u00e9xito del encuentro fue el resultado del trabajo articulado entre docentes y estudiantes de las Escuelas N.\u00ba 451, 452, 453, 454, 455, 456, 457 y 458, junto a los representantes del CEBAS N.\u00ba 49 y del Plan FINES 454. Todos ellos llegaron al recinto con gran entusiasmo para defender las iniciativas desarrolladas durante el a\u00f1o.<\/p>\n<p>Con esta enriquecedora jornada, el HCD Lan\u00fas reafirma su vocaci\u00f3n de mantener las puertas abiertas, consolid\u00e1ndose como un espacio donde j\u00f3venes y adultos pueden ejercer una ciudadan\u00eda activa e involucrarse plenamente en la transformaci\u00f3n de su comunidad.<\/p>\n","protected":false},"excerpt":{"rendered":"<p>El Municipio reafirma as\u00ed su compromiso con este espacio de debate. Ya el a\u00f1o pasado, Lan\u00fas hab\u00eda sido sede del encuentro en el Centro Cultural Leonardo Favio.<\/p>\n","protected":false},"author":3,"featured_media":22390,"comment_status":"closed","ping_status":"closed","sticky":false,"template":"","format":"standard","meta":{"_monsterinsights_skip_tracking":false,"_monsterinsights_sitenote_active":false,"_monsterinsights_sitenote_note":"","_monsterinsights_sitenote_category":0,"footnotes":""},"categories":[4,5],"tags":[],"class_list":["post-22386","post","type-post","status-publish","format-standard","has-post-thumbnail","hentry","category-politica","category-sociedad"],"_links":{"self":[{"href":"https:\/\/www.visionweb.com.ar\/index.php?rest_route=\/wp\/v2\/posts\/22386","targetHints":{"allow":["GET"]}}],"collection":[{"href":"https:\/\/www.visionweb.com.ar\/index.php?rest_route=\/wp\/v2\/posts"}],"about":[{"href":"https:\/\/www.visionweb.com.ar\/index.php?rest_route=\/wp\/v2\/types\/post"}],"author":[{"embeddable":true,"href":"https:\/\/www.visionweb.com.ar\/index.php?rest_route=\/wp\/v2\/users\/3"}],"replies":[{"embeddable":true,"href":"https:\/\/www.visionweb.com.ar\/index.php?rest_route=%2Fwp%2Fv2%2Fcomments&post=22386"}],"version-history":[{"count":2,"href":"https:\/\/www.visionweb.com.ar\/index.php?rest_route=\/wp\/v2\/posts\/22386\/revisions"}],"predecessor-version":[{"id":22391,"href":"https:\/\/www.visionweb.com.ar\/index.php?rest_route=\/wp\/v2\/posts\/22386\/revisions\/22391"}],"wp:featuredmedia":[{"embeddable":true,"href":"https:\/\/www.visionweb.com.ar\/index.php?rest_route=\/wp\/v2\/media\/22390"}],"wp:attachment":[{"href":"https:\/\/www.visionweb.com.ar\/index.php?rest_route=%2Fwp%2Fv2%2Fmedia&parent=22386"}],"wp:term":[{"taxonomy":"category","embeddable":true,"href":"https:\/\/www.visionweb.com.ar\/index.php?rest_route=%2Fwp%2Fv2%2Fcategories&post=22386"},{"taxonomy":"post_tag","embeddable":true,"href":"https:\/\/www.visionweb.com.ar\/index.php?rest_route=%2Fwp%2Fv2%2Ftags&post=22386"}],"curies":[{"name":"wp","href":"https:\/\/api.w.org\/{rel}","templated":true}]}}