{"id":22383,"date":"2026-08-31T14:13:43","date_gmt":"2026-08-31T17:13:43","guid":{"rendered":"https:\/\/www.visionweb.com.ar\/?p=22383"},"modified":"2026-08-31T14:13:43","modified_gmt":"2026-08-31T17:13:43","slug":"fuerte-repercusion-en-la-legislatura-bonaerense-por-el-retiro-de-messi-de-la-seleccion-nos-hiciste-felices","status":"publish","type":"post","link":"https:\/\/www.visionweb.com.ar\/?p=22383","title":{"rendered":"Fuerte repercusi\u00f3n en la Legislatura bonaerense por el retiro de Messi de la Selecci\u00f3n: \u201cNos hiciste felices\u201d"},"content":{"rendered":"<p><em><strong>Legisladores de distintos espacios bonaerenses reaccionaron a la decisi\u00f3n de Lionel Messi y destacaron sus m\u00e1s de 20 a\u00f1os con la Selecci\u00f3n argentina.<\/strong><\/em><!--more--><\/p>\n<div id=\"attachment_13332\" style=\"width: 310px\" class=\"wp-caption alignright\"><img loading=\"lazy\" decoding=\"async\" aria-describedby=\"caption-attachment-13332\" class=\"wp-image-13332 size-medium\" src=\"https:\/\/www.visionweb.com.ar\/wp-content\/uploads\/2024\/01\/Messi-the-best-300x300.png\" alt=\"\" width=\"300\" height=\"300\" srcset=\"https:\/\/www.visionweb.com.ar\/wp-content\/uploads\/2024\/01\/Messi-the-best-300x300.png 300w, https:\/\/www.visionweb.com.ar\/wp-content\/uploads\/2024\/01\/Messi-the-best-150x150.png 150w, https:\/\/www.visionweb.com.ar\/wp-content\/uploads\/2024\/01\/Messi-the-best-80x80.png 80w, https:\/\/www.visionweb.com.ar\/wp-content\/uploads\/2024\/01\/Messi-the-best-320x320.png 320w, https:\/\/www.visionweb.com.ar\/wp-content\/uploads\/2024\/01\/Messi-the-best-65x65.png 65w, https:\/\/www.visionweb.com.ar\/wp-content\/uploads\/2024\/01\/Messi-the-best.png 421w\" sizes=\"auto, (max-width: 300px) 100vw, 300px\" \/><p id=\"caption-attachment-13332\" class=\"wp-caption-text\">Foto archivo 2024<\/p><\/div>\n<p><strong>L<\/strong>uego del formal anuncio de <strong>Lionel Messi<\/strong> sobre su <strong>retiro<\/strong> de la\u00a0<strong>Selecci\u00f3n Argentina<\/strong>\u00a0hubo una fuerte repercusi\u00f3n general y tambi\u00e9n entre\u00a0<strong>legisladores bonaerenses<\/strong>\u00a0<strong>de todo el arco pol\u00edtico<\/strong>, que utilizaron sus redes sociales para despedir al\u00a0<strong>emblem\u00e1tico capit\u00e1n de la Albiceleste<\/strong>\u00a0y destacar el v\u00ednculo que construy\u00f3 durante m\u00e1s de dos d\u00e9cadas con la\u00a0<strong>camiseta nacional<\/strong>.<\/p>\n<p><strong>Messi <\/strong>comunic\u00f3 su decisi\u00f3n despu\u00e9s de disputar su\u00a0<strong>sexto Mundial<\/strong>\u00a0y explic\u00f3 que hab\u00eda escrito su mensaje el 21 de julio pasado, dos d\u00edas despu\u00e9s de aquel encuentro con Espa\u00f1a, el emblem\u00e1tico <strong>10 de la Selecci\u00f3n<\/strong> se\u00f1al\u00f3 que la reciente muerte de su padre termin\u00f3 de reafirmar una determinaci\u00f3n que ya hab\u00eda tomado.<\/p>\n<p>\u201c<strong>Fue una decisi\u00f3n que doli\u00f3 y duele en el alma, pero entiendo que es el momento<\/strong>\u201d, expres\u00f3 el\u00a0<strong>hist\u00f3rico 10<\/strong>\u00a0en la carta con la que confirm\u00f3 el final de su ciclo en el\u00a0<strong>combinado argentino<\/strong>.<\/p>\n<p>Entre las primeras repercusiones apareci\u00f3 la del\u00a0<strong>legislador bonaerense del bloque Hechos + UCR Identidad,\u00a0<\/strong><a href=\"https:\/\/www.senado-ba.gov.ar\/Senador.aspx?idP=2402\"><strong>Marcelo\u00a0<\/strong>\u201c<strong>Chuby<\/strong>\u201d<strong>\u00a0Leguizam\u00f3n<\/strong><\/a>, quien public\u00f3 una extensa despedida para repasar el recorrido del rosarino desde sus primeras apariciones hasta las grandes consagraciones, de acuerdo inform\u00f3 Diputados Bonaerenses.<\/p>\n<p>\u201c<strong>Hay despedidas que uno sabe que alg\u00fan d\u00eda van a llegar, pero igual cuesta aceptarlas<\/strong>\u201d, introdujo el\u00a0<strong>dirigente parlamentario<\/strong>\u00a0a trav\u00e9s de su cuenta de\u00a0<strong>X<\/strong>.<\/p>\n<p>Leguizam\u00f3n, senador oriundo de La Plata,\u00a0record\u00f3 las distintas etapas que protagoniz\u00f3\u00a0<strong>Messi<\/strong>\u00a0con el\u00a0<strong>equipo argentino<\/strong>\u00a0y destac\u00f3 especialmente su persistencia despu\u00e9s de las derrotas que marcaron buena parte de sus primeros a\u00f1os en el\u00a0<strong>seleccionado mayor<\/strong>.<\/p>\n<p><strong>El inolvidable paso de Messi por la Selecci\u00f3n Argentina<\/strong><\/p>\n<p>La despedida de\u00a0<strong>Messi<\/strong>\u00a0puso punto final a un recorrido de m\u00e1s de\u00a0<strong>20 a\u00f1os<\/strong>\u00a0con la\u00a0<strong>Selecci\u00f3n mayor<\/strong>, que comenz\u00f3 el\u00a0<strong>17 de agosto de 2005<\/strong>\u00a0durante un amistoso frente a\u00a0<strong>Hungr\u00eda<\/strong>. Antes de incorporarse de manera definitiva al\u00a0<strong>plantel principal<\/strong>, el\u00a0<strong>deportista oriundo de Rosario<\/strong>\u00a0ya hab\u00eda comandado a la\u00a0<strong>Argentina\u00a0<\/strong>en el\u00a0<strong>Mundial Sub 20 de 2005<\/strong>, donde el equipo se alz\u00f3 con el campeonato y el\u00a0<strong>delantero\u00a0<\/strong>termin\u00f3 como\u00a0<strong>m\u00e1ximo goleador del certamen<\/strong>.<\/p>\n<p>La relaci\u00f3n del\u00a0<strong>astro futbol\u00edstico<\/strong>\u00a0con la\u00a0<strong>Selecci\u00f3n nacional<\/strong>\u00a0atraves\u00f3 durante varios a\u00f1os una etapa marcada por finales perdidas, cr\u00edticas y cuestionamientos que alcanzaron su punto m\u00e1ximo despu\u00e9s de la\u00a0<strong>Copa Am\u00e9rica Centenario de 2016<\/strong>, la tercera derrota un partido definitorio, tras el\u00a0<strong>Mundial 2014\u00a0<\/strong>y la\u00a0<strong>Copa Am\u00e9rica 2015<\/strong>. Tras la ca\u00edda frente a\u00a0<strong>Chile<\/strong>\u00a0por penales,\u00a0<strong>Messi<\/strong>\u00a0anunci\u00f3 entonces un primer alejamiento del\u00a0<strong>equipo argentino<\/strong>, aunque pocas semanas despu\u00e9s revirti\u00f3 aquella decisi\u00f3n y retom\u00f3 su lugar en el combinado\u00a0<strong>celeste y blanco<\/strong>.<\/p>\n<p>Tras el fracaso de\u00a0<strong>Rusia 2018<\/strong>\u00a0y el quiebre de la\u00a0<strong>Copa Am\u00e9rica 2019<\/strong>, el ciclo encontr\u00f3 un punto de inflexi\u00f3n bajo la conducci\u00f3n de\u00a0<strong>Lionel Scaloni<\/strong>, quien encabez\u00f3 una renovaci\u00f3n del plantel que termin\u00f3 por rodear al\u00a0<strong>rosarino<\/strong>\u00a0con una nueva generaci\u00f3n de futbolistas. Con esta nueva alineaci\u00f3n, la\u00a0<strong>Argentina\u00a0<\/strong>venci\u00f3 a\u00a0<strong>Brasil<\/strong>\u00a0en el Maracan\u00e1 en la final de la\u00a0<strong>Copa Am\u00e9rica 2021<\/strong>, por lo que\u00a0<strong>Messi<\/strong>\u00a0consigui\u00f3 su primer t\u00edtulo con la\u00a0<strong>Selecci\u00f3n mayor<\/strong>.<\/p>\n<p>La llamada \u201c<strong>Scaloneta<\/strong>\u201d profundiz\u00f3 ese recorrido con la\u00a0<strong>Finalissima 2022<\/strong>, tras vencer a\u00a0<strong>Italia<\/strong>\u00a0en\u00a0<strong>Wembley<\/strong>, y se abroch\u00f3 su mayor consagraci\u00f3n el\u00a0<strong>18 de diciembre de ese mismo a\u00f1o<\/strong>\u00a0en\u00a0<strong>Qatar<\/strong>. La\u00a0<strong>Selecci\u00f3n<\/strong>\u00a0super\u00f3 a\u00a0<strong>Francia<\/strong>\u00a0por penales despu\u00e9s de un\u00a0<strong>empate 3-3\u00a0<\/strong>y levant\u00f3 la tercera\u00a0<strong>Copa del Mundo<\/strong>\u00a0de su historia, con\u00a0<strong>Messi<\/strong>\u00a0como capit\u00e1n y una de las principales figuras del torneo.<\/p>\n<p>La\u00a0<strong>Copa Am\u00e9rica 2024<\/strong>\u00a0sum\u00f3 otra conquista al ciclo y ratific\u00f3 el dominio de una generaci\u00f3n que transform\u00f3 los a\u00f1os de frustraciones en una seguidilla in\u00e9dita de t\u00edtulos, con un\u00a0<strong>Messi\u00a0<\/strong>ya tocado f\u00edsicamente, dado que tuvo que salir de cambio en la final contra Colombia. Tras vencer al conjunto \u201ccafetero\u201d por 1 a 0, el \u00eddolo nacional volvi\u00f3 a levantar el trofeo continental y extendi\u00f3 una etapa que terminar\u00eda dos a\u00f1os despu\u00e9s, con su \u00faltima participaci\u00f3n mundialista.<\/p>\n<p>\u201c<strong>Gracias por todo el cari\u00f1o de estos 20 a\u00f1os. Voy a extra\u00f1ar mucho escucharlos desde adentro. Ahora voy a ser uno m\u00e1s de ustedes, alentando y bancando siempre desde afuera<\/strong>\u201d, concluy\u00f3 en su misiva el ahora\u00a0<strong>excapit\u00e1n del equipo argentino, LionelMessi<\/strong>.<strong> (VW)<\/strong><\/p>\n","protected":false},"excerpt":{"rendered":"<p>Legisladores de distintos espacios bonaerenses reaccionaron a la decisi\u00f3n de Lionel Messi y destacaron sus m\u00e1s de 20 a\u00f1os con la Selecci\u00f3n argentina.<\/p>\n","protected":false},"author":4,"featured_media":13332,"comment_status":"closed","ping_status":"closed","sticky":false,"template":"","format":"standard","meta":{"_monsterinsights_skip_tracking":false,"_monsterinsights_sitenote_active":false,"_monsterinsights_sitenote_note":"","_monsterinsights_sitenote_category":0,"footnotes":""},"categories":[3],"tags":[6246,9598,9597,3465],"class_list":["post-22383","post","type-post","status-publish","format-standard","has-post-thumbnail","hentry","category-actualidad","tag-legisladores-bonaerenses","tag-repercusion-y-agradecimiento","tag-retiro-de-messi","tag-seleccion-argentina"],"_links":{"self":[{"href":"https:\/\/www.visionweb.com.ar\/index.php?rest_route=\/wp\/v2\/posts\/22383","targetHints":{"allow":["GET"]}}],"collection":[{"href":"https:\/\/www.visionweb.com.ar\/index.php?rest_route=\/wp\/v2\/posts"}],"about":[{"href":"https:\/\/www.visionweb.com.ar\/index.php?rest_route=\/wp\/v2\/types\/post"}],"author":[{"embeddable":true,"href":"https:\/\/www.visionweb.com.ar\/index.php?rest_route=\/wp\/v2\/users\/4"}],"replies":[{"embeddable":true,"href":"https:\/\/www.visionweb.com.ar\/index.php?rest_route=%2Fwp%2Fv2%2Fcomments&post=22383"}],"version-history":[{"count":1,"href":"https:\/\/www.visionweb.com.ar\/index.php?rest_route=\/wp\/v2\/posts\/22383\/revisions"}],"predecessor-version":[{"id":22384,"href":"https:\/\/www.visionweb.com.ar\/index.php?rest_route=\/wp\/v2\/posts\/22383\/revisions\/22384"}],"wp:featuredmedia":[{"embeddable":true,"href":"https:\/\/www.visionweb.com.ar\/index.php?rest_route=\/wp\/v2\/media\/13332"}],"wp:attachment":[{"href":"https:\/\/www.visionweb.com.ar\/index.php?rest_route=%2Fwp%2Fv2%2Fmedia&parent=22383"}],"wp:term":[{"taxonomy":"category","embeddable":true,"href":"https:\/\/www.visionweb.com.ar\/index.php?rest_route=%2Fwp%2Fv2%2Fcategories&post=22383"},{"taxonomy":"post_tag","embeddable":true,"href":"https:\/\/www.visionweb.com.ar\/index.php?rest_route=%2Fwp%2Fv2%2Ftags&post=22383"}],"curies":[{"name":"wp","href":"https:\/\/api.w.org\/{rel}","templated":true}]}}