{"id":22380,"date":"2026-08-31T13:36:43","date_gmt":"2026-08-31T16:36:43","guid":{"rendered":"https:\/\/www.visionweb.com.ar\/?p=22380"},"modified":"2026-08-31T13:36:43","modified_gmt":"2026-08-31T16:36:43","slug":"el-presidente-javier-milei-tiene-una-denuncia-penal-por-su-discurso-en-el-colegio-ort","status":"publish","type":"post","link":"https:\/\/www.visionweb.com.ar\/?p=22380","title":{"rendered":"El presidente Javier Milei tiene una denuncia penal por su discurso en el colegio ORT"},"content":{"rendered":"<p><em><strong>La presentaci\u00f3n realizada por la organizaci\u00f3n Reset Republicano, sostiene que\u00a0el mandatario habr\u00eda utilizado un \u00e1mbito escolar y la estructura oficial de comunicaci\u00f3n de la Presidencia para realizar una exposici\u00f3n de car\u00e1cter partidario. Seg\u00fan la denuncia,\u00a0Milei habr\u00eda aprovechado la presencia de adolescentes para agraviar a dirigentes opositores y promover expresiones de rechazo hacia la prensa.<\/strong><\/em><!--more--><\/p>\n<p><img loading=\"lazy\" decoding=\"async\" class=\"size-medium wp-image-22381 alignright\" src=\"https:\/\/www.visionweb.com.ar\/wp-content\/uploads\/2026\/08\/milei-en-el-colegio-ort-295x300.png\" alt=\"\" width=\"295\" height=\"300\" srcset=\"https:\/\/www.visionweb.com.ar\/wp-content\/uploads\/2026\/08\/milei-en-el-colegio-ort-295x300.png 295w, https:\/\/www.visionweb.com.ar\/wp-content\/uploads\/2026\/08\/milei-en-el-colegio-ort-80x80.png 80w, https:\/\/www.visionweb.com.ar\/wp-content\/uploads\/2026\/08\/milei-en-el-colegio-ort.png 343w\" sizes=\"auto, (max-width: 295px) 100vw, 295px\" \/>\u00a0\u00a0\u00a0\u00a0\u00a0\u00a0\u00a0 <strong>E<\/strong>l presidente\u00a0<strong>Javier Milei\u00a0<\/strong>fue denunciado penalmente <strong>por la organizaci\u00f3n Reset Republicano,<\/strong> por el discurso que brind\u00f3 en el\u00a0<strong>colegio ORT<\/strong>\u00a0frente a alumnos de 4\u00b0 y 5\u00b0 a\u00f1o, en el que apunt\u00f3 duramente contra la oposici\u00f3n y el periodismo.<\/p>\n<p>La presentaci\u00f3n fue <strong>realizada <\/strong>por el <strong>delito de abuso de autoridad, violaci\u00f3n de los deberes de funcionario p\u00fablico y discriminaci\u00f3n<\/strong>. El caso qued\u00f3 en manos del Juzgado Criminal y Correccional Federal N\u00b012 de Comodoro Py.<\/p>\n<p>\u201cEl Presidente, en ejercicio de su cargo y vali\u00e9ndose de la estructura oficial de comunicaci\u00f3n institucional de la Presidencia, utiliz\u00f3 un espacio escolar para menores de edad, con el fin de\u00a0<strong>desplegar una arenga de car\u00e1cter proselitista, agraviar a opositores<\/strong>\u00a0y compeler a un auditorio de adolescentes a\u00a0<strong>hostigar p\u00fablicamente a la prensa<\/strong>\u201d, dice la denuncia, de acuerdo inform\u00f3 Agencia NA.<\/p>\n<p>Los abogados de la entidad <strong>Reset Republicano,<\/strong> que es una agrupaci\u00f3n civil y de abogados dedicada a controlar los actos de gobierno y exigir transparencia, cuestionaron que Milei \u201cabandon\u00f3 su deber de priorizar el inter\u00e9s p\u00fablico sobre el particular intercalando afirmaciones de corte claramente partidario\u201d en su discurso y realizar <strong>\u201cdeclaraciones contrarias a la libertad y pluralismo pol\u00edticos\u201d<\/strong>.<\/p>\n<p>\u201cAl hacerlo,\u00a0<strong>omiti\u00f3 deliberadamente su deber primordial como jefe de Estado<\/strong>\u00a0de ejecutar, <strong>respetar y garantizar las leyes de orden p\u00fablico<\/strong> que protegen la salud democr\u00e1tica y la integridad de las infancias\u201d, sumaron.<\/p>\n<p>Tambi\u00e9n remarcaron que \u201cabus\u00f3 de la relaci\u00f3n asim\u00e9trica que la ocasi\u00f3n le atribu\u00eda para imponer a adolescentes ins\u00f3litas y acad\u00e9micamente cuestionables teor\u00edas sobre el origen \u2018sat\u00e1nico\u2019 del marxismo\u201d, y que \u201cpromovi\u00f3 entre adolescentes su conocido odio al periodismo\u201d.<\/p>\n<p>Durante su disertaci\u00f3n en la ORT, el Presidente volvi\u00f3 a cuestionar el <strong>rol de la prensa<\/strong> y areng\u00f3 a los alumnos a abuchearla: \u201cSi quieren hacerlo m\u00e1s fuerte se los voy a festejar\u201d, dijo.<\/p>\n<p>\u201cLa jurisprudencia argentina ha establecido que<strong>\u00a0la palabra presidencial posee un efecto multiplicador y un peso institucional<\/strong>\u00a0que de ninguna manera puede equipararse al de un ciudadano com\u00fan. Al usar el aparato de comunicaci\u00f3n estatal para propagar discursos de superioridad ideol\u00f3gica y conminar a menores de edad a participar de actos de repudio p\u00fablico,\u00a0<strong>el mandatario desborda los l\u00edmites de la libertad de expresi\u00f3n<\/strong>\u00a0para ingresar en el terreno de la incitaci\u00f3n al odio ideol\u00f3gico, perfeccionando la conducta t\u00edpica prevista en la ley antidiscriminatoria\u201d, manifestaron. <strong>(VW)<\/strong><\/p>\n","protected":false},"excerpt":{"rendered":"<p>La presentaci\u00f3n realizada por la organizaci\u00f3n Reset Republicano, sostiene que\u00a0el mandatario habr\u00eda utilizado un \u00e1mbito escolar y la estructura oficial de comunicaci\u00f3n de la Presidencia para realizar una exposici\u00f3n de car\u00e1cter partidario. Seg\u00fan la&#46;&#46;&#46;<\/p>\n","protected":false},"author":4,"featured_media":22381,"comment_status":"closed","ping_status":"closed","sticky":false,"template":"","format":"standard","meta":{"_monsterinsights_skip_tracking":false,"_monsterinsights_sitenote_active":false,"_monsterinsights_sitenote_note":"","_monsterinsights_sitenote_category":0,"footnotes":""},"categories":[4],"tags":[9595,9594,4530,9596],"class_list":["post-22380","post","type-post","status-publish","format-standard","has-post-thumbnail","hentry","category-politica","tag-denuncia-penal","tag-discurso-en-el-colegio-ort","tag-milei","tag-reset-republicano"],"_links":{"self":[{"href":"https:\/\/www.visionweb.com.ar\/index.php?rest_route=\/wp\/v2\/posts\/22380","targetHints":{"allow":["GET"]}}],"collection":[{"href":"https:\/\/www.visionweb.com.ar\/index.php?rest_route=\/wp\/v2\/posts"}],"about":[{"href":"https:\/\/www.visionweb.com.ar\/index.php?rest_route=\/wp\/v2\/types\/post"}],"author":[{"embeddable":true,"href":"https:\/\/www.visionweb.com.ar\/index.php?rest_route=\/wp\/v2\/users\/4"}],"replies":[{"embeddable":true,"href":"https:\/\/www.visionweb.com.ar\/index.php?rest_route=%2Fwp%2Fv2%2Fcomments&post=22380"}],"version-history":[{"count":2,"href":"https:\/\/www.visionweb.com.ar\/index.php?rest_route=\/wp\/v2\/posts\/22380\/revisions"}],"predecessor-version":[{"id":22385,"href":"https:\/\/www.visionweb.com.ar\/index.php?rest_route=\/wp\/v2\/posts\/22380\/revisions\/22385"}],"wp:featuredmedia":[{"embeddable":true,"href":"https:\/\/www.visionweb.com.ar\/index.php?rest_route=\/wp\/v2\/media\/22381"}],"wp:attachment":[{"href":"https:\/\/www.visionweb.com.ar\/index.php?rest_route=%2Fwp%2Fv2%2Fmedia&parent=22380"}],"wp:term":[{"taxonomy":"category","embeddable":true,"href":"https:\/\/www.visionweb.com.ar\/index.php?rest_route=%2Fwp%2Fv2%2Fcategories&post=22380"},{"taxonomy":"post_tag","embeddable":true,"href":"https:\/\/www.visionweb.com.ar\/index.php?rest_route=%2Fwp%2Fv2%2Ftags&post=22380"}],"curies":[{"name":"wp","href":"https:\/\/api.w.org\/{rel}","templated":true}]}}