{"id":22373,"date":"2026-08-30T10:16:53","date_gmt":"2026-08-30T13:16:53","guid":{"rendered":"https:\/\/www.visionweb.com.ar\/?p=22373"},"modified":"2026-08-30T10:18:16","modified_gmt":"2026-08-30T13:18:16","slug":"dia-del-arbol-entidades-de-la-indsutria-de-la-madera-impulsaron-una-jornada-de-implantacion-de-arboles","status":"publish","type":"post","link":"https:\/\/www.visionweb.com.ar\/?p=22373","title":{"rendered":"D\u00eda del \u00e1rbol: Entidades de la industria de la madera impulsaron una jornada de implantaci\u00f3n de \u00e1rboles"},"content":{"rendered":"<p><strong><em>En el marco del D\u00eda del \u00c1rbol, FAIMA, CEMA y CAFYDMA participaron junto a alumnos de la Escuela N\u00b0 12 del Distrito Escolar 21, ubicada en la Villa Ol\u00edmpica de la Ciudad de Buenos Aires, de una jornada de educaci\u00f3n ambiental que culmin\u00f3 con la plantaci\u00f3n de seis ejemplares.<\/em> <\/strong><!--more--><\/p>\n<p><img loading=\"lazy\" decoding=\"async\" class=\"size-medium wp-image-22374 alignleft\" src=\"https:\/\/www.visionweb.com.ar\/wp-content\/uploads\/2026\/08\/ARBOL-SIEMBRA-300x200.png\" alt=\"\" width=\"300\" height=\"200\" srcset=\"https:\/\/www.visionweb.com.ar\/wp-content\/uploads\/2026\/08\/ARBOL-SIEMBRA-300x200.png 300w, https:\/\/www.visionweb.com.ar\/wp-content\/uploads\/2026\/08\/ARBOL-SIEMBRA.png 640w\" sizes=\"auto, (max-width: 300px) 100vw, 300px\" \/>En el marco de la ceebraci\u00f3n dl D\u00eda dl \u00e1rbol, este 29 de agosto, se constituy\u00f3 en una oportunidad para sembrar conocimiento. Con ese esp\u00edritu, la Federaci\u00f3n Argentina de la Industria Maderera y Afines (FAIMA), junto con CEMA y CAFYDMA, llev\u00f3 adelante una actividad de plantaci\u00f3n urbana junto a la comunidad educativa de la Escuela N\u00b0 12 del Distrito Escolar 21, en la Villa Ol\u00edmpica de la Ciudad de Buenos Aires.<\/p>\n<p>Durante la jornada, alumnos de tercer grado conversaron con representantes de las entidades sobre\u00a0<strong>la importancia de la forestaci\u00f3n, el cuidado del ambiente y el papel que cumplen los \u00e1rboles en la vida cotidiana<\/strong>, en un encuentro pensado para acercar estos conceptos desde edades tempranas y vincularlos con una experiencia concreta.<u><\/u><u><\/u><\/p>\n<p>La actividad tuvo su momento central en el espacio exterior de la escuela, donde los chicos participaron de la\u00a0<strong>plantaci\u00f3n de seis \u00e1rboles<\/strong>, dejando una huella que podr\u00e1 crecer junto con ellos y con las pr\u00f3ximas generaciones de alumnos que transiten por la instituci\u00f3n.<\/p>\n<p><img loading=\"lazy\" decoding=\"async\" class=\"size-medium wp-image-22375 alignright\" src=\"https:\/\/www.visionweb.com.ar\/wp-content\/uploads\/2026\/08\/ARBOL-SIEMBRA-2-300x200.png\" alt=\"\" width=\"300\" height=\"200\" srcset=\"https:\/\/www.visionweb.com.ar\/wp-content\/uploads\/2026\/08\/ARBOL-SIEMBRA-2-300x200.png 300w, https:\/\/www.visionweb.com.ar\/wp-content\/uploads\/2026\/08\/ARBOL-SIEMBRA-2.png 640w\" sizes=\"auto, (max-width: 300px) 100vw, 300px\" \/>La iniciativa cont\u00f3 adem\u00e1s con la participaci\u00f3n de alumnos de toda la escuela, integrantes del plantel educativo y autoridades de FAIMA, CEMA y CAFYDMA.<u><\/u><u><\/u><\/p>\n<h3 style=\"text-align: center;\"><span style=\"color: #0000ff;\"><em><strong>La actividad busc\u00f3 acercar a los m\u00e1s chicos la importancia de los \u00e1rboles, la forestaci\u00f3n y el cuidado del ambiente desde una experiencia concreta y participativa.<\/strong><\/em><\/span><\/h3>\n<p>Para FAIMA, este tipo de acciones permiten tambi\u00e9n poner en valor\u00a0<strong>el v\u00ednculo entre los bosques, la madera y el desarrollo sostenible<\/strong>. Los \u00e1rboles constituyen un recurso renovable fundamental y, cuando los bosques son gestionados responsablemente, forman parte de una cadena productiva capaz de generar empleo, desarrollo territorial y materiales de origen natural para m\u00faltiples usos.<u><\/u><u><\/u><\/p>\n<p>En ese sentido, promover desde la infancia el conocimiento sobre los \u00e1rboles y su cuidado contribuye a construir una mirada m\u00e1s amplia sobre los recursos naturales:\u00a0<strong>plantar, cuidar, producir y volver a plantar forman parte de una misma l\u00f3gica de desarrollo sostenible<\/strong>, en la que la educaci\u00f3n ocupa un lugar central.<u><\/u><u><\/u><\/p>\n<p><u><\/u><u><\/u>As\u00ed, la celebraci\u00f3n del D\u00eda del \u00c1rbol trascendi\u00f3 la fecha conmemorativa para transformarse en una experiencia compartida:\u00a0<strong>seis nuevos \u00e1rboles que comienzan a crecer en la escuela y, junto con ellos, una nueva oportunidad para acercar a los chicos el valor de los bosques y del cuidado del ambiente.(VW)<\/strong><\/p>\n<p>&nbsp;<\/p>\n","protected":false},"excerpt":{"rendered":"<p>En el marco del D\u00eda del \u00c1rbol, FAIMA, CEMA y CAFYDMA participaron junto a alumnos de la Escuela N\u00b0 12 del Distrito Escolar 21, ubicada en la Villa Ol\u00edmpica de la Ciudad de Buenos&#46;&#46;&#46;<\/p>\n","protected":false},"author":3,"featured_media":22374,"comment_status":"closed","ping_status":"closed","sticky":false,"template":"","format":"standard","meta":{"_monsterinsights_skip_tracking":false,"_monsterinsights_sitenote_active":false,"_monsterinsights_sitenote_note":"","_monsterinsights_sitenote_category":0,"footnotes":""},"categories":[7,5],"tags":[5864,330,219,9590],"class_list":["post-22373","post","type-post","status-publish","format-standard","has-post-thumbnail","hentry","category-educacion-y-cultura","category-sociedad","tag-arbol","tag-caba","tag-dia","tag-siembra"],"_links":{"self":[{"href":"https:\/\/www.visionweb.com.ar\/index.php?rest_route=\/wp\/v2\/posts\/22373","targetHints":{"allow":["GET"]}}],"collection":[{"href":"https:\/\/www.visionweb.com.ar\/index.php?rest_route=\/wp\/v2\/posts"}],"about":[{"href":"https:\/\/www.visionweb.com.ar\/index.php?rest_route=\/wp\/v2\/types\/post"}],"author":[{"embeddable":true,"href":"https:\/\/www.visionweb.com.ar\/index.php?rest_route=\/wp\/v2\/users\/3"}],"replies":[{"embeddable":true,"href":"https:\/\/www.visionweb.com.ar\/index.php?rest_route=%2Fwp%2Fv2%2Fcomments&post=22373"}],"version-history":[{"count":2,"href":"https:\/\/www.visionweb.com.ar\/index.php?rest_route=\/wp\/v2\/posts\/22373\/revisions"}],"predecessor-version":[{"id":22377,"href":"https:\/\/www.visionweb.com.ar\/index.php?rest_route=\/wp\/v2\/posts\/22373\/revisions\/22377"}],"wp:featuredmedia":[{"embeddable":true,"href":"https:\/\/www.visionweb.com.ar\/index.php?rest_route=\/wp\/v2\/media\/22374"}],"wp:attachment":[{"href":"https:\/\/www.visionweb.com.ar\/index.php?rest_route=%2Fwp%2Fv2%2Fmedia&parent=22373"}],"wp:term":[{"taxonomy":"category","embeddable":true,"href":"https:\/\/www.visionweb.com.ar\/index.php?rest_route=%2Fwp%2Fv2%2Fcategories&post=22373"},{"taxonomy":"post_tag","embeddable":true,"href":"https:\/\/www.visionweb.com.ar\/index.php?rest_route=%2Fwp%2Fv2%2Ftags&post=22373"}],"curies":[{"name":"wp","href":"https:\/\/api.w.org\/{rel}","templated":true}]}}