{"id":21089,"date":"2026-05-01T16:23:18","date_gmt":"2026-05-01T19:23:18","guid":{"rendered":"https:\/\/www.visionweb.com.ar\/?p=21089"},"modified":"2026-05-01T16:23:18","modified_gmt":"2026-05-01T19:23:18","slug":"1-de-mayo173-aniversario-de-la-sancion-de-la-constitucion-nacional","status":"publish","type":"post","link":"https:\/\/www.visionweb.com.ar\/?p=21089","title":{"rendered":"1 de Mayo:173\u00b0 aniversario de la sanci\u00f3n de la Constituci\u00f3n Nacional"},"content":{"rendered":"<p><strong><em>Entre sus definiciones centrales, estableci\u00f3 la organizaci\u00f3n de los poderes Ejecutivo, Legislativo y Judicial, as\u00ed como los derechos y garant\u00edas fundamentales de todos los habitantes.<\/em><\/strong><!--more--><\/p>\n<div id=\"attachment_21090\" style=\"width: 310px\" class=\"wp-caption alignleft\"><img loading=\"lazy\" decoding=\"async\" aria-describedby=\"caption-attachment-21090\" class=\"size-medium wp-image-21090\" src=\"https:\/\/www.visionweb.com.ar\/wp-content\/uploads\/2026\/05\/DIA-DE-LA-CONSTITUION-300x200.jpg\" alt=\"\" width=\"300\" height=\"200\" srcset=\"https:\/\/www.visionweb.com.ar\/wp-content\/uploads\/2026\/05\/DIA-DE-LA-CONSTITUION-300x200.jpg 300w, https:\/\/www.visionweb.com.ar\/wp-content\/uploads\/2026\/05\/DIA-DE-LA-CONSTITUION.jpg 640w\" sizes=\"auto, (max-width: 300px) 100vw, 300px\" \/><p id=\"caption-attachment-21090\" class=\"wp-caption-text\">Dise\u00f1o sin t\u00edtulo &#8211; 2<\/p><\/div>\n<p>El 1\u00b0 de mayo de 1853 se sancion\u00f3 en la ciudad de Santa Fe la Constituci\u00f3n Nacional Argentina, documento fundamental que estableci\u00f3 las bases del sistema republicano, representativo y federal que organiza la vida pol\u00edtica del pa\u00eds.<\/p>\n<p>Su redacci\u00f3n fue el resultado de un proceso hist\u00f3rico orientado a consolidar la unidad nacional tras d\u00e9cadas de conflictos internos. Inspirada en los principios del liberalismo y en los aportes de\u00a0<a href=\"https:\/\/www.casarosada.gob.ar\/slider-principal\/50626-juan-bautista-alberdi-el-fundador-intelectual-de-nuestra-nacion\" target=\"_blank\" rel=\"noopener\">Juan Bautista Alberdi<\/a>, especialmente en su obra Bases y puntos de partida para la organizaci\u00f3n pol\u00edtica de la Rep\u00fablica Argentina, la Constituci\u00f3n sent\u00f3 un marco institucional destinado a garantizar las libertades individuales, la divisi\u00f3n de poderes y el funcionamiento de un gobierno basado en la ley.<\/p>\n<p>Entre sus definiciones centrales, estableci\u00f3 la organizaci\u00f3n de los poderes Ejecutivo, Legislativo y Judicial, as\u00ed como los derechos y garant\u00edas fundamentales de todos los habitantes. Su Pre\u00e1mbulo sintetiza los valores que gu\u00edan la vida democr\u00e1tica: constituir la uni\u00f3n nacional, afianzar la justicia, consolidar la paz interior, promover el bienestar general y asegurar los beneficios de la libertad.<\/p>\n<p>A lo largo del tiempo, la Constituci\u00f3n fue reformada en distintas oportunidades \u20141860, 1866, 1898, 1957 y 1994\u2014 con el objetivo de adecuarse a los cambios sociales, pol\u00edticos y culturales del pa\u00eds, manteniendo su vigencia como pilar del orden institucional argentino.<\/p>\n<p>El D\u00eda de la Constituci\u00f3n Nacional fue establecido mediante la\u00a0<a href=\"https:\/\/www.argentina.gob.ar\/normativa\/nacional\/ley-25863-91818\" target=\"_blank\" rel=\"noopener\">Ley N.\u00ba 25.863<\/a>\u00a0en 2003, con el prop\u00f3sito de promover su conocimiento y fortalecer la conciencia c\u00edvica sobre su importancia.<\/p>\n<p>A 173 a\u00f1os de su sanci\u00f3n, la Constituci\u00f3n Nacional contin\u00faa siendo el fundamento del sistema democr\u00e1tico argentino y el marco que garantiza los derechos, las instituciones y la organizaci\u00f3n del Estado<strong>(VW)<\/strong><\/p>\n","protected":false},"excerpt":{"rendered":"<p>Entre sus definiciones centrales, estableci\u00f3 la organizaci\u00f3n de los poderes Ejecutivo, Legislativo y Judicial, as\u00ed como los derechos y garant\u00edas fundamentales de todos los habitantes.<\/p>\n","protected":false},"author":3,"featured_media":21090,"comment_status":"closed","ping_status":"closed","sticky":false,"template":"","format":"standard","meta":{"_monsterinsights_skip_tracking":false,"_monsterinsights_sitenote_active":false,"_monsterinsights_sitenote_note":"","_monsterinsights_sitenote_category":0,"footnotes":""},"categories":[7],"tags":[],"class_list":["post-21089","post","type-post","status-publish","format-standard","has-post-thumbnail","hentry","category-educacion-y-cultura"],"_links":{"self":[{"href":"https:\/\/www.visionweb.com.ar\/index.php?rest_route=\/wp\/v2\/posts\/21089","targetHints":{"allow":["GET"]}}],"collection":[{"href":"https:\/\/www.visionweb.com.ar\/index.php?rest_route=\/wp\/v2\/posts"}],"about":[{"href":"https:\/\/www.visionweb.com.ar\/index.php?rest_route=\/wp\/v2\/types\/post"}],"author":[{"embeddable":true,"href":"https:\/\/www.visionweb.com.ar\/index.php?rest_route=\/wp\/v2\/users\/3"}],"replies":[{"embeddable":true,"href":"https:\/\/www.visionweb.com.ar\/index.php?rest_route=%2Fwp%2Fv2%2Fcomments&post=21089"}],"version-history":[{"count":1,"href":"https:\/\/www.visionweb.com.ar\/index.php?rest_route=\/wp\/v2\/posts\/21089\/revisions"}],"predecessor-version":[{"id":21091,"href":"https:\/\/www.visionweb.com.ar\/index.php?rest_route=\/wp\/v2\/posts\/21089\/revisions\/21091"}],"wp:featuredmedia":[{"embeddable":true,"href":"https:\/\/www.visionweb.com.ar\/index.php?rest_route=\/wp\/v2\/media\/21090"}],"wp:attachment":[{"href":"https:\/\/www.visionweb.com.ar\/index.php?rest_route=%2Fwp%2Fv2%2Fmedia&parent=21089"}],"wp:term":[{"taxonomy":"category","embeddable":true,"href":"https:\/\/www.visionweb.com.ar\/index.php?rest_route=%2Fwp%2Fv2%2Fcategories&post=21089"},{"taxonomy":"post_tag","embeddable":true,"href":"https:\/\/www.visionweb.com.ar\/index.php?rest_route=%2Fwp%2Fv2%2Ftags&post=21089"}],"curies":[{"name":"wp","href":"https:\/\/api.w.org\/{rel}","templated":true}]}}