{"id":21083,"date":"2026-04-30T12:33:59","date_gmt":"2026-04-30T15:33:59","guid":{"rendered":"https:\/\/www.visionweb.com.ar\/?p=21083"},"modified":"2026-04-30T12:33:59","modified_gmt":"2026-04-30T15:33:59","slug":"la-cgt-marcha-por-el-dia-del-trabajador","status":"publish","type":"post","link":"https:\/\/www.visionweb.com.ar\/?p=21083","title":{"rendered":"La CGT marcha por el D\u00eda del Trabajador"},"content":{"rendered":"<p><em><strong>La marcha de este jueves a Plaza de Mayo en el D\u00eda del Trabajador hace foco en el empleo, los salarios y el cierre de empresas. Adem\u00e1s la movilizaci\u00f3n se declara en rechazo a las pol\u00edticas de Milei y la reforma laboral, bajo la consigna:\u00a0\u201cEl trabajo es con derechos o es esclavo\u201d.<\/strong><\/em><!--more--><\/p>\n<p><strong>\u00a0 <img loading=\"lazy\" decoding=\"async\" class=\"size-medium wp-image-20388 alignleft\" src=\"https:\/\/www.visionweb.com.ar\/wp-content\/uploads\/2026\/02\/CGT-reforma-300x154.png\" alt=\"\" width=\"300\" height=\"154\" srcset=\"https:\/\/www.visionweb.com.ar\/wp-content\/uploads\/2026\/02\/CGT-reforma-300x154.png 300w, https:\/\/www.visionweb.com.ar\/wp-content\/uploads\/2026\/02\/CGT-reforma.png 572w\" sizes=\"auto, (max-width: 300px) 100vw, 300px\" \/>\u00a0\u00a0\u00a0\u00a0\u00a0\u00a0\u00a0\u00a0\u00a0\u00a0\u00a0\u00a0 L<\/strong>a\u00a0<strong>Confederaci\u00f3n General del Trabajo (CGT)\u00a0<\/strong>marchar\u00e1 este jueves desde las 15 hacia Plaza de Mayo en la v\u00edspera del\u00a0<strong>D\u00eda del Trabajador<\/strong>, en una movilizaci\u00f3n que apunta directamente contra las pol\u00edticas econ\u00f3micas del gobierno de Javier Milei.<\/p>\n<p>La central sindical buscar\u00e1 visibilizar la situaci\u00f3n del <strong>empleo, la p\u00e9rdida del poder adquisitivo y el impacto del cierre de empresas<\/strong> en distintos sectores productivos.<\/p>\n<p>Se espera una convocatoria amplia, con la participaci\u00f3n de gremios, organizaciones sociales y espacios pol\u00edticos opositores. En el acto central tambi\u00e9n se realizar\u00e1 un homenaje al Papa Francisco, al cumplirse un a\u00f1o de su fallecimiento, en un gesto que buscar\u00e1 sumar una dimensi\u00f3n simb\u00f3lica y social a la jornada de protesta.<\/p>\n<p>La movilizaci\u00f3n tendr\u00e1 adem\u00e1s como <strong>eje el rechazo a la reforma laboral<\/strong> impulsada por el Gobierno, en un contexto judicial cambiante.<strong>\u00a0<\/strong><\/p>\n<p><strong>Si bien inicialmente la CGT contaba con un freno cautelar, en los \u00faltimos d\u00edas la C\u00e1mara de Apelaciones del Trabajo revirti\u00f3 esa medida, lo que oblig\u00f3 a la conducci\u00f3n sindical a replantear su estrategia frente al nuevo escenario.<\/strong><\/p>\n<p>Con este acto, la CGT intentar\u00e1 recuperar protagonismo y demostrar capacidad de movilizaci\u00f3n en medio de la reconfiguraci\u00f3n pol\u00edtica.<\/p>\n<p>Seg\u00fan anticiparon fuentes sindicales, el documento que se leer\u00e1 en Plaza de Mayo cuestionar\u00e1 el rumbo econ\u00f3mico al sostener que beneficia a sectores financieros y especulativos, en detrimento de la industria, la construcci\u00f3n y el comercio, bajo la consigna:\u00a0<strong>\u201cEl trabajo es con derechos o es esclavo\u201d.<\/strong><strong> (VW)<\/strong><\/p>\n<p>&nbsp;<\/p>\n","protected":false},"excerpt":{"rendered":"<p>La marcha de este jueves a Plaza de Mayo en el D\u00eda del Trabajador hace foco en el empleo, los salarios y el cierre de empresas. Adem\u00e1s la movilizaci\u00f3n se declara en rechazo a&#46;&#46;&#46;<\/p>\n","protected":false},"author":4,"featured_media":20388,"comment_status":"closed","ping_status":"closed","sticky":false,"template":"","format":"standard","meta":{"_monsterinsights_skip_tracking":false,"_monsterinsights_sitenote_active":false,"_monsterinsights_sitenote_note":"","_monsterinsights_sitenote_category":0,"footnotes":""},"categories":[4,5],"tags":[2032,9051],"class_list":["post-21083","post","type-post","status-publish","format-standard","has-post-thumbnail","hentry","category-politica","category-sociedad","tag-cgt","tag-marcha-dia-del-trabajador"],"_links":{"self":[{"href":"https:\/\/www.visionweb.com.ar\/index.php?rest_route=\/wp\/v2\/posts\/21083","targetHints":{"allow":["GET"]}}],"collection":[{"href":"https:\/\/www.visionweb.com.ar\/index.php?rest_route=\/wp\/v2\/posts"}],"about":[{"href":"https:\/\/www.visionweb.com.ar\/index.php?rest_route=\/wp\/v2\/types\/post"}],"author":[{"embeddable":true,"href":"https:\/\/www.visionweb.com.ar\/index.php?rest_route=\/wp\/v2\/users\/4"}],"replies":[{"embeddable":true,"href":"https:\/\/www.visionweb.com.ar\/index.php?rest_route=%2Fwp%2Fv2%2Fcomments&post=21083"}],"version-history":[{"count":1,"href":"https:\/\/www.visionweb.com.ar\/index.php?rest_route=\/wp\/v2\/posts\/21083\/revisions"}],"predecessor-version":[{"id":21084,"href":"https:\/\/www.visionweb.com.ar\/index.php?rest_route=\/wp\/v2\/posts\/21083\/revisions\/21084"}],"wp:featuredmedia":[{"embeddable":true,"href":"https:\/\/www.visionweb.com.ar\/index.php?rest_route=\/wp\/v2\/media\/20388"}],"wp:attachment":[{"href":"https:\/\/www.visionweb.com.ar\/index.php?rest_route=%2Fwp%2Fv2%2Fmedia&parent=21083"}],"wp:term":[{"taxonomy":"category","embeddable":true,"href":"https:\/\/www.visionweb.com.ar\/index.php?rest_route=%2Fwp%2Fv2%2Fcategories&post=21083"},{"taxonomy":"post_tag","embeddable":true,"href":"https:\/\/www.visionweb.com.ar\/index.php?rest_route=%2Fwp%2Fv2%2Ftags&post=21083"}],"curies":[{"name":"wp","href":"https:\/\/api.w.org\/{rel}","templated":true}]}}