{"id":21080,"date":"2026-04-30T13:22:57","date_gmt":"2026-04-30T16:22:57","guid":{"rendered":"https:\/\/www.visionweb.com.ar\/?p=21080"},"modified":"2026-04-30T13:22:57","modified_gmt":"2026-04-30T16:22:57","slug":"intendentes-bonaerenses-intentaron-entregar-un-documento-en-capital-humano","status":"publish","type":"post","link":"https:\/\/www.visionweb.com.ar\/?p=21080","title":{"rendered":"Intendentes bonaerenses intentaron entregar un documento en Capital Humano"},"content":{"rendered":"<p><em><strong>La titular de la cartera nacional, Sandra Pettovello no se encontraba en la sede ministerial y los alcaldes bonaerenses fueron derivados al edificio de la Av. 9 de Julio.<\/strong><\/em> <!--more--><\/p>\n<p style=\"font-weight: 400;\"><img loading=\"lazy\" decoding=\"async\" class=\"size-medium wp-image-21085 alignleft\" src=\"https:\/\/www.visionweb.com.ar\/wp-content\/uploads\/2026\/04\/CAPITAL-HUMANO-300x160.png\" alt=\"\" width=\"300\" height=\"160\" srcset=\"https:\/\/www.visionweb.com.ar\/wp-content\/uploads\/2026\/04\/CAPITAL-HUMANO-300x160.png 300w, https:\/\/www.visionweb.com.ar\/wp-content\/uploads\/2026\/04\/CAPITAL-HUMANO.png 640w\" sizes=\"auto, (max-width: 300px) 100vw, 300px\" \/>Intendentes del conurbano bonaerense y de municipios del segundo cintur\u00f3n del Gran Buenos Aires, se reunieron frente al ministerio de Capital Humano, ubicado en el el centro de la ciudad de Buenos Aires, para entregar un petitorio a la titular de la cartera, Sandra Pettovello , quien no se encontraba en su despacho.<\/p>\n<p style=\"font-weight: 400;\">La escena no es administrativa, es pol\u00edtica. Y en el medio, un dato duro que incomoda: millones de chicos que dependen de la asistencia alimentaria en un contexto donde los municipios dicen no poder sostenerla solos.<\/p>\n<p>Los intendentes que dijeron presente fueron: \u00a0<strong>Andr\u00e9s Watson<\/strong>\u00a0(Florencio Varela),\u00a0<strong>Juan Fabiani<\/strong>\u00a0(Almirante Brown),\u00a0<strong>Leonardo Boto<\/strong>\u00a0(Luj\u00e1n),\u00a0<strong>Fabi\u00e1n Cagliardi\u00a0<\/strong>(Berisso),\u00a0<strong>Mario Secco\u00a0<\/strong>(Ensenada),\u00a0<strong>Jorge Ferraresi<\/strong>\u00a0(Avellaneda),\u00a0<strong>Juan Ignacio Ustarroz<\/strong>\u00a0(Mercedes),\u00a0<strong>Iv\u00e1n Villagr\u00e1n<\/strong>\u00a0(Carmen de Areco),\u00a0<strong>Cecilio Salazar<\/strong>\u00a0(San Pedro),\u00a0<strong>Federico de Ach\u00e1val\u00a0<\/strong>(Pilar) y\u00a0<strong>Ricardo Moccero<\/strong>\u00a0(Coronel Su\u00e1rez).<\/p>\n<p>Los jefes comunales estaban acompa\u00f1ados adem\u00e1s por\u00a0 el diputado nacional (UxP), Andr\u00e9s Larroque,\u00a0 la vicegobernadora<strong>\u00a0Ver\u00f3nica Magario<\/strong>\u00a0y otros miembros del gabinete provincial, como\u00a0<strong>Carlos Bianco<\/strong> (ministro de Gobierno).<\/p>\n<p style=\"font-weight: 400;\">La jornada arranc\u00f3 con un gesto de unidad poco habitual. Desde la Federaci\u00f3n Argentina de Municipios, jefes comunales de distintos signos pol\u00edticos caminaron hacia el Ministerio de Capital Humano con un reclamo com\u00fan. Pedir fondos para comida.<\/p>\n<p><strong>\u00abVenimos a pedir que la ministra Pettovello cumpla con sus deudas<\/strong>. El aumento que planea el presupuesto de Capital Humano para el Servicio Alimentario Escolar (SAE) es del 4% y la inflaci\u00f3n es del 40%. Viven en otra realidad y nosotros le pedimos que se hagan cargo\u201d, se\u00f1al\u00f3\u00a0<strong>Larroque<\/strong>, rodeados por alcaldes.<\/p>\n<p>Tambi\u00e9n fueron de la partida los diputados <strong>Andr\u00e9s \u00abCuervo\u00bb Larroque<\/strong> y su par\u00a0<strong>Mariano Cascallares\u00a0<\/strong>(intendente de Almirante Brown en uso de licencia).<\/p>\n<p style=\"font-weight: 400;\">Fernando Espinoza puso los n\u00fameros sobre la mesa sin eufemismos:<em> \u201cEstamos ac\u00e1 porque el gobierno de Milei quiere que, de cada 10 chicos que van a las escuelas, solo coman 4. Nos est\u00e1n debiendo 177 mil millones de pesos para el programa alimentario escolar\u201d<\/em>. La frase condensa el conflicto. No es una discusi\u00f3n contable, es una disputa por prioridades.<\/p>\n<p style=\"font-weight: 400;\">El reclamo atraviesa<strong> al Programa MESA y al Servicio Alimentario Escolar,<\/strong> dos dispositivos clave en la red de contenci\u00f3n territorial. Los intendentes sostienen que la falta de actualizaci\u00f3n de partidas y la interrupci\u00f3n de transferencias est\u00e1n desbordando a los municipios.<\/p>\n<p style=\"font-weight: 400;\">La ausencia de Sandra Pettovello no es un detalle log\u00edstico, es una se\u00f1al pol\u00edtica. No hay interlocuci\u00f3n directa en un tema que, por definici\u00f3n, no admite demoras.<\/p>\n<p style=\"font-weight: 400;\">La tensi\u00f3n se vuelve m\u00e1s \u00e1spera cuando aparecen las comparaciones.<em> \u201cEl a\u00f1o pasado le dieron 90 mil millones de pesos a su amigo Marcos Galper\u00edn en exenciones fiscales, y hoy estamos pidiendo 80 mil millones para la comida de los chicos<\/em>\u201d, dispar\u00f3 Espinoza. El mensaje busca correr el eje del debate hacia la distribuci\u00f3n del gasto. A qui\u00e9n se beneficia, a qui\u00e9n se ajusta.<\/p>\n<p style=\"font-weight: 400;\">Lo que empez\u00f3 como un reclamo puntual toma forma de conflicto estructural. Intendentes radicales, peronistas y vecinalistas firmando el mismo documento, no es un dato menor.<\/p>\n<p style=\"font-weight: 400;\">Mientras tanto, en los barrios, la discusi\u00f3n tiene otra velocidad. Los municipios advierten que est\u00e1n absorbiendo con recursos propios una demanda creciente. Comedores que se llenan, escuelas que estiran raciones, equipos sociales que trabajan al l\u00edmite. La pol\u00edtica discute, el territorio ejecuta.<\/p>\n<p style=\"font-weight: 400;\">El Gobierno nacional puesta a sostener su narrativa de orden y eficiencia. Los intendentes exponen una realidad que no entra en ese relato. En el medio, una negociaci\u00f3n que todav\u00eda no empez\u00f3. Porque para negociar primero hay que sentarse. Y en Capital Humano, por ahora, la silla sigue vac\u00eda <strong>(VW)<\/strong><\/p>\n","protected":false},"excerpt":{"rendered":"<p>La titular de la cartera nacional, Sandra Pettovello no se encontraba en la sede ministerial y los alcaldes bonaerenses fueron derivados al edificio de la Av. 9 de Julio.<\/p>\n","protected":false},"author":3,"featured_media":21085,"comment_status":"closed","ping_status":"closed","sticky":false,"template":"","format":"standard","meta":{"_monsterinsights_skip_tracking":false,"_monsterinsights_sitenote_active":false,"_monsterinsights_sitenote_note":"","_monsterinsights_sitenote_category":0,"footnotes":""},"categories":[3,4],"tags":[9052,264,148,159],"class_list":["post-21080","post","type-post","status-publish","format-standard","has-post-thumbnail","hentry","category-actualidad","category-politica","tag-documentos","tag-intendentes","tag-municipios","tag-reclamo"],"_links":{"self":[{"href":"https:\/\/www.visionweb.com.ar\/index.php?rest_route=\/wp\/v2\/posts\/21080","targetHints":{"allow":["GET"]}}],"collection":[{"href":"https:\/\/www.visionweb.com.ar\/index.php?rest_route=\/wp\/v2\/posts"}],"about":[{"href":"https:\/\/www.visionweb.com.ar\/index.php?rest_route=\/wp\/v2\/types\/post"}],"author":[{"embeddable":true,"href":"https:\/\/www.visionweb.com.ar\/index.php?rest_route=\/wp\/v2\/users\/3"}],"replies":[{"embeddable":true,"href":"https:\/\/www.visionweb.com.ar\/index.php?rest_route=%2Fwp%2Fv2%2Fcomments&post=21080"}],"version-history":[{"count":1,"href":"https:\/\/www.visionweb.com.ar\/index.php?rest_route=\/wp\/v2\/posts\/21080\/revisions"}],"predecessor-version":[{"id":21086,"href":"https:\/\/www.visionweb.com.ar\/index.php?rest_route=\/wp\/v2\/posts\/21080\/revisions\/21086"}],"wp:featuredmedia":[{"embeddable":true,"href":"https:\/\/www.visionweb.com.ar\/index.php?rest_route=\/wp\/v2\/media\/21085"}],"wp:attachment":[{"href":"https:\/\/www.visionweb.com.ar\/index.php?rest_route=%2Fwp%2Fv2%2Fmedia&parent=21080"}],"wp:term":[{"taxonomy":"category","embeddable":true,"href":"https:\/\/www.visionweb.com.ar\/index.php?rest_route=%2Fwp%2Fv2%2Fcategories&post=21080"},{"taxonomy":"post_tag","embeddable":true,"href":"https:\/\/www.visionweb.com.ar\/index.php?rest_route=%2Fwp%2Fv2%2Ftags&post=21080"}],"curies":[{"name":"wp","href":"https:\/\/api.w.org\/{rel}","templated":true}]}}