{"id":21077,"date":"2026-04-30T12:03:01","date_gmt":"2026-04-30T15:03:01","guid":{"rendered":"https:\/\/www.visionweb.com.ar\/?p=21077"},"modified":"2026-04-30T12:03:01","modified_gmt":"2026-04-30T15:03:01","slug":"la-universidad-nacional-de-quilmes-convoca-a-la-segunda-edicion-de-emprepas","status":"publish","type":"post","link":"https:\/\/www.visionweb.com.ar\/?p=21077","title":{"rendered":"La Universidad Nacional de Quilmes convoca a la segunda edici\u00f3n de EmprePas"},"content":{"rendered":"<p><em><strong>La iniciativa es impulsada por la UNQui, abrir una laternativa econ\u00f3mica para el personal de que desarrrolla sus actividades en la alta casa de estudios, como una forma de mejorar sus ingresos.<\/strong>\u00a0 \u00a0<\/em><!--more--><\/p>\n<p><img loading=\"lazy\" decoding=\"async\" class=\"size-medium wp-image-21078 alignleft\" src=\"https:\/\/www.visionweb.com.ar\/wp-content\/uploads\/2026\/04\/EMPREPAS-200x300.png\" alt=\"\" width=\"200\" height=\"300\" srcset=\"https:\/\/www.visionweb.com.ar\/wp-content\/uploads\/2026\/04\/EMPREPAS-200x300.png 200w, https:\/\/www.visionweb.com.ar\/wp-content\/uploads\/2026\/04\/EMPREPAS.png 427w\" sizes=\"auto, (max-width: 200px) 100vw, 200px\" \/>El pr\u00f3ximo martes 5 de mayo de 2026 se realizar\u00e1 la 2\u00b0 Feria EmpresPAS 2026 en la Universidad Nacional de Quilmes (UNQ), de 12 a 18 horas, en el \u00c1gora.<\/p>\n<p>Este encuentro\u00a0 est\u00e1 abierta a la comunidad donde podr\u00e1n conocer cada una de las propuestas, con precios amigables acordes a la situaci\u00f3n econ\u00f3mica que nos atraviesa a todos.<\/p>\n<p>Algunos de los rubros que se pueden encontrar son: <strong>cosm\u00e9tica y cuidados para la piel de origen natural, alimentos sin gluten, panificados y chocolater\u00eda caseros, encuadernados, perfumer\u00eda, indumentaria, moda circular sustentable, accesorios, calzados, carteras y mochilas, bazar, electr\u00f3nica, ropa interior, artesan\u00eda textil, crochet y cer\u00e1mica artesanal, manteler\u00eda y deco, turismo, entre otros.<\/strong><\/p>\n<p>La feria, de entrada libre y gratuita, re\u00fane emprendimientos de integrantes del claustro del personal administrativo y de servicios (PAS) de la UNQ, organizada de manera colaborativa entre todos los participantes.<\/p>\n<p>Es una iniciativa de la Agrupaci\u00f3n IPAS y de distintos integrantes del claustro, que surgi\u00f3 en el mes de junio 2025, con el prop\u00f3sito de ayudar a los\/as trabajadores\/as que, ante el preocupante retroceso de sus salarios, buscan con esta segunda actividad paliar sus necesidades. <strong>(VW)<\/strong><\/p>\n","protected":false},"excerpt":{"rendered":"<p>La iniciativa es impulsada por la UNQui, abrir una laternativa econ\u00f3mica para el personal de que desarrrolla sus actividades en la alta casa de estudios, como una forma de mejorar sus ingresos.\u00a0 \u00a0<\/p>\n","protected":false},"author":3,"featured_media":21078,"comment_status":"closed","ping_status":"closed","sticky":false,"template":"","format":"standard","meta":{"_monsterinsights_skip_tracking":false,"_monsterinsights_sitenote_active":false,"_monsterinsights_sitenote_note":"","_monsterinsights_sitenote_category":0,"footnotes":""},"categories":[8],"tags":[9048,172,9047],"class_list":["post-21077","post","type-post","status-publish","format-standard","has-post-thumbnail","hentry","category-interes-general","tag-alternativas","tag-comercio","tag-unqui"],"_links":{"self":[{"href":"https:\/\/www.visionweb.com.ar\/index.php?rest_route=\/wp\/v2\/posts\/21077","targetHints":{"allow":["GET"]}}],"collection":[{"href":"https:\/\/www.visionweb.com.ar\/index.php?rest_route=\/wp\/v2\/posts"}],"about":[{"href":"https:\/\/www.visionweb.com.ar\/index.php?rest_route=\/wp\/v2\/types\/post"}],"author":[{"embeddable":true,"href":"https:\/\/www.visionweb.com.ar\/index.php?rest_route=\/wp\/v2\/users\/3"}],"replies":[{"embeddable":true,"href":"https:\/\/www.visionweb.com.ar\/index.php?rest_route=%2Fwp%2Fv2%2Fcomments&post=21077"}],"version-history":[{"count":1,"href":"https:\/\/www.visionweb.com.ar\/index.php?rest_route=\/wp\/v2\/posts\/21077\/revisions"}],"predecessor-version":[{"id":21079,"href":"https:\/\/www.visionweb.com.ar\/index.php?rest_route=\/wp\/v2\/posts\/21077\/revisions\/21079"}],"wp:featuredmedia":[{"embeddable":true,"href":"https:\/\/www.visionweb.com.ar\/index.php?rest_route=\/wp\/v2\/media\/21078"}],"wp:attachment":[{"href":"https:\/\/www.visionweb.com.ar\/index.php?rest_route=%2Fwp%2Fv2%2Fmedia&parent=21077"}],"wp:term":[{"taxonomy":"category","embeddable":true,"href":"https:\/\/www.visionweb.com.ar\/index.php?rest_route=%2Fwp%2Fv2%2Fcategories&post=21077"},{"taxonomy":"post_tag","embeddable":true,"href":"https:\/\/www.visionweb.com.ar\/index.php?rest_route=%2Fwp%2Fv2%2Ftags&post=21077"}],"curies":[{"name":"wp","href":"https:\/\/api.w.org\/{rel}","templated":true}]}}