{"id":21074,"date":"2026-04-29T16:56:24","date_gmt":"2026-04-29T19:56:24","guid":{"rendered":"https:\/\/www.visionweb.com.ar\/?p=21074"},"modified":"2026-04-29T16:56:24","modified_gmt":"2026-04-29T19:56:24","slug":"hoy-se-celebra-el-dia-del-animal-en-nuestro-pais","status":"publish","type":"post","link":"https:\/\/www.visionweb.com.ar\/?p=21074","title":{"rendered":"Hoy se celebra el D\u00eda del Animal en nuestro pa\u00eds"},"content":{"rendered":"<p><em><strong>Argentina resalta su propio origen al honrar a Ignacio Lucas Albarrac\u00edn, impulsor de las primeras leyes de defensa animal. Se trata de un momento para exaltar el amor, respeto y conciencia por los animales y qu\u00e9 es posible hacer, como tambi\u00e9n qu\u00e9 se espera conseguir en su defensa y bienestar. Recomendaciones de Antiespecistas Zona Sur.<\/strong><\/em><!--more--><\/p>\n<div id=\"attachment_21075\" style=\"width: 310px\" class=\"wp-caption alignleft\"><img loading=\"lazy\" decoding=\"async\" aria-describedby=\"caption-attachment-21075\" class=\"wp-image-21075 size-medium\" src=\"https:\/\/www.visionweb.com.ar\/wp-content\/uploads\/2026\/04\/caballos-carreras-300x120.png\" alt=\"\" width=\"300\" height=\"120\" srcset=\"https:\/\/www.visionweb.com.ar\/wp-content\/uploads\/2026\/04\/caballos-carreras-300x120.png 300w, https:\/\/www.visionweb.com.ar\/wp-content\/uploads\/2026\/04\/caballos-carreras.png 754w\" sizes=\"auto, (max-width: 300px) 100vw, 300px\" \/><p id=\"caption-attachment-21075\" class=\"wp-caption-text\">Foto de internet<\/p><\/div>\n<p><strong>\u00a0 \u00a0\u00a0 C<\/strong>ada 29 de abril se conmemora en nuestro pa\u00eds el <strong>D\u00eda del Animal<\/strong>\u00a0en recuerdo de\u00a0<strong>Ignacio Lucas Albarrac\u00edn<\/strong>, <strong>impulsor de las primeras leyes de defensa animal<\/strong> y figura clave en la historia nacional.<\/p>\n<p>As\u00ed, la tradici\u00f3n argentina se distingue por su origen y significado particulares. <strong>Albarrac\u00edn,<\/strong>\u00a0<strong>abogado y presidente de la Sociedad Protectora de Animales<\/strong>, quien fue parte fundamental en la <strong>creaci\u00f3n de la primera ley para la protecci\u00f3n animal<\/strong> del pa\u00eds.<\/p>\n<p>Albarrac\u00edn naci\u00f3 el 31 de julio de 1850 en\u00a0C\u00f3rdoba, impuls\u00f3 <strong>campa\u00f1as contra las ri\u00f1as de gallos, las corridas de toros y el tiro a la paloma<\/strong>, pr\u00e1cticas comunes en esa \u00e9poca.<\/p>\n<p>En la actualidad a\u00fan existen <strong>deportes con caballos<\/strong> que ya deber\u00edan quedar fuera de pr\u00e1ctica o deber\u00edan reinventarse. Por ejemplo las carreras, que ya se hallan bastante erradicadas con perros galgos, pero a\u00fan contin\u00faan con caballos. Tambi\u00e9n otras pr\u00e1cticas como polo, pato, o las tradicionales folcl\u00f3ricas. Es decir, se busca en la generalidad erradicar el maltrato, como la tracci\u00f3n a sangre, pero a nivel global todav\u00eda est\u00e1 vigente. A\u00fan falta concientizar en ese sentido.<\/p>\n<p>A nivel\u00a0<strong>internacional<\/strong>, la conmemoraci\u00f3n habitual es el 4 de octubre, en coincidencia con\u00a0<strong>San Francisco de As\u00eds<\/strong>, patrono de los animales.<\/p>\n<p>Esta diferencia de fechas destaca el <strong>reconocimiento<\/strong> <strong>espec\u00edfico de la historia<\/strong> y el <strong>activismo local<\/strong>.<\/p>\n<p>En ese sentido, la fundaci\u00f3n <strong>Antiespecistas Zona Sur<\/strong> (ver redes) especifica diversas acciones que cada persona puede realizar en torno al bienestar animal. En Instagram pueden visualizarse los puntos estrat\u00e9gicos de protecci\u00f3n, aqu\u00ed van algunos:<\/p>\n<p>. Citar la Ley de Protecci\u00f3n Animal (14.346) para hacer efectiva alguna denuncia por cualquier tipo de maltrato, en fiscal\u00eda o comisar\u00edas.<\/p>\n<p>. Exigir el fin de la tracci\u00f3n a sangre en los municipios.<\/p>\n<p>. Cambiar h\u00e1bitos alimenticios, como tambi\u00e9n elecci\u00f3n de vestimenta sin cueros, lanas o plumas.<\/p>\n<p>. Evitar la asistencia a espect\u00e1culos con animales en cautiverio, como zool\u00f3gicos o acuarios.<\/p>\n<p>. Elegir productos de cosm\u00e9tica e higiene apto veganos, que no expongan a animales a testeos ni experimentaciones crueles. <strong>(VW)<\/strong><\/p>\n","protected":false},"excerpt":{"rendered":"<p>Argentina resalta su propio origen al honrar a Ignacio Lucas Albarrac\u00edn, impulsor de las primeras leyes de defensa animal. Se trata de un momento para exaltar el amor, respeto y conciencia por los animales&#46;&#46;&#46;<\/p>\n","protected":false},"author":4,"featured_media":21075,"comment_status":"closed","ping_status":"closed","sticky":false,"template":"","format":"standard","meta":{"_monsterinsights_skip_tracking":false,"_monsterinsights_sitenote_active":false,"_monsterinsights_sitenote_note":"","_monsterinsights_sitenote_category":0,"footnotes":""},"categories":[8,5],"tags":[9045,7625,9046],"class_list":["post-21074","post","type-post","status-publish","format-standard","has-post-thumbnail","hentry","category-interes-general","category-sociedad","tag-29-de-abril","tag-dia-del-animal","tag-maltrato"],"_links":{"self":[{"href":"https:\/\/www.visionweb.com.ar\/index.php?rest_route=\/wp\/v2\/posts\/21074","targetHints":{"allow":["GET"]}}],"collection":[{"href":"https:\/\/www.visionweb.com.ar\/index.php?rest_route=\/wp\/v2\/posts"}],"about":[{"href":"https:\/\/www.visionweb.com.ar\/index.php?rest_route=\/wp\/v2\/types\/post"}],"author":[{"embeddable":true,"href":"https:\/\/www.visionweb.com.ar\/index.php?rest_route=\/wp\/v2\/users\/4"}],"replies":[{"embeddable":true,"href":"https:\/\/www.visionweb.com.ar\/index.php?rest_route=%2Fwp%2Fv2%2Fcomments&post=21074"}],"version-history":[{"count":1,"href":"https:\/\/www.visionweb.com.ar\/index.php?rest_route=\/wp\/v2\/posts\/21074\/revisions"}],"predecessor-version":[{"id":21076,"href":"https:\/\/www.visionweb.com.ar\/index.php?rest_route=\/wp\/v2\/posts\/21074\/revisions\/21076"}],"wp:featuredmedia":[{"embeddable":true,"href":"https:\/\/www.visionweb.com.ar\/index.php?rest_route=\/wp\/v2\/media\/21075"}],"wp:attachment":[{"href":"https:\/\/www.visionweb.com.ar\/index.php?rest_route=%2Fwp%2Fv2%2Fmedia&parent=21074"}],"wp:term":[{"taxonomy":"category","embeddable":true,"href":"https:\/\/www.visionweb.com.ar\/index.php?rest_route=%2Fwp%2Fv2%2Fcategories&post=21074"},{"taxonomy":"post_tag","embeddable":true,"href":"https:\/\/www.visionweb.com.ar\/index.php?rest_route=%2Fwp%2Fv2%2Ftags&post=21074"}],"curies":[{"name":"wp","href":"https:\/\/api.w.org\/{rel}","templated":true}]}}