{"id":21072,"date":"2026-04-29T15:53:30","date_gmt":"2026-04-29T18:53:30","guid":{"rendered":"https:\/\/www.visionweb.com.ar\/?p=21072"},"modified":"2026-04-29T15:53:30","modified_gmt":"2026-04-29T18:53:30","slug":"podria-haber-demoras-en-los-vuelos-por-un-paro-de-estatales-en-el-smn","status":"publish","type":"post","link":"https:\/\/www.visionweb.com.ar\/?p=21072","title":{"rendered":"Podr\u00eda haber demoras en los vuelos por un paro de estatales en el SMN"},"content":{"rendered":"<p><em><strong>Desde ATE remarcaron que el paro en el SMN de ma\u00f1ana jueves 30 va a impactar en la seguridad a\u00e9rea, por lo que varios vuelos podr\u00edan sufrir demoras.<\/strong><\/em><!--more--><\/p>\n<p><strong><img loading=\"lazy\" decoding=\"async\" class=\"size-medium wp-image-21039 alignright\" src=\"https:\/\/www.visionweb.com.ar\/wp-content\/uploads\/2026\/04\/SMN-2-300x194.png\" alt=\"\" width=\"300\" height=\"194\" srcset=\"https:\/\/www.visionweb.com.ar\/wp-content\/uploads\/2026\/04\/SMN-2-300x194.png 300w, https:\/\/www.visionweb.com.ar\/wp-content\/uploads\/2026\/04\/SMN-2.png 533w\" sizes=\"auto, (max-width: 300px) 100vw, 300px\" \/>\u00a0\u00a0\u00a0\u00a0\u00a0\u00a0\u00a0\u00a0\u00a0\u00a0\u00a0 E<\/strong>n repudio a los despidos en el sector, la<strong>\u00a0Asociaci\u00f3n Trabajadores del Estado<\/strong>\u00a0(<strong><a href=\"https:\/\/ate.org.ar\/\">ATE<\/a><\/strong>) convoc\u00f3 a un paro en el\u00a0<strong>Servicio Meteorol\u00f3gico Nacional<\/strong>\u00a0(SMN) para el pr\u00f3ximo jueves 30 de abril, una medida de fuerza que podr\u00eda afectar el normal servicio de los vuelos en la previa del feriado por el D\u00eda del Trabajador.<\/p>\n<p>En ese sentido, el sindicato que nuclea a los estatales nacionales resolvi\u00f3\u00a0<strong>avanzar con la medida de fuerza\u00a0<\/strong>en reclamo por la reincorporaci\u00f3n de<strong>\u00a0140 trabajadores despedidos en el SMN<\/strong>, la anulaci\u00f3n de otros<strong>\u00a0100 ceses anunciados\u00a0<\/strong>y la derogaci\u00f3n del Decreto 274\/26, que modifica\u00a0<strong>funciones clave del organismo<\/strong>.<\/p>\n<p><strong>\u201cEl paro va a impactar en la seguridad a\u00e9rea<\/strong>.<strong>\u00a0Se van a complicar nuevamente los vuelos por culpa del Gobierno\u201d<\/strong>, sostuvo el secretario general de ATE,\u00a0<strong>Rodolfo Aguiar<\/strong>, al advertir sobre la posible interrupci\u00f3n de pron\u00f3sticos y alertas durante la jornada.<\/p>\n<p>No obstante, desde el gremio remarcaron que el d\u00eda del paro se mantendr\u00e1n activos los protocolos de\u00a0<strong>vigilancia y alerta<\/strong>, para as\u00ed garantizar la atenci\u00f3n de emergencias y situaciones de riesgo vinculadas a los servicios de aeronavegaci\u00f3n.<\/p>\n<p>De esta manera, se busca garantizar la atenci\u00f3n de emergencias y situaciones de riesgo vinculadas a los servicios de aeronavegaci\u00f3n, con el objetivo de resguardar la seguridad de la poblaci\u00f3n.<\/p>\n<p><img loading=\"lazy\" decoding=\"async\" class=\"size-full wp-image-3566 alignleft\" src=\"https:\/\/www.visionweb.com.ar\/wp-content\/uploads\/2021\/11\/aeropuerto-manga.bmp\" alt=\"\" width=\"608\" height=\"340\" \/>Desde\u00a0<strong>ATE\u00a0<\/strong>sostuvieron que\u00a0<strong>la situaci\u00f3n gener\u00f3 un fuerte malestar interno<\/strong>, especialmente tras el intento del Gobierno de Javier Milei de declarar\u00a0<strong>ilegal la protesta.\u00a0<\/strong>Consideraron que la decisi\u00f3n se apoya en argumentos contradictorios, ya que al mismo tiempo se califican como esenciales ciertas funciones mientras se mantiene la reducci\u00f3n del personal.<\/p>\n<p>D\u00edas atr\u00e1s, el\u00a0<strong>ministro nacional de Desregulaci\u00f3n y Transformaci\u00f3n<\/strong>\u00a0del Estado, Federico Sturzenegger, defendi\u00f3 la necesidad de avanzar en la reforma del\u00a0<strong>SMN<\/strong>, al se\u00f1alar deficiencias en su funcionamiento y cuestionar la estructura actual del organismo. \u201cPuede estar manejado por 150 personas en lugar de las 1.000 actuales\u201d, sostuvo.<\/p>\n<p>Seg\u00fan detall\u00f3 el funcionario, el SMN cuenta con una dotaci\u00f3n cercana a mil trabajadores, de los cuales una proporci\u00f3n reducida corresponde a especialistas en meteorolog\u00eda. A partir de ese dato,\u00a0<strong>Sturzenegger\u00a0<\/strong>plante\u00f3 que existe un desbalance entre el personal operativo y el t\u00e9cnico y asegur\u00f3 que requiere una modernizaci\u00f3n profunda para mejorar su desempe\u00f1o.<\/p>\n<p>Por su parte, la conducci\u00f3n de\u00a0<strong>ATE\u00a0<\/strong>rechaz\u00f3 en las \u00faltimas horas esos planteos y acusaron al ministro de difundir informaci\u00f3n incorrecta para justificar el ajuste.\u00a0<strong>\u201cMiente descaradamente. Todos los datos e informaci\u00f3n para intentar justificar el vaciamiento del SMN son falsos\u201d<\/strong>, respondieron.<\/p>\n<p>Asimismo, Aguiar se\u00f1al\u00f3 que las <strong>cesant\u00edas proyectadas, las cuales alcanzar\u00edan a un total de 240 trabajadores<\/strong>, \u201cno solo dejar\u00e1n a cientos de familias en la calle, sino que ponen en riesgo servicios vitales como las alertas tempranas, los vuelos, la navegaci\u00f3n mar\u00edtima y la producci\u00f3n agropecuaria\u201d.<\/p>\n<p>\u201cSi realmente se interesara en saber c\u00f3mo funciona, sabr\u00eda que se trata de una estructura compleja de primer nivel que incluye meteor\u00f3logos, observadores, t\u00e9cnicos en instrumental, especialistas inform\u00e1tica y procesamiento de datos, entre otros. Las estaciones combinan sistemas autom\u00e1ticos con observaci\u00f3n humana, algo que sigue siendo indispensable en todo el mundo\u201d, concluy\u00f3 el dirigente gremial. <strong>(VW)<\/strong><\/p>\n<p>&nbsp;<\/p>\n","protected":false},"excerpt":{"rendered":"<p>Desde ATE remarcaron que el paro en el SMN de ma\u00f1ana jueves 30 va a impactar en la seguridad a\u00e9rea, por lo que varios vuelos podr\u00edan sufrir demoras.<\/p>\n","protected":false},"author":4,"featured_media":21039,"comment_status":"closed","ping_status":"closed","sticky":false,"template":"","format":"standard","meta":{"_monsterinsights_skip_tracking":false,"_monsterinsights_sitenote_active":false,"_monsterinsights_sitenote_note":"","_monsterinsights_sitenote_category":0,"footnotes":""},"categories":[6,4],"tags":[7454,2719,252,9027,1629],"class_list":["post-21072","post","type-post","status-publish","format-standard","has-post-thumbnail","hentry","category-economia","category-politica","tag-aguiar","tag-ate","tag-paro","tag-servicio-meteorologico-nacional","tag-smn"],"_links":{"self":[{"href":"https:\/\/www.visionweb.com.ar\/index.php?rest_route=\/wp\/v2\/posts\/21072","targetHints":{"allow":["GET"]}}],"collection":[{"href":"https:\/\/www.visionweb.com.ar\/index.php?rest_route=\/wp\/v2\/posts"}],"about":[{"href":"https:\/\/www.visionweb.com.ar\/index.php?rest_route=\/wp\/v2\/types\/post"}],"author":[{"embeddable":true,"href":"https:\/\/www.visionweb.com.ar\/index.php?rest_route=\/wp\/v2\/users\/4"}],"replies":[{"embeddable":true,"href":"https:\/\/www.visionweb.com.ar\/index.php?rest_route=%2Fwp%2Fv2%2Fcomments&post=21072"}],"version-history":[{"count":1,"href":"https:\/\/www.visionweb.com.ar\/index.php?rest_route=\/wp\/v2\/posts\/21072\/revisions"}],"predecessor-version":[{"id":21073,"href":"https:\/\/www.visionweb.com.ar\/index.php?rest_route=\/wp\/v2\/posts\/21072\/revisions\/21073"}],"wp:featuredmedia":[{"embeddable":true,"href":"https:\/\/www.visionweb.com.ar\/index.php?rest_route=\/wp\/v2\/media\/21039"}],"wp:attachment":[{"href":"https:\/\/www.visionweb.com.ar\/index.php?rest_route=%2Fwp%2Fv2%2Fmedia&parent=21072"}],"wp:term":[{"taxonomy":"category","embeddable":true,"href":"https:\/\/www.visionweb.com.ar\/index.php?rest_route=%2Fwp%2Fv2%2Fcategories&post=21072"},{"taxonomy":"post_tag","embeddable":true,"href":"https:\/\/www.visionweb.com.ar\/index.php?rest_route=%2Fwp%2Fv2%2Ftags&post=21072"}],"curies":[{"name":"wp","href":"https:\/\/api.w.org\/{rel}","templated":true}]}}