{"id":21069,"date":"2026-04-29T15:35:18","date_gmt":"2026-04-29T18:35:18","guid":{"rendered":"https:\/\/www.visionweb.com.ar\/?p=21069"},"modified":"2026-04-29T15:35:18","modified_gmt":"2026-04-29T18:35:18","slug":"restringen-la-provision-de-gas-y-se-encienden-las-alarmas-por-la-falta-de-abastecimiento-en-invierno","status":"publish","type":"post","link":"https:\/\/www.visionweb.com.ar\/?p=21069","title":{"rendered":"Restringen la provisi\u00f3n de gas y se encienden las alarmas por la falta de abastecimiento en invierno"},"content":{"rendered":"<p><em><strong>Contin\u00faa la restricci\u00f3n la venta de GNC que arranc\u00f3 ayer martes con el primer fr\u00edo. Las empresas limitaron la venta de GNC en estaciones de servicio y preocupa el abastecimiento en invierno para los hogares.<\/strong><\/em><!--more--><\/p>\n<p><img loading=\"lazy\" decoding=\"async\" class=\"size-medium wp-image-21070 alignright\" src=\"https:\/\/www.visionweb.com.ar\/wp-content\/uploads\/2026\/04\/gnc-restringen-venta-300x193.png\" alt=\"\" width=\"300\" height=\"193\" srcset=\"https:\/\/www.visionweb.com.ar\/wp-content\/uploads\/2026\/04\/gnc-restringen-venta-300x193.png 300w, https:\/\/www.visionweb.com.ar\/wp-content\/uploads\/2026\/04\/gnc-restringen-venta.png 587w\" sizes=\"auto, (max-width: 300px) 100vw, 300px\" \/>\u00a0\u00a0\u00a0\u00a0 \u00a0\u00a0 Las empresas\u00a0<strong>Metrogas\u00a0<\/strong>y\u00a0<strong>Naturgy<\/strong>\u00a0restringieron desde ayer la venta de\u00a0<strong>Gas Natural Comprimido (GNC)<\/strong>\u00a0en <strong>estaciones de servicio <\/strong>y que hoy contin\u00faa,\u00a0e\u00a0hicieron encender las alarmas por abastecimiento para los hogares el durante el invierno.<\/p>\n<p>Las distribuidoras dispusieron <strong>restringir el suministro bajo una modalidad interrumpible<\/strong>, una decisi\u00f3n que impacta de lleno en la operatoria de las estaciones de servicio que no tienen contratos firmes.<\/p>\n<p>As\u00ed, el<strong> corte de suministro de gas sobre contratos interrumpibles estaciones de GNC e industrias se mantuvo este mi\u00e9rcoles<\/strong>, confirmaron fuentes del sector.<\/p>\n<p><strong>La restricci\u00f3n comenz\u00f3 el martes por un aumento en la demanda de los hogares y al persistir las bajas temperaturas se prolongaron\u00a0<\/strong>sin que a\u00fan se tenga un panorama claro de cu\u00e1ndo se normalizar\u00e1 la situaci\u00f3n.<\/p>\n<p>Este escenario provoc\u00f3 inquietud especialmente en los conductores de autos particulares y en las \u00faltimas horas se observ\u00f3 un <strong>incremento del flujo de veh\u00edculos en las estaciones de GNC<\/strong>.<\/p>\n<p>En principio los cortes afectaron al AMBA, pero en las \u00faltimas horas se conoci\u00f3 que la situaci\u00f3n comenz\u00f3 a repetirse en otras ciudades del pa\u00eds.<\/p>\n<p>Si bien Argentina se est\u00e1 preparando para comenzar a exportar gas, a la fecha a\u00fan no est\u00e1 construida la red de infraestructura necesaria para atender los picos de demanda.<\/p>\n<p>Por su parte, desde el Gobierno explicaron que la medida responde a un patr\u00f3n estacional. \u201cCon las bajas temperaturas, sube fuerte el consumo residencial. Es algo normal: se cortan los contratos interrumpibles, que justamente son m\u00e1s baratos por eso\u201d, indicaron.<\/p>\n<p>Sin embargo,\u00a0<strong>la medida llam\u00f3 la atenci\u00f3n en las casas de todo el pa\u00eds<\/strong>. Sucede que las\u00a0<strong>restricciones de GNC suele ser algo usual<\/strong>\u00a0<strong>arrancado el invierno<\/strong>, por lo que la decisi\u00f3n prematura\u00a0<strong>arroja interrogantes sobre el abastecimiento en el momento m\u00e1s crudo del fr\u00edo<\/strong>, donde crece de manera exponencial la demanda de gas.<\/p>\n<p>De todas maneras, desde el Ejecutivo aclararon que \u201c<strong>el impacto ser\u00e1 acotado<\/strong>\u201d, ya que, si bien en el \u00c1rea Metropolitana de Buenos Aires (<strong>AMBA<\/strong>) operan unas\u00a0<strong>800 estaciones<\/strong>\u00a0de Naturgy BAN y Metrogas,\u00a0<strong>cerca del 90% cuenta con contratos firmes<\/strong>, por lo que la\u00a0<strong>mayor\u00eda podr\u00e1 seguir operando con normalidad<\/strong>. \u00a0<strong>(VW)<\/strong><\/p>\n","protected":false},"excerpt":{"rendered":"<p>Contin\u00faa la restricci\u00f3n la venta de GNC que arranc\u00f3 ayer martes con el primer fr\u00edo. Las empresas limitaron la venta de GNC en estaciones de servicio y preocupa el abastecimiento en invierno para los&#46;&#46;&#46;<\/p>\n","protected":false},"author":4,"featured_media":21070,"comment_status":"closed","ping_status":"closed","sticky":false,"template":"","format":"standard","meta":{"_monsterinsights_skip_tracking":false,"_monsterinsights_sitenote_active":false,"_monsterinsights_sitenote_note":"","_monsterinsights_sitenote_category":0,"footnotes":""},"categories":[6,4],"tags":[7022,1269,9044],"class_list":["post-21069","post","type-post","status-publish","format-standard","has-post-thumbnail","hentry","category-economia","category-politica","tag-estaciones-de-servicio","tag-gnc","tag-restricciones-distribucion-de-gas"],"_links":{"self":[{"href":"https:\/\/www.visionweb.com.ar\/index.php?rest_route=\/wp\/v2\/posts\/21069","targetHints":{"allow":["GET"]}}],"collection":[{"href":"https:\/\/www.visionweb.com.ar\/index.php?rest_route=\/wp\/v2\/posts"}],"about":[{"href":"https:\/\/www.visionweb.com.ar\/index.php?rest_route=\/wp\/v2\/types\/post"}],"author":[{"embeddable":true,"href":"https:\/\/www.visionweb.com.ar\/index.php?rest_route=\/wp\/v2\/users\/4"}],"replies":[{"embeddable":true,"href":"https:\/\/www.visionweb.com.ar\/index.php?rest_route=%2Fwp%2Fv2%2Fcomments&post=21069"}],"version-history":[{"count":1,"href":"https:\/\/www.visionweb.com.ar\/index.php?rest_route=\/wp\/v2\/posts\/21069\/revisions"}],"predecessor-version":[{"id":21071,"href":"https:\/\/www.visionweb.com.ar\/index.php?rest_route=\/wp\/v2\/posts\/21069\/revisions\/21071"}],"wp:featuredmedia":[{"embeddable":true,"href":"https:\/\/www.visionweb.com.ar\/index.php?rest_route=\/wp\/v2\/media\/21070"}],"wp:attachment":[{"href":"https:\/\/www.visionweb.com.ar\/index.php?rest_route=%2Fwp%2Fv2%2Fmedia&parent=21069"}],"wp:term":[{"taxonomy":"category","embeddable":true,"href":"https:\/\/www.visionweb.com.ar\/index.php?rest_route=%2Fwp%2Fv2%2Fcategories&post=21069"},{"taxonomy":"post_tag","embeddable":true,"href":"https:\/\/www.visionweb.com.ar\/index.php?rest_route=%2Fwp%2Fv2%2Ftags&post=21069"}],"curies":[{"name":"wp","href":"https:\/\/api.w.org\/{rel}","templated":true}]}}