{"id":21065,"date":"2026-04-28T15:58:13","date_gmt":"2026-04-28T18:58:13","guid":{"rendered":"https:\/\/www.visionweb.com.ar\/?p=21065"},"modified":"2026-04-28T15:58:13","modified_gmt":"2026-04-28T18:58:13","slug":"la-provincia-suspende-el-programa-mesa-destinado-a-reforzar-la-alimentacion-escolar","status":"publish","type":"post","link":"https:\/\/www.visionweb.com.ar\/?p=21065","title":{"rendered":"La Provincia suspende el programa MESA destinado a reforzar la alimentaci\u00f3n escolar"},"content":{"rendered":"<p><em><strong>El gobierno de la Provincia espera una respuesta de Naci\u00f3n, que no llega. Mientras tanto, intendentes se movilizan a Econom\u00eda y se suspende el programa MESA por 3 meses. A la vez que pidi\u00f3 un pr\u00e9stamo para garantizar la continuidad de ese programa de fortalecimiento alimentario en las escuelas.<\/strong><\/em><!--more--><\/p>\n<p><strong><img loading=\"lazy\" decoding=\"async\" class=\"size-medium wp-image-21066 alignright\" src=\"https:\/\/www.visionweb.com.ar\/wp-content\/uploads\/2026\/04\/programa-Mesa-300x155.png\" alt=\"\" width=\"300\" height=\"155\" srcset=\"https:\/\/www.visionweb.com.ar\/wp-content\/uploads\/2026\/04\/programa-Mesa-300x155.png 300w, https:\/\/www.visionweb.com.ar\/wp-content\/uploads\/2026\/04\/programa-Mesa.png 670w\" sizes=\"auto, (max-width: 300px) 100vw, 300px\" \/>\u00a0\u00a0\u00a0\u00a0\u00a0\u00a0\u00a0\u00a0\u00a0 E<\/strong>l Gobierno bonaerense\u00a0<strong>suspendi\u00f3 por 90 d\u00edas el programa alimentario MESA\u00a0<\/strong>desde el 1 de mayo para <strong>reforzar el Servicio Alimentario Escolar (SAE)<\/strong> en medio de la crisis fiscal y la ca\u00edda de transferencias nacionales.<\/p>\n<p>La decisi\u00f3n <strong>fue formalizada por el ministro de Desarrollo de la Comunidad<\/strong>, Andr\u00e9s Larroque, mediante una resoluci\u00f3n que establece una \u201creasignaci\u00f3n de partidas\u201d para\u00a0<strong>garantizar el funcionamiento del sistema alimentario escolar considerado esencial.<\/strong><\/p>\n<p>Mientras, el ministro de Econom\u00eda bonaerense,\u00a0<strong>Pablo L\u00f3pez,\u00a0le envi\u00f3 a su par nacional,\u00a0Luis Caputo,\u00a0un pedido con car\u00e1cter de urgente para que le otorgue a la provincia\u00a0un pr\u00e9stamo por 250 millones de d\u00f3lares<\/strong>\u00a0a fin de poder <strong>darle continuidad<\/strong> al programa de<strong>\u00a0Fortalecimiento y Acceso a la Seguridad Alimentaria de Ni\u00f1os, Ni\u00f1as, Adolescentes y J\u00f3venes.<\/strong><\/p>\n<p>Se trata de un programa de acompa\u00f1amiento nutricional de calidad que se implementa a trav\u00e9s de una instituci\u00f3n financiera de desarrollo y que\u00a0est\u00e1 <strong>dirigido a quienes concurren a escuelas p\u00fablicas\u00a0de gesti\u00f3n estatal de nivel inicial, primario y secundario<\/strong>, y que <strong>son\u00a0titulares de programas sociales alimentarios<\/strong>.<\/p>\n<p><strong>El objetivo del programa, que aspira a dar cobertura a m\u00e1s de 2.500.000 personas, es\u00a0promover el acceso a alimentos sanos y seguros\u00a0para la poblaci\u00f3n materno-infantil en situaci\u00f3n de vulnerabilidad social.<\/strong><\/p>\n<p>La propuesta presentada contempl\u00f3 a la Provincia de Buenos Aires como prestataria, a la Rep\u00fablica Argentina como <strong>garante del pr\u00e9stamo<\/strong>, y al Ministerio de Econom\u00eda bonaerense -a trav\u00e9s de la Direcci\u00f3n Provincial de Organismos Multilaterales y Financiamiento Bilateral (DPOMyFB), dependiente de la Subsecretar\u00eda de Finanzas- como <strong>organismo ejecutor<\/strong>.<\/p>\n<p><strong>El monto total propuesto para la operaci\u00f3n asciende a 250 millones de d\u00f3lares<\/strong>, financiados mediante recursos de financiamiento externo, con un plazo de ejecuci\u00f3n de cuatro a\u00f1os.<\/p>\n<p>Ante la falta de respuesta del Gobierno nacional,\u00a0<strong>L\u00f3pez envi\u00f3 el 24 de abril pasado una segunda nota reiterando el pedido<\/strong>\u00a0y advirtiendo que la ausencia de definici\u00f3n respecto de la propuesta presentada por la Provincia restringe el acceso al financiamiento internacional proveniente de organismos multilaterales.<\/p>\n<p>El PJ bonaerense inform\u00f3 que\u00a0<strong>el pr\u00f3ximo mi\u00e9rcoles se realizar\u00e1 una movilizaci\u00f3n junto a intendentes hacia el Ministerio de Capital Humano para reclamar por los recursos que le corresponden a la Provincia para sostener los servicios alimentarios en las escuelas.<\/strong><\/p>\n<p>Mientras tanto,\u00a0<strong>la Corte Suprema de Justicia\u00a0intim\u00f3 al Gobierno Nacional a presentar, antes del 10 de junio de 2026, una propuesta concreta de pago por la deuda de $2,3 billones<\/strong>\u00a0que la ANSES mantiene con la Caja Previsional de la Provincia de Buenos Aires (IPS).<\/p>\n<p>El fallo surge tras una audiencia con el gobernador\u00a0<strong>Axel Kicillof<\/strong>, quien denuncia el cese de transferencias obligatorias a las cajas no transferidas.\u00a0\u201c<strong>La Provincia tiene en total ocho reclamos presentados ante la Corte Suprema de Justicia por distintas deudas que totalizan m\u00e1s de $15 billones<\/strong>: es una cifra inmensa, que representa un tercio del presupuesto sancionado para este a\u00f1o\u201d, sostuvo el Gobernador. <strong>(VW)<\/strong><\/p>\n","protected":false},"excerpt":{"rendered":"<p>El gobierno de la Provincia espera una respuesta de Naci\u00f3n, que no llega. Mientras tanto, intendentes se movilizan a Econom\u00eda y se suspende el programa MESA por 3 meses. A la vez que pidi\u00f3&#46;&#46;&#46;<\/p>\n","protected":false},"author":4,"featured_media":21066,"comment_status":"closed","ping_status":"closed","sticky":false,"template":"","format":"standard","meta":{"_monsterinsights_skip_tracking":false,"_monsterinsights_sitenote_active":false,"_monsterinsights_sitenote_note":"","_monsterinsights_sitenote_category":0,"footnotes":""},"categories":[4,5],"tags":[167,9043,356,9042],"class_list":["post-21065","post","type-post","status-publish","format-standard","has-post-thumbnail","hentry","category-politica","category-sociedad","tag-kicillof","tag-pedido-de-fondos","tag-provincia","tag-suspende-programa-mesa"],"_links":{"self":[{"href":"https:\/\/www.visionweb.com.ar\/index.php?rest_route=\/wp\/v2\/posts\/21065","targetHints":{"allow":["GET"]}}],"collection":[{"href":"https:\/\/www.visionweb.com.ar\/index.php?rest_route=\/wp\/v2\/posts"}],"about":[{"href":"https:\/\/www.visionweb.com.ar\/index.php?rest_route=\/wp\/v2\/types\/post"}],"author":[{"embeddable":true,"href":"https:\/\/www.visionweb.com.ar\/index.php?rest_route=\/wp\/v2\/users\/4"}],"replies":[{"embeddable":true,"href":"https:\/\/www.visionweb.com.ar\/index.php?rest_route=%2Fwp%2Fv2%2Fcomments&post=21065"}],"version-history":[{"count":1,"href":"https:\/\/www.visionweb.com.ar\/index.php?rest_route=\/wp\/v2\/posts\/21065\/revisions"}],"predecessor-version":[{"id":21067,"href":"https:\/\/www.visionweb.com.ar\/index.php?rest_route=\/wp\/v2\/posts\/21065\/revisions\/21067"}],"wp:featuredmedia":[{"embeddable":true,"href":"https:\/\/www.visionweb.com.ar\/index.php?rest_route=\/wp\/v2\/media\/21066"}],"wp:attachment":[{"href":"https:\/\/www.visionweb.com.ar\/index.php?rest_route=%2Fwp%2Fv2%2Fmedia&parent=21065"}],"wp:term":[{"taxonomy":"category","embeddable":true,"href":"https:\/\/www.visionweb.com.ar\/index.php?rest_route=%2Fwp%2Fv2%2Fcategories&post=21065"},{"taxonomy":"post_tag","embeddable":true,"href":"https:\/\/www.visionweb.com.ar\/index.php?rest_route=%2Fwp%2Fv2%2Ftags&post=21065"}],"curies":[{"name":"wp","href":"https:\/\/api.w.org\/{rel}","templated":true}]}}