{"id":21063,"date":"2026-04-28T15:48:16","date_gmt":"2026-04-28T18:48:16","guid":{"rendered":"https:\/\/www.visionweb.com.ar\/?p=21063"},"modified":"2026-04-28T15:48:16","modified_gmt":"2026-04-28T18:48:16","slug":"el-gobierno-no-aplica-la-ley-y-contraataca-con-un-reclamo-a-los-rectores-por-el-paro-en-las-universidades","status":"publish","type":"post","link":"https:\/\/www.visionweb.com.ar\/?p=21063","title":{"rendered":"El Gobierno no aplica la Ley y contraataca con un reclamo a los rectores por el paro en las universidades"},"content":{"rendered":"<p><em><strong>Capital Humano intim\u00f3 a los rectores de las universidades, frente a las medidas de fuerza que se realizan porque el Gobierno se niega a cumplir con la Ley de Financiamiento Universitario.<\/strong><\/em><!--more--><\/p>\n<p><img loading=\"lazy\" decoding=\"async\" class=\"size-medium wp-image-17511 alignright\" src=\"https:\/\/www.visionweb.com.ar\/wp-content\/uploads\/2025\/03\/UNIVERSIDADES-300x169.png\" alt=\"\" width=\"300\" height=\"169\" srcset=\"https:\/\/www.visionweb.com.ar\/wp-content\/uploads\/2025\/03\/UNIVERSIDADES-300x169.png 300w, https:\/\/www.visionweb.com.ar\/wp-content\/uploads\/2025\/03\/UNIVERSIDADES.png 640w\" sizes=\"auto, (max-width: 300px) 100vw, 300px\" \/>\u00a0\u00a0\u00a0\u00a0 <strong>E<\/strong>l<strong> Gobierno\u00a0se niega a aplicar la Ley de Financiamiento Universitario tal como lo indic\u00f3 la Justicia, e intim\u00f3 a los rectores por las medidas de fuerza<\/strong>\u00a0adoptadas, de cara a la <strong>nueva Marcha Federal Universitaria del 12 de mayo<\/strong>.<\/p>\n<p><strong>La cartera de Capital Humano \u201cha intimado a los Rectores a que informen las medidas que tomaron para asegurar el derecho a la educaci\u00f3n de los estudiantes universitarios que son v\u00edctimas de los paros impulsados por los gremios, que en ocasiones abarcan semanas enteras\u201d.<\/strong><\/p>\n<p>Todas las <strong>medidas de fuerza son en reclamo del cumplimiento con la Ley de Financiamiento Universitario<\/strong>, que fue aprobada y ratificada por el Congreso. De hecho, el propio Consejo Interuniversitario Nacional (CIN) convoc\u00f3 a una nueva<strong> Marcha Federal Universitaria<\/strong> para el 12 de mayo pr\u00f3ximo.<\/p>\n<p>Pese a hacer o\u00eddos sordos a este reclamo, que contempla partidas para el gasto de funcionamiento y salarios de docentes y no docentes, el Gobierno indica que \u201cse <strong>observa con extrema preocupaci\u00f3n la suspensi\u00f3n total de la actividad acad\u00e9mica <\/strong>que se registra en universidades a lo largo del pa\u00eds\u201d.<\/p>\n<p>En este escenario,\u00a0<strong>el gobierno reclama a los rectores que \u201cse informe un plan de contingencia, una garant\u00eda de acceso que incluya a los docentes que no adhieran a las medidas de fuerza y modalidades alternativas que permitan a los estudiantes que recuperen el dictado de clases perdido<\/strong>, como herramientas virtuales o reprogramaciones, para que el alumno no pierda la regularidad ni la mesa de examen\u201d.<\/p>\n<p>\u201cLos recursos presupuestarios nacionales se encuentran orientados al cumplimiento de los fines educativos que la normativa vigente impone.\u00a0<strong>El sostenimiento financiero por parte del Gobierno nacional exige, como condici\u00f3n necesaria, la operatividad del sistema y la protecci\u00f3n irrestricta del derecho a ense\u00f1ar y aprender\u201d<\/strong>, concluye el comunicado.<\/p>\n<p>Vale recordar que la Ley de Financiamiento Universitario fue votada por el Congreso y vetada por el Gobierno en 2024. Al siguiente a\u00f1o, sucedi\u00f3 exactamente lo mismo, aunque el Poder Legislativo logr\u00f3\u00a0confirmar la iniciativa. Luego todo termin\u00f3 en la Justicia, que fall\u00f3 a favor de las universidades, pero\u00a0<strong>el Gobierno\u00a0se niega a aplicar la Ley<\/strong>. <strong>(VW)<\/strong><\/p>\n","protected":false},"excerpt":{"rendered":"<p>Capital Humano intim\u00f3 a los rectores de las universidades, frente a las medidas de fuerza que se realizan porque el Gobierno se niega a cumplir con la Ley de Financiamiento Universitario.<\/p>\n","protected":false},"author":4,"featured_media":17511,"comment_status":"closed","ping_status":"closed","sticky":false,"template":"","format":"standard","meta":{"_monsterinsights_skip_tracking":false,"_monsterinsights_sitenote_active":false,"_monsterinsights_sitenote_note":"","_monsterinsights_sitenote_category":0,"footnotes":""},"categories":[4,5],"tags":[9041,9039,6813,9040],"class_list":["post-21063","post","type-post","status-publish","format-standard","has-post-thumbnail","hentry","category-politica","category-sociedad","tag-contraataque","tag-el-gobierno-no-aplica-la-ley","tag-ley-financiamiento-universitario","tag-reclamo-a-los-rectores"],"_links":{"self":[{"href":"https:\/\/www.visionweb.com.ar\/index.php?rest_route=\/wp\/v2\/posts\/21063","targetHints":{"allow":["GET"]}}],"collection":[{"href":"https:\/\/www.visionweb.com.ar\/index.php?rest_route=\/wp\/v2\/posts"}],"about":[{"href":"https:\/\/www.visionweb.com.ar\/index.php?rest_route=\/wp\/v2\/types\/post"}],"author":[{"embeddable":true,"href":"https:\/\/www.visionweb.com.ar\/index.php?rest_route=\/wp\/v2\/users\/4"}],"replies":[{"embeddable":true,"href":"https:\/\/www.visionweb.com.ar\/index.php?rest_route=%2Fwp%2Fv2%2Fcomments&post=21063"}],"version-history":[{"count":1,"href":"https:\/\/www.visionweb.com.ar\/index.php?rest_route=\/wp\/v2\/posts\/21063\/revisions"}],"predecessor-version":[{"id":21064,"href":"https:\/\/www.visionweb.com.ar\/index.php?rest_route=\/wp\/v2\/posts\/21063\/revisions\/21064"}],"wp:featuredmedia":[{"embeddable":true,"href":"https:\/\/www.visionweb.com.ar\/index.php?rest_route=\/wp\/v2\/media\/17511"}],"wp:attachment":[{"href":"https:\/\/www.visionweb.com.ar\/index.php?rest_route=%2Fwp%2Fv2%2Fmedia&parent=21063"}],"wp:term":[{"taxonomy":"category","embeddable":true,"href":"https:\/\/www.visionweb.com.ar\/index.php?rest_route=%2Fwp%2Fv2%2Fcategories&post=21063"},{"taxonomy":"post_tag","embeddable":true,"href":"https:\/\/www.visionweb.com.ar\/index.php?rest_route=%2Fwp%2Fv2%2Ftags&post=21063"}],"curies":[{"name":"wp","href":"https:\/\/api.w.org\/{rel}","templated":true}]}}