{"id":21061,"date":"2026-04-28T15:31:29","date_gmt":"2026-04-28T18:31:29","guid":{"rendered":"https:\/\/www.visionweb.com.ar\/?p=21061"},"modified":"2026-04-28T15:31:29","modified_gmt":"2026-04-28T18:31:29","slug":"siguen-las-demoras-en-3-ramales-del-tren-roca-y-se-encienden-las-alarmas-por-la-posibilidad-de-llevar-las-frecuencias-cada-una-hora","status":"publish","type":"post","link":"https:\/\/www.visionweb.com.ar\/?p=21061","title":{"rendered":"Siguen las demoras en 3 ramales del Tren Roca y se encienden las alarmas por la posibilidad de llevar las frecuencias cada una hora"},"content":{"rendered":"<p><em><strong>Por una falla t\u00e9cnica en Temperley, tres ramales del tren Roca presentan demoras. El gremio La Fraternidad no descarta que los trenes vayan a funcionar cada una hora y asegur\u00f3 que \u201cde persistir el rumbo, ese tren que lo lleva todos los d\u00edas a su trabajo circular\u00e1 1 vez cada hora\u201d.<\/strong><\/em><!--more--><\/p>\n<p><strong>\u00a0 <img loading=\"lazy\" decoding=\"async\" class=\"size-medium wp-image-16593 alignright\" src=\"https:\/\/www.visionweb.com.ar\/wp-content\/uploads\/2024\/12\/trenes-caos-300x182.png\" alt=\"\" width=\"300\" height=\"182\" srcset=\"https:\/\/www.visionweb.com.ar\/wp-content\/uploads\/2024\/12\/trenes-caos-300x182.png 300w, https:\/\/www.visionweb.com.ar\/wp-content\/uploads\/2024\/12\/trenes-caos.png 547w\" sizes=\"auto, (max-width: 300px) 100vw, 300px\" \/>\u00a0\u00a0\u00a0\u00a0\u00a0\u00a0\u00a0\u00a0\u00a0\u00a0 E<\/strong>l <strong>Tren Roca<\/strong> contin\u00faa con<strong> demoras en los servicios\u00a0<\/strong>de los ramales Korn, Ezeiza y Bosques v\u00eda T\u00e9mperley, por una falla t\u00e9cnica que inici\u00f3 ayer por la tarde.<\/p>\n<p>\u201c<strong>Los ramales #Korn, #Ezeiza y #BosquesV\u00edaTemperley circulan con demoras por fallas t\u00e9cnicas en Temperley<\/strong>\u201d, inform\u00f3 este martes Trenes Argentinos, un mensaje que se repiti\u00f3 ayer por la tarde y gener\u00f3\u00a0serias complicaciones a los usuarios.<\/p>\n<p><strong>Desde La Fraternidad, debido a la falta de inversi\u00f3n por parte del Gobierno<\/strong>, hab\u00eda declarado la <strong>\u201cemergencia ferroviaria\u201d hace dos a\u00f1os<\/strong> y <strong>no descarta que los trenes funcionen cada una hora<\/strong>.<\/p>\n<p>Durante la tarde del lunes,\u00a0<strong>la estaci\u00f3n Constituci\u00f3n fue el escenario de formaciones abarrotadas con cientos de personas esperando en los andenes, con <\/strong>im\u00e1genes que se viralizaron y mostraron <strong>el lado m\u00e1s cruel del transporte p\u00fablico<\/strong>.<\/p>\n<p>\u201cLamentablemente el resultado de esa anunciada inversi\u00f3n o nueva asignaci\u00f3n de fondos para cumplir con lo establecido en la norma es una DISMINUCI\u00d3N del 30 % promedio de los servicios de pasajeros ofrecidos a la comunidad y sin que se vislumbre una mejora en el sistema ferroviario\u201d, se\u00f1al\u00f3 el gremio<strong> La Fraternidad.<\/strong><\/p>\n<p>Adem\u00e1s, hizo alusi\u00f3n a los servicios de carga.\u00a0<strong>\u201cLo deplorable de la prestaci\u00f3n de servicios no admite un an\u00e1lisis serio, atento a su promedio de 3 descarrilamientos diarios\u201d<\/strong>, precis\u00f3 el <strong>comunicado de La Fraternidad<\/strong>.<\/p>\n<p>\u201cLo que s\u00ed sabemos es que, <strong>de persistir el rumbo, ese tren que lo lleva todos los d\u00edas a su trabajo circular\u00e1 1 vez cada hora<\/strong>, por falta de formaciones y por el mal estado de v\u00edas y se\u00f1ales\u201d.<\/p>\n<p><strong>Con este panorama, la postal que se vio ayer por la tarde, en el regreso de miles de trabajadores a sus casas, podr\u00eda repetirse.<\/strong>\u00a0Y la posibilidad de una formaci\u00f3n por hora, <strong>enciende las alarmas<\/strong>. <strong>(VW)<\/strong><\/p>\n<p>&nbsp;<\/p>\n","protected":false},"excerpt":{"rendered":"<p>Por una falla t\u00e9cnica en Temperley, tres ramales del tren Roca presentan demoras. El gremio La Fraternidad no descarta que los trenes vayan a funcionar cada una hora y asegur\u00f3 que \u201cde persistir el&#46;&#46;&#46;<\/p>\n","protected":false},"author":4,"featured_media":16593,"comment_status":"closed","ping_status":"closed","sticky":false,"template":"","format":"standard","meta":{"_monsterinsights_skip_tracking":false,"_monsterinsights_sitenote_active":false,"_monsterinsights_sitenote_note":"","_monsterinsights_sitenote_category":0,"footnotes":""},"categories":[4,5],"tags":[6306,9038,1991,3441],"class_list":["post-21061","post","type-post","status-publish","format-standard","has-post-thumbnail","hentry","category-politica","category-sociedad","tag-demoras","tag-frecuencia-cada-hora","tag-la-fraternidad","tag-tren-roca"],"_links":{"self":[{"href":"https:\/\/www.visionweb.com.ar\/index.php?rest_route=\/wp\/v2\/posts\/21061","targetHints":{"allow":["GET"]}}],"collection":[{"href":"https:\/\/www.visionweb.com.ar\/index.php?rest_route=\/wp\/v2\/posts"}],"about":[{"href":"https:\/\/www.visionweb.com.ar\/index.php?rest_route=\/wp\/v2\/types\/post"}],"author":[{"embeddable":true,"href":"https:\/\/www.visionweb.com.ar\/index.php?rest_route=\/wp\/v2\/users\/4"}],"replies":[{"embeddable":true,"href":"https:\/\/www.visionweb.com.ar\/index.php?rest_route=%2Fwp%2Fv2%2Fcomments&post=21061"}],"version-history":[{"count":1,"href":"https:\/\/www.visionweb.com.ar\/index.php?rest_route=\/wp\/v2\/posts\/21061\/revisions"}],"predecessor-version":[{"id":21062,"href":"https:\/\/www.visionweb.com.ar\/index.php?rest_route=\/wp\/v2\/posts\/21061\/revisions\/21062"}],"wp:featuredmedia":[{"embeddable":true,"href":"https:\/\/www.visionweb.com.ar\/index.php?rest_route=\/wp\/v2\/media\/16593"}],"wp:attachment":[{"href":"https:\/\/www.visionweb.com.ar\/index.php?rest_route=%2Fwp%2Fv2%2Fmedia&parent=21061"}],"wp:term":[{"taxonomy":"category","embeddable":true,"href":"https:\/\/www.visionweb.com.ar\/index.php?rest_route=%2Fwp%2Fv2%2Fcategories&post=21061"},{"taxonomy":"post_tag","embeddable":true,"href":"https:\/\/www.visionweb.com.ar\/index.php?rest_route=%2Fwp%2Fv2%2Ftags&post=21061"}],"curies":[{"name":"wp","href":"https:\/\/api.w.org\/{rel}","templated":true}]}}