{"id":21059,"date":"2026-04-28T14:53:03","date_gmt":"2026-04-28T17:53:03","guid":{"rendered":"https:\/\/www.visionweb.com.ar\/?p=21059"},"modified":"2026-04-28T14:53:03","modified_gmt":"2026-04-28T17:53:03","slug":"aumentan-un-54-los-peajes-y-los-boletos-de-subtes-y-colectivos","status":"publish","type":"post","link":"https:\/\/www.visionweb.com.ar\/?p=21059","title":{"rendered":"Aumentan un 5,4 % los peajes y los boletos de subtes y colectivos"},"content":{"rendered":"<p><em><strong>En CABA\u00a0desde el viernes 1 de mayo aumentar\u00e1n 5,4 % los boletos de colectivos, el subte y los peajes. Mientras\u00a0en PBA se aplicar\u00e1 desde el lunes 4 de mayo en los boletos de las l\u00edneas urbanas e interurbanas del territorio provincial un aumento que se estima ser\u00e1 igualmente del 5,4 %. En paralelo, las C\u00e1maras empresarias se declararon en emergencia y estudian seguir bajando las frecuencias de colectivos.<\/strong><\/em><!--more--><\/p>\n<p><strong> <img loading=\"lazy\" decoding=\"async\" class=\"size-medium wp-image-17974 alignright\" src=\"https:\/\/www.visionweb.com.ar\/wp-content\/uploads\/2025\/04\/COLECTIVO-SUBE-300x168.png\" alt=\"\" width=\"300\" height=\"168\" srcset=\"https:\/\/www.visionweb.com.ar\/wp-content\/uploads\/2025\/04\/COLECTIVO-SUBE-300x168.png 300w, https:\/\/www.visionweb.com.ar\/wp-content\/uploads\/2025\/04\/COLECTIVO-SUBE.png 640w\" sizes=\"auto, (max-width: 300px) 100vw, 300px\" \/> \u00a0 \u00a0 P<\/strong>or la actualizaci\u00f3n por el \u00faltimo dato de inflaci\u00f3n del INDEC (marzo) m\u00e1s 2 % adicional, e<strong>l boleto m\u00ednimo en CABA ser\u00e1 de $753,74, mientras que el subte llegar\u00e1 a $1.490. <\/strong>Mientras\u00a0<strong>en PBA, el boleto m\u00ednimo de colectivos quedar\u00eda en $918,35.<\/strong><\/p>\n<p>En <strong>la provincia de Buenos Aires el aumento se aplicar\u00e1 desde el lunes<\/strong> 4 de mayo en los boletos de las l\u00edneas urbanas e interurbanas del territorio provincial.\u00a0Aunque\u00a0<strong>se estima que ser\u00e1 de 5,4 %, <\/strong>el gobierno bonaerense llev\u00f3 el tema a consulta ciudadana, que cerr\u00f3 el viernes 24 y por estas horas estaba terminando de definir.<\/p>\n<p><strong>Los colectivos de provincia<\/strong><\/p>\n<p><strong>A partir del lunes 4 de mayo, los colectivos que circulan en la provincia de Buenos Aires\u00a0aumentar\u00edan 5,4 %.\u00a0As\u00ed, las tarifas con SUBE registrada quedar\u00edan de la siguiente manera:<\/strong><\/p>\n<ul>\n<li><strong>El boleto m\u00ednimo (entre 0 y 3 kil\u00f3metros): pasar\u00e1 de $871,30 a $918,35;<\/strong><\/li>\n<li><strong>Tramo de 3 a 6 km: de $970,63 a $1023,04;<\/strong><\/li>\n<li><strong>Tramo de 6 a 12 kil\u00f3metros: de $1045,40 a $1101,85;<\/strong><\/li>\n<li><strong>Viajes de 12 a 27 km: $1180,73.<\/strong><\/li>\n<li><strong>Viajes de m\u00e1s de 27 km: $1259,07.<\/strong><\/li>\n<li><strong>Aplicar\u00e1 a las l\u00edneas numeradas del 200 en adelante.<\/strong><\/li>\n<\/ul>\n<p><strong>Colectivos porte\u00f1os<\/strong><\/p>\n<p>Desde enero y por el resto de 2026,\u00a0<strong>el ajuste mensual se determinar\u00e1 por un \u00edndice construido a partir del IPC del Indec + 2%\u00a0<\/strong>en relaci\u00f3n con la tarifa anterior.<\/p>\n<p>Los nuevos valores para<strong>\u00a0viajar desde el viernes 1 de mayo en las 28 l\u00edn<\/strong><strong>eas<\/strong> y para quienes tengan <strong>SUBE registrada<\/strong>, que circulan en el territorio porte\u00f1o quedar\u00e1n los siguientes:<\/p>\n<p>El boleto m\u00ednimo de colectivos hasta 3 km:<strong>\u00a0subir\u00e1 de $715,24 a $753,74.<\/strong><\/p>\n<ul>\n<li>Recorrido de 3 a 6 km: $837,52.<\/li>\n<li>Recorrido de 6 a 12 km: $902,04.<\/li>\n<li>Recorrido de 12 a 27 km: $966,61.<\/li>\n<\/ul>\n<p>Desde el gobierno porte\u00f1o remarcaron que con este nuevo cuadro tarifario,\u00a0<strong>la Ciudad busca recomponer el atraso de la tarifa\u00a0<\/strong>y sostuvieron que actualmente <strong>cubre el 70% de los subsidios<\/strong>.<\/p>\n<p><strong>Subte<\/strong><\/p>\n<p>En CABA, tambi\u00e9n subir\u00e1n 5,4% las tarifas del subte.\u00a0<strong>Pasar\u00e1 de $1414 a $1490. Mientras, el boleto sin SUBE registrada ser\u00e1 de $2369,10.<\/strong><\/p>\n<p><strong>Peajes porte\u00f1os<\/strong><\/p>\n<p>En mayo, tambi\u00e9n<strong>\u00a0aumentar\u00e1n 5,4% los peajes.\u00a0<\/strong>Al igual que el boleto de colectivo y el subrte, la actualizaci\u00f3n mensual se realiza con el dato de IPC sumado otro 2%.<\/p>\n<p>El gobierno porte\u00f1o remarc\u00f3 que la actualizaci\u00f3n tarifaria es \u201cnecesaria para\u00a0<strong>realizar los trabajos de mantenimiento<\/strong>, que contribuyen a mejorar la seguridad vial\u201d.<\/p>\n<p>Asi, los peajes en las autopistas porte\u00f1as quedar\u00e1n desde el 1 de mayo de la siguiente manera:<\/p>\n<ul>\n<li>Autopista 25 de Mayo y Perito Moreno<\/li>\n<li>Motocicletas: $1799,66 (y $2879,82 en hora pico).<\/li>\n<li>Veh\u00edculos de hasta 2 ejes y hasta 2,10 metros de altura: $4319,63 (y $6121,62 en hora pico).<\/li>\n<li>Veh\u00edculos pesados de hasta 2 ejes: $6839,19 (y $10.078,79 en hora pico).<\/li>\n<li>Autopista Illia, Retiro II-Sarmiento y Salguero<\/li>\n<li>Motocicletas: $1079,98 (y $1295,68 en hora pico).<\/li>\n<li>Veh\u00edculos de hasta 2 ejes y hasta 2,10 metros de altura: $1799,66 (y $2544,99 en hora pico).<\/li>\n<li>Veh\u00edculos pesados de hasta 2 ejes: $3239,56 (y $4679,49 en hora pico).<\/li>\n<li>Alberti<\/li>\n<li>Motocicletas: $1079,98 (y $1439,92 en hora pico).<\/li>\n<li>Veh\u00edculos de hasta 2 ejes y hasta 2,10 metros de altura: $1367,98 (y $1727,70 en hora pico).<\/li>\n<li>Veh\u00edculos pesados de hasta 2 ejes: $2519,92 (y $3239,56 en hora pico).<\/li>\n<li><\/li>\n<\/ul>\n<p>Mientras tanto, l<strong>as empresas de colectivos del AMBA se declararon en emergencia y podr\u00edan seguir bajando la frecuencia<\/strong><\/p>\n<p>Las c\u00e1maras empresarias de colectivos del \u00c1rea Metropolitana de Buenos Aires (AMBA) <strong>se declararon en emergencia <\/strong>debido al incremento del <strong>precio del gasoi<\/strong>l y de otros costos operativos, por lo que advirtieron que <strong>podr\u00edan volver a bajar la frecuencia en la circulaci\u00f3n<\/strong>.<\/p>\n<p><strong>Adem\u00e1s, confirmaron que el jueves se reunir\u00e1n con el Gobierno. <\/strong>En un comunicado, las c\u00e1maras empresarias alertaron por la situaci\u00f3n del sector, debido a los gastos de funcionamiento.<\/p>\n<p>\u201cLas C\u00e1maras Empresarias representativas del transporte p\u00fablico automotor de pasajeros <strong>del \u00c1rea Metropolitana de Buenos Aires <\/strong>informan que, habiendo transcurrido un plazo m\u00e1s que razonable desde la implementaci\u00f3n de medidas de racionalizaci\u00f3n de los servicios,\u00a0<strong>el sector contin\u00faa sin recibir definiciones concretas por parte del Estado Nacional ni de la Provincia de Buenos Aires\u00a0<\/strong>respecto de <strong>c\u00f3mo se afrontar\u00e1n los mayores costos<\/strong> derivados del incremento del precio del gasoil y del resto de los costos operativos\u201d. <strong>(VW)<\/strong><\/p>\n","protected":false},"excerpt":{"rendered":"<p>En CABA\u00a0desde el viernes 1 de mayo aumentar\u00e1n 5,4 % los boletos de colectivos, el subte y los peajes. Mientras\u00a0en PBA se aplicar\u00e1 desde el lunes 4 de mayo en los boletos de las&#46;&#46;&#46;<\/p>\n","protected":false},"author":4,"featured_media":17974,"comment_status":"closed","ping_status":"closed","sticky":false,"template":"","format":"standard","meta":{"_monsterinsights_skip_tracking":false,"_monsterinsights_sitenote_active":false,"_monsterinsights_sitenote_note":"","_monsterinsights_sitenote_category":0,"footnotes":""},"categories":[6,5],"tags":[9037,705,4321,2431,2667],"class_list":["post-21059","post","type-post","status-publish","format-standard","has-post-thumbnail","hentry","category-economia","category-sociedad","tag-aumento-de-transporte-publico","tag-colectivos","tag-mayo","tag-peajes","tag-subtes"],"_links":{"self":[{"href":"https:\/\/www.visionweb.com.ar\/index.php?rest_route=\/wp\/v2\/posts\/21059","targetHints":{"allow":["GET"]}}],"collection":[{"href":"https:\/\/www.visionweb.com.ar\/index.php?rest_route=\/wp\/v2\/posts"}],"about":[{"href":"https:\/\/www.visionweb.com.ar\/index.php?rest_route=\/wp\/v2\/types\/post"}],"author":[{"embeddable":true,"href":"https:\/\/www.visionweb.com.ar\/index.php?rest_route=\/wp\/v2\/users\/4"}],"replies":[{"embeddable":true,"href":"https:\/\/www.visionweb.com.ar\/index.php?rest_route=%2Fwp%2Fv2%2Fcomments&post=21059"}],"version-history":[{"count":1,"href":"https:\/\/www.visionweb.com.ar\/index.php?rest_route=\/wp\/v2\/posts\/21059\/revisions"}],"predecessor-version":[{"id":21060,"href":"https:\/\/www.visionweb.com.ar\/index.php?rest_route=\/wp\/v2\/posts\/21059\/revisions\/21060"}],"wp:featuredmedia":[{"embeddable":true,"href":"https:\/\/www.visionweb.com.ar\/index.php?rest_route=\/wp\/v2\/media\/17974"}],"wp:attachment":[{"href":"https:\/\/www.visionweb.com.ar\/index.php?rest_route=%2Fwp%2Fv2%2Fmedia&parent=21059"}],"wp:term":[{"taxonomy":"category","embeddable":true,"href":"https:\/\/www.visionweb.com.ar\/index.php?rest_route=%2Fwp%2Fv2%2Fcategories&post=21059"},{"taxonomy":"post_tag","embeddable":true,"href":"https:\/\/www.visionweb.com.ar\/index.php?rest_route=%2Fwp%2Fv2%2Ftags&post=21059"}],"curies":[{"name":"wp","href":"https:\/\/api.w.org\/{rel}","templated":true}]}}