{"id":21057,"date":"2026-04-28T09:51:37","date_gmt":"2026-04-28T12:51:37","guid":{"rendered":"https:\/\/www.visionweb.com.ar\/?p=21057"},"modified":"2026-04-28T09:51:37","modified_gmt":"2026-04-28T12:51:37","slug":"amenazas-en-las-escuelas-para-el-gobierno-bonaerense-se-trata-de-una-estructra-delictiva","status":"publish","type":"post","link":"https:\/\/www.visionweb.com.ar\/?p=21057","title":{"rendered":"Amenazas en las escuelas: Para el gobierno bonaerense se trata de una estructra delictiva"},"content":{"rendered":"<p><em><strong>Los ministros de Justicia y Seguridad presentaron una denuncia para que se investigue a la supuesta organizaci\u00f3n detr\u00e1s de 600 amenazas.<\/strong><\/em><!--more--><\/p>\n<p><img loading=\"lazy\" decoding=\"async\" class=\"size-medium wp-image-10255 alignleft\" src=\"https:\/\/www.visionweb.com.ar\/wp-content\/uploads\/2023\/04\/ESCUELAS-SECUNDARIAS-300x173.png\" alt=\"\" width=\"300\" height=\"173\" srcset=\"https:\/\/www.visionweb.com.ar\/wp-content\/uploads\/2023\/04\/ESCUELAS-SECUNDARIAS-300x173.png 300w, https:\/\/www.visionweb.com.ar\/wp-content\/uploads\/2023\/04\/ESCUELAS-SECUNDARIAS.png 640w\" sizes=\"auto, (max-width: 300px) 100vw, 300px\" \/>El Gobierno de la provincia de Buenos Aires creen que las m\u00e1s de\u00a0<strong>600 amenazas registradas en escuelas<\/strong>\u00a0de distintos puntos del territorio fueron organizadas por una<strong>\u00a0\u201cestructura delictiva\u201d<\/strong>, y frente a ello presentaron una denuncia en la Justicia para que se identifique a los responsables.<\/p>\n<p>En medio de la ola de amenazas que sacudieron d\u00edas atr\u00e1s a varios establecimientos escolares y llev\u00f3 a presentar un plan de acci\u00f3n, el Ministerio de Justicia y DDHH, Juan Mart\u00edn Mena, el subsecretario de Pol\u00edtica Criminal, Lisandro Pellegrini, en articulaci\u00f3n con el ministerio de Seguridad, a cargo de Javier Alonso, presentaron una denuncia ante la Procuraci\u00f3n General bonaerense.<\/p>\n<p>Adem\u00e1s, solicitaron la apertura de una investigaci\u00f3n para identificar a los responsables de la organizaci\u00f3n, promoci\u00f3n e instigaci\u00f3n de las m\u00faltiples amenazas que a lo largo de los \u00faltimos d\u00edas tuvieron lugar en m\u00e1s de 600 escuelas bonaerenses.<\/p>\n<p>Los funcionarios aclararon que la m\u00faltiples denuncias registradas en establecimiento educativos ya est\u00e1n siendo investigadas en los distintos Departamentos Judiciales, de modo que su presentaci\u00f3n apunta a \u201cinstar una pesquisa que trascienda esas expresiones y se encamine a la dilucidaci\u00f3n de la estructura delictiva que, contando con un esquema de intervenci\u00f3n organizado o apostando a una fragmentaria espontaneidad, dio sustento a los sucesos que vienen teniendo en vilo a las comunidades escolares de nuestra Provincia\u201d.<\/p>\n<p>La denuncia, formulada desde una perspectiva de ni\u00f1ez, tom\u00f3 como elemento de contexto principal al ataque en la escuela N\u00ba 40 Mariano Moreno de San Crist\u00f3bal, provincia de Santa Fe, del pasado 30 de marzo. A partir de este hito tr\u00e1gico comenzaron a registrarse de manera creciente amenazas en escuelas de nuestra Provincia y del pa\u00eds en su totalidad, fen\u00f3meno que escal\u00f3 exponencialmente.<strong>(VW)<\/strong><\/p>\n","protected":false},"excerpt":{"rendered":"<p>Los ministros de Justicia y Seguridad presentaron una denuncia para que se investigue a la supuesta organizaci\u00f3n detr\u00e1s de 600 amenazas.<\/p>\n","protected":false},"author":3,"featured_media":10255,"comment_status":"closed","ping_status":"closed","sticky":false,"template":"","format":"standard","meta":{"_monsterinsights_skip_tracking":false,"_monsterinsights_sitenote_active":false,"_monsterinsights_sitenote_note":"","_monsterinsights_sitenote_category":0,"footnotes":""},"categories":[8],"tags":[5149,342,430,445],"class_list":["post-21057","post","type-post","status-publish","format-standard","has-post-thumbnail","hentry","category-interes-general","tag-amenazas","tag-denuncia","tag-escuelas","tag-gobierno"],"_links":{"self":[{"href":"https:\/\/www.visionweb.com.ar\/index.php?rest_route=\/wp\/v2\/posts\/21057","targetHints":{"allow":["GET"]}}],"collection":[{"href":"https:\/\/www.visionweb.com.ar\/index.php?rest_route=\/wp\/v2\/posts"}],"about":[{"href":"https:\/\/www.visionweb.com.ar\/index.php?rest_route=\/wp\/v2\/types\/post"}],"author":[{"embeddable":true,"href":"https:\/\/www.visionweb.com.ar\/index.php?rest_route=\/wp\/v2\/users\/3"}],"replies":[{"embeddable":true,"href":"https:\/\/www.visionweb.com.ar\/index.php?rest_route=%2Fwp%2Fv2%2Fcomments&post=21057"}],"version-history":[{"count":1,"href":"https:\/\/www.visionweb.com.ar\/index.php?rest_route=\/wp\/v2\/posts\/21057\/revisions"}],"predecessor-version":[{"id":21058,"href":"https:\/\/www.visionweb.com.ar\/index.php?rest_route=\/wp\/v2\/posts\/21057\/revisions\/21058"}],"wp:featuredmedia":[{"embeddable":true,"href":"https:\/\/www.visionweb.com.ar\/index.php?rest_route=\/wp\/v2\/media\/10255"}],"wp:attachment":[{"href":"https:\/\/www.visionweb.com.ar\/index.php?rest_route=%2Fwp%2Fv2%2Fmedia&parent=21057"}],"wp:term":[{"taxonomy":"category","embeddable":true,"href":"https:\/\/www.visionweb.com.ar\/index.php?rest_route=%2Fwp%2Fv2%2Fcategories&post=21057"},{"taxonomy":"post_tag","embeddable":true,"href":"https:\/\/www.visionweb.com.ar\/index.php?rest_route=%2Fwp%2Fv2%2Ftags&post=21057"}],"curies":[{"name":"wp","href":"https:\/\/api.w.org\/{rel}","templated":true}]}}