{"id":21054,"date":"2026-04-28T09:23:40","date_gmt":"2026-04-28T12:23:40","guid":{"rendered":"https:\/\/www.visionweb.com.ar\/?p=21054"},"modified":"2026-04-28T09:23:40","modified_gmt":"2026-04-28T12:23:40","slug":"presentaron-el-libro-el-ajuste-en-la-hcd","status":"publish","type":"post","link":"https:\/\/www.visionweb.com.ar\/?p=21054","title":{"rendered":"Presentaron el libro \u00abEl ajuste en la HCD\u00bb"},"content":{"rendered":"<p><strong><em>Con una mirada astrol\u00f3gica sobre el arquetipo de la Justicia, la obra recorre la evoluci\u00f3n de la legislaci\u00f3n argentina en materia de perspectiva de g\u00e9nero, ofreciendo una lectura original y reflexiva sobre c\u00f3mo se ha construido cultural y jur\u00eddicamente dicho arquetipo en nuestro pa\u00eds.<\/em><\/strong><!--more--><\/p>\n<p style=\"font-weight: 400;\"><img loading=\"lazy\" decoding=\"async\" class=\"size-medium wp-image-21055 alignleft\" src=\"https:\/\/www.visionweb.com.ar\/wp-content\/uploads\/2026\/04\/HCD-LIBRO-PRESENTACION-300x200.png\" alt=\"\" width=\"300\" height=\"200\" srcset=\"https:\/\/www.visionweb.com.ar\/wp-content\/uploads\/2026\/04\/HCD-LIBRO-PRESENTACION-300x200.png 300w, https:\/\/www.visionweb.com.ar\/wp-content\/uploads\/2026\/04\/HCD-LIBRO-PRESENTACION.png 640w\" sizes=\"auto, (max-width: 300px) 100vw, 300px\" \/>Se present\u00f3 el libro \u00abEl ajuste en la HCD\u00bb, una obra, de divulgaci\u00f3n jur\u00eddica e interdisciplinaria, que propone un cruce innovador entre tres campos: el Derecho, la astrolog\u00eda y el feminismo. Los mismos se articulan para generar una reflexi\u00f3n cr\u00edtica y renovadora sobre la justicia y su relaci\u00f3n con las transformaciones sociales y legislativas vinculadas a la igualdad de g\u00e9nero.<\/p>\n<p style=\"font-weight: 400;\">La presentaci\u00f3n se realiz\u00f3 en el Sal\u00f3n Auditorio del Anexo de la C\u00e1mara de Diputados y cont\u00f3 con la participaci\u00f3n de la escritora Anabela Zuccarelli, la directora de Equidad de G\u00e9nero y Diversidad Sexual de la HCD, Maru Breard, el Dr. Pedro Javier Alvarez Pereyra y la Licenciada en Trabajo Social, Martina \u00c1vila.<\/p>\n<p style=\"font-weight: 400;\">Al respecto, la directora de Equidad de G\u00e9nero y Diversidad Sexual de la HCD, Maru Breard,\u00a0 expres\u00f3 que <em>\u201ceste libro sirve como puntapi\u00e9 de difusi\u00f3n de derechos, de divulgar la legislaci\u00f3n argentina y de saber que todav\u00eda hay mujeres profesionales que est\u00e1n dispuestas a alzar la voz, en un momento donde pareciera que las mujeres tenemos que estar en silencio o no podemos hablar o nuestra palabra es muy cuestionada, incluso por la justicia\u201d.<\/em><\/p>\n<p style=\"font-weight: 400;\">Por su parte, la autora destac\u00f3 que la astrolog\u00eda<em> \u201ces un lenguaje sagrado que nos trae una forma de ver el mundo, y ayuda a entender las conexiones con los dem\u00e1s, en un mundo donde la tecnolog\u00eda nos hace sentir m\u00e1s solos\u201d.<\/em><\/p>\n<p style=\"font-weight: 400;\">La obra de Zuccarelli tambi\u00e9n es una propuesta a la reflexi\u00f3n y de saber y acercarse a un otro:<em> \u201cen este momento en el que est\u00e1 en boga la violencia, mi propuesta es un poco volver a la ra\u00edz, al encuentro, a saber que el otro puede pensar diferente a m\u00ed pero lo voy a escuchar\u201d.\u00a0<\/em><\/p>\n<p style=\"font-weight: 400;\">Previamente a la disertaci\u00f3n de la autora, el Dr. Pedro Javier Alvarez Pereyra, quien escribi\u00f3 el pr\u00f3logo del libro, manifest\u00f3 que la astrolog\u00eda <em>\u201cnos ayuda a sensibilizarnos ante realidades que nos superan y condicionan\u201d.<\/em><\/p>\n<p style=\"font-weight: 400;\"><em>\u201cLa tesis que propone el libro es la fecha de promulgaci\u00f3n de una determinada ley, que ser\u00eda hom\u00f3loga a su nacimiento en la sociedad y c\u00f3mo estaba el cielo en ese momento,\u00a0 c\u00f3mo se ubican los astros y esas estructuras, y en qu\u00e9 signos zodiacales, de alguna manera, pueden marcar la pauta sobre cuestiones que se vinculan con el esp\u00edritu de una ley, con su capacidad de transformaci\u00f3n de la comunidad\u201d<\/em>.<\/p>\n<p style=\"font-weight: 400;\">Por \u00faltimo, la Licenciada en Trabajo social, Martina \u00c1vila, destac\u00f3 que<em> \u201cver un libro tan potente que pueda romper esa estructura de feminismo, derecho y astrolog\u00eda como cosas aisladas, y unirlas para ver una nueva forma de pensar la justicia, me pareci\u00f3 algo incre\u00edble\u201d.<\/em><\/p>\n<p style=\"font-weight: 400;\"><em>\u201cEn este contexto donde sentimos que retrocedemos mucho a nivel derechos y en la capacidad de mirar al otro, siento que hoy tenemos que volver a dar discusiones que ya pens\u00e1bamos que estaban saldadas. Volver a creer en la justicia como algo humano no es una ilusi\u00f3n, sino que son decisiones pol\u00edticas\u201d<\/em>.<\/p>\n<p style=\"font-weight: 400;\">La doctora Anabela Zuccarelli es abogada egresada de la Universidad Nacional de La Plata, se desempe\u00f1a desde hace veinte a\u00f1os en la Fiscal\u00eda de Estado de la Provincia de Buenos Aires, donde adem\u00e1s act\u00faa como formadora en la Ley Micaela.<\/p>\n<p style=\"font-weight: 400;\">Asimismo, se desempe\u00f1\u00f3 como Subdirectora del Observatorio de Derecho de las Familias y Secretaria del Instituto de Derecho de Familia. Tambi\u00e9n es m\u00fasica, astr\u00f3loga y escritora. <strong>(VW)<\/strong><\/p>\n<p><span style=\"font-weight: 400;\">\u00a0\u00a0<\/span><\/p>\n","protected":false},"excerpt":{"rendered":"<p>Con una mirada astrol\u00f3gica sobre el arquetipo de la Justicia, la obra recorre la evoluci\u00f3n de la legislaci\u00f3n argentina en materia de perspectiva de g\u00e9nero, ofreciendo una lectura original y reflexiva sobre c\u00f3mo se&#46;&#46;&#46;<\/p>\n","protected":false},"author":3,"featured_media":21055,"comment_status":"closed","ping_status":"closed","sticky":false,"template":"","format":"standard","meta":{"_monsterinsights_skip_tracking":false,"_monsterinsights_sitenote_active":false,"_monsterinsights_sitenote_note":"","_monsterinsights_sitenote_category":0,"footnotes":""},"categories":[7],"tags":[1804,9036,239,9035],"class_list":["post-21054","post","type-post","status-publish","format-standard","has-post-thumbnail","hentry","category-educacion-y-cultura","tag-ajuste","tag-astgrologia","tag-libro","tag-pesentacion"],"_links":{"self":[{"href":"https:\/\/www.visionweb.com.ar\/index.php?rest_route=\/wp\/v2\/posts\/21054","targetHints":{"allow":["GET"]}}],"collection":[{"href":"https:\/\/www.visionweb.com.ar\/index.php?rest_route=\/wp\/v2\/posts"}],"about":[{"href":"https:\/\/www.visionweb.com.ar\/index.php?rest_route=\/wp\/v2\/types\/post"}],"author":[{"embeddable":true,"href":"https:\/\/www.visionweb.com.ar\/index.php?rest_route=\/wp\/v2\/users\/3"}],"replies":[{"embeddable":true,"href":"https:\/\/www.visionweb.com.ar\/index.php?rest_route=%2Fwp%2Fv2%2Fcomments&post=21054"}],"version-history":[{"count":1,"href":"https:\/\/www.visionweb.com.ar\/index.php?rest_route=\/wp\/v2\/posts\/21054\/revisions"}],"predecessor-version":[{"id":21056,"href":"https:\/\/www.visionweb.com.ar\/index.php?rest_route=\/wp\/v2\/posts\/21054\/revisions\/21056"}],"wp:featuredmedia":[{"embeddable":true,"href":"https:\/\/www.visionweb.com.ar\/index.php?rest_route=\/wp\/v2\/media\/21055"}],"wp:attachment":[{"href":"https:\/\/www.visionweb.com.ar\/index.php?rest_route=%2Fwp%2Fv2%2Fmedia&parent=21054"}],"wp:term":[{"taxonomy":"category","embeddable":true,"href":"https:\/\/www.visionweb.com.ar\/index.php?rest_route=%2Fwp%2Fv2%2Fcategories&post=21054"},{"taxonomy":"post_tag","embeddable":true,"href":"https:\/\/www.visionweb.com.ar\/index.php?rest_route=%2Fwp%2Fv2%2Ftags&post=21054"}],"curies":[{"name":"wp","href":"https:\/\/api.w.org\/{rel}","templated":true}]}}