{"id":21048,"date":"2026-04-27T10:58:48","date_gmt":"2026-04-27T13:58:48","guid":{"rendered":"https:\/\/www.visionweb.com.ar\/?p=21048"},"modified":"2026-04-27T11:03:19","modified_gmt":"2026-04-27T14:03:19","slug":"agua-nacion-limito-los-aumentos-mensuales-de-aysa-hasta-agosto","status":"publish","type":"post","link":"https:\/\/www.visionweb.com.ar\/?p=21048","title":{"rendered":"Agua: Naci\u00f3n limit\u00f3 los aumentos mensuales de AySA hasta agosto"},"content":{"rendered":"<p><em><strong>Hasta los consumos realizados este mes, las tarifas tendr\u00e1n una suba del 4%, mientras que el porcentaje disminuir\u00e1 a partir de la semana que viene.<\/strong><\/em><!--more--><\/p>\n<p><img loading=\"lazy\" decoding=\"async\" class=\"size-medium wp-image-7734 alignleft\" src=\"https:\/\/www.visionweb.com.ar\/wp-content\/uploads\/2022\/10\/aysa-300x208.jpg\" alt=\"\" width=\"300\" height=\"208\" srcset=\"https:\/\/www.visionweb.com.ar\/wp-content\/uploads\/2022\/10\/aysa-300x208.jpg 300w, https:\/\/www.visionweb.com.ar\/wp-content\/uploads\/2022\/10\/aysa.bmp 596w\" sizes=\"auto, (max-width: 300px) 100vw, 300px\" \/>El Gobierno nacional introdujo un l\u00edmite al aumento del servicio gestionado por Aguas y Saneamientos Argentinos (AySA), la empresa que llega a la Ciudad de Buenos Aires y 26 partidos del conurbano bonaerense. La medida comenzar\u00e1 a regir a partir de mayo y hasta agosto.<\/p>\n<p>El Ente Regulador de Agua y Saneamiento (ERAS) dispuso, mediante la reciente modificaci\u00f3n de la Resoluci\u00f3n N\u00b0 53\/25, que el ajuste efectivo no podr\u00e1 superar el 4%) mensual entre enero y abril de 2026. Mientras tanto, establecieron que, desde mayo hasta agosto del mismo a\u00f1o, el tope m\u00e1ximo de incremento ser\u00e1 del 3% por mes, siempre que el mecanismo oficial de actualizaci\u00f3n arroje un valor inferior.<\/p>\n<p>La decisi\u00f3n surge tras un extenso proceso de evaluaci\u00f3n que incluy\u00f3 la presentaci\u00f3n de informes econ\u00f3mico-financieros por parte de Agua y Saneamientos Argentinos Sociedad An\u00f3nima (AySA), la principal concesionaria del \u00e1rea. Y se da, adem\u00e1s, en medio de la aceleraci\u00f3n de la inflaci\u00f3n de los \u00faltimos meses.<\/p>\n<p>La medida se oficializ\u00f3 a trav\u00e9s de la publicaci\u00f3n en el Bolet\u00edn Oficial de la resoluci\u00f3n 14\/2026. De esta manera, el Gobierno intenta equilibrar el sostenimiento econ\u00f3mico de la concesionaria con la protecci\u00f3n de los usuarios frente a incrementos abruptos.<\/p>\n<p><strong>La tarifa de AySA en la mira<\/strong><\/p>\n<p>La actualizaci\u00f3n, basada en la f\u00f3rmula aprobada por la Resoluci\u00f3n N\u00b0 9\/24 de la Secretar\u00eda de Obras P\u00fablicas, ser\u00e1 aplicada con los l\u00edmites explicitados, y su cumplimiento ser\u00e1 monitoreado a trav\u00e9s de informes trimestrales que AySA deber\u00e1 presentar durante 2026.<\/p>\n<p>La aplicaci\u00f3n de este mecanismo de actualizaci\u00f3n tarifaria que empez\u00f3 en 2024 buscaba sostener el equilibrio financiero de la concesionaria sin transferencias del Tesoro Nacional. No obstante, en el contexto econ\u00f3mico de 2024 y 2025, las autoridades limitaron de manera excepcional los aumentos mensuales, primero al 1% y luego estableciendo un tope progresivo para evitar un impacto desproporcionado sobre los usuarios.<\/p>\n<p>En este contexto, en noviembre del a\u00f1o pasado el Gobierno nacional aprob\u00f3 el texto ordenado del Marco Regulatorio de AySA, otro paso hacia la privatizaci\u00f3n de la compa\u00f1\u00eda.<strong>(VW)<\/strong><\/p>\n<p>FUENTE: Agencia DIB<\/p>\n<p>&nbsp;<\/p>\n","protected":false},"excerpt":{"rendered":"<p>Hasta los consumos realizados este mes, las tarifas tendr\u00e1n una suba del 4%, mientras que el porcentaje disminuir\u00e1 a partir de la semana que viene.<\/p>\n","protected":false},"author":3,"featured_media":7734,"comment_status":"closed","ping_status":"closed","sticky":false,"template":"","format":"standard","meta":{"_monsterinsights_skip_tracking":false,"_monsterinsights_sitenote_active":false,"_monsterinsights_sitenote_note":"","_monsterinsights_sitenote_category":0,"footnotes":""},"categories":[8],"tags":[],"class_list":["post-21048","post","type-post","status-publish","format-standard","has-post-thumbnail","hentry","category-interes-general"],"_links":{"self":[{"href":"https:\/\/www.visionweb.com.ar\/index.php?rest_route=\/wp\/v2\/posts\/21048","targetHints":{"allow":["GET"]}}],"collection":[{"href":"https:\/\/www.visionweb.com.ar\/index.php?rest_route=\/wp\/v2\/posts"}],"about":[{"href":"https:\/\/www.visionweb.com.ar\/index.php?rest_route=\/wp\/v2\/types\/post"}],"author":[{"embeddable":true,"href":"https:\/\/www.visionweb.com.ar\/index.php?rest_route=\/wp\/v2\/users\/3"}],"replies":[{"embeddable":true,"href":"https:\/\/www.visionweb.com.ar\/index.php?rest_route=%2Fwp%2Fv2%2Fcomments&post=21048"}],"version-history":[{"count":2,"href":"https:\/\/www.visionweb.com.ar\/index.php?rest_route=\/wp\/v2\/posts\/21048\/revisions"}],"predecessor-version":[{"id":21050,"href":"https:\/\/www.visionweb.com.ar\/index.php?rest_route=\/wp\/v2\/posts\/21048\/revisions\/21050"}],"wp:featuredmedia":[{"embeddable":true,"href":"https:\/\/www.visionweb.com.ar\/index.php?rest_route=\/wp\/v2\/media\/7734"}],"wp:attachment":[{"href":"https:\/\/www.visionweb.com.ar\/index.php?rest_route=%2Fwp%2Fv2%2Fmedia&parent=21048"}],"wp:term":[{"taxonomy":"category","embeddable":true,"href":"https:\/\/www.visionweb.com.ar\/index.php?rest_route=%2Fwp%2Fv2%2Fcategories&post=21048"},{"taxonomy":"post_tag","embeddable":true,"href":"https:\/\/www.visionweb.com.ar\/index.php?rest_route=%2Fwp%2Fv2%2Ftags&post=21048"}],"curies":[{"name":"wp","href":"https:\/\/api.w.org\/{rel}","templated":true}]}}