{"id":21045,"date":"2026-04-27T10:52:47","date_gmt":"2026-04-27T13:52:47","guid":{"rendered":"https:\/\/www.visionweb.com.ar\/?p=21045"},"modified":"2026-04-27T10:53:14","modified_gmt":"2026-04-27T13:53:14","slug":"macri-renovo-sus-criticas-a-kicillof-por-las-personas-en-situacion-de-calle","status":"publish","type":"post","link":"https:\/\/www.visionweb.com.ar\/?p=21045","title":{"rendered":"Macri renov\u00f3 sus cr\u00edticas a Kicillof por las personas en situaci\u00f3n de calle"},"content":{"rendered":"<p><strong><em>Es el segundo reclamo p\u00fablico que Macri realiza en este sentido, pero tambi\u00e9n plante\u00f3 el conflicto por el tema de la inseguridad.<\/em><\/strong><!--more--><\/p>\n<p><img loading=\"lazy\" decoding=\"async\" class=\"size-medium wp-image-8056 alignright\" src=\"https:\/\/www.visionweb.com.ar\/wp-content\/uploads\/2022\/11\/pobreza-300x223.jpg\" alt=\"\" width=\"300\" height=\"223\" srcset=\"https:\/\/www.visionweb.com.ar\/wp-content\/uploads\/2022\/11\/pobreza-300x223.jpg 300w, https:\/\/www.visionweb.com.ar\/wp-content\/uploads\/2022\/11\/pobreza.bmp 721w\" sizes=\"auto, (max-width: 300px) 100vw, 300px\" \/>El jefe de gobierno porte\u00f1o, Jorge Macri, renov\u00f3 sus cr\u00edticas al gobernador de la provincia de Buenos Aires, Axel Kicillof, por las personas en situaci\u00f3n de calle. \u201c\u00bfPor qu\u00e9 los porte\u00f1os tienen que pagar lo que Axel no hace, o lo que su Gobierno no hace?\u201d, pregunt\u00f3.<\/p>\n<p>\u201cHay una ley nacional, que tambi\u00e9n se aprob\u00f3 en la provincia, que obliga a todos los gobiernos subnacionales a tener sistemas que contengan a la gente en situaci\u00f3n de calle. La provincia no lo hace. Entonces, vienen a buscar ac\u00e1 lo que no obtienen all\u00e1\u201d, asegur\u00f3 Macri.<\/p>\n<p>Y destac\u00f3: \u201cY mi responsabilidad es abrazar y cuidar, pero tambi\u00e9n reclamarle al Gobierno de la provincia lo que corresponde. \u00bfPor qu\u00e9 los porte\u00f1os tienen que pagar lo que Axel no hace, o lo que su Gobierno no hace? \u00bfPor qu\u00e9 le tengo que sacar plata a una persona porque el Gobierno vecino no hace su tarea?\u201d, expres\u00f3 en LN+.<\/p>\n<p>Es el segundo reclamo p\u00fablico que Macri realiza en este sentido (en pocos d\u00edas), pero tambi\u00e9n plante\u00f3 el conflicto por el tema de la inseguridad y otras cuestiones, como la atenci\u00f3n en hospitales. En cruces anterior, el gobierno bonaerense le record\u00f3 que la basura que produce la Ciudad termina en la Provincia.<strong>(VW)<\/strong><\/p>\n","protected":false},"excerpt":{"rendered":"<p>Es el segundo reclamo p\u00fablico que Macri realiza en este sentido, pero tambi\u00e9n plante\u00f3 el conflicto por el tema de la inseguridad.<\/p>\n","protected":false},"author":3,"featured_media":10171,"comment_status":"closed","ping_status":"closed","sticky":false,"template":"","format":"standard","meta":{"_monsterinsights_skip_tracking":false,"_monsterinsights_sitenote_active":false,"_monsterinsights_sitenote_note":"","_monsterinsights_sitenote_category":0,"footnotes":""},"categories":[3],"tags":[167,502,159],"class_list":["post-21045","post","type-post","status-publish","format-standard","has-post-thumbnail","hentry","category-actualidad","tag-kicillof","tag-macri","tag-reclamo"],"_links":{"self":[{"href":"https:\/\/www.visionweb.com.ar\/index.php?rest_route=\/wp\/v2\/posts\/21045","targetHints":{"allow":["GET"]}}],"collection":[{"href":"https:\/\/www.visionweb.com.ar\/index.php?rest_route=\/wp\/v2\/posts"}],"about":[{"href":"https:\/\/www.visionweb.com.ar\/index.php?rest_route=\/wp\/v2\/types\/post"}],"author":[{"embeddable":true,"href":"https:\/\/www.visionweb.com.ar\/index.php?rest_route=\/wp\/v2\/users\/3"}],"replies":[{"embeddable":true,"href":"https:\/\/www.visionweb.com.ar\/index.php?rest_route=%2Fwp%2Fv2%2Fcomments&post=21045"}],"version-history":[{"count":2,"href":"https:\/\/www.visionweb.com.ar\/index.php?rest_route=\/wp\/v2\/posts\/21045\/revisions"}],"predecessor-version":[{"id":21047,"href":"https:\/\/www.visionweb.com.ar\/index.php?rest_route=\/wp\/v2\/posts\/21045\/revisions\/21047"}],"wp:featuredmedia":[{"embeddable":true,"href":"https:\/\/www.visionweb.com.ar\/index.php?rest_route=\/wp\/v2\/media\/10171"}],"wp:attachment":[{"href":"https:\/\/www.visionweb.com.ar\/index.php?rest_route=%2Fwp%2Fv2%2Fmedia&parent=21045"}],"wp:term":[{"taxonomy":"category","embeddable":true,"href":"https:\/\/www.visionweb.com.ar\/index.php?rest_route=%2Fwp%2Fv2%2Fcategories&post=21045"},{"taxonomy":"post_tag","embeddable":true,"href":"https:\/\/www.visionweb.com.ar\/index.php?rest_route=%2Fwp%2Fv2%2Ftags&post=21045"}],"curies":[{"name":"wp","href":"https:\/\/api.w.org\/{rel}","templated":true}]}}