{"id":21041,"date":"2026-04-27T10:13:50","date_gmt":"2026-04-27T13:13:50","guid":{"rendered":"https:\/\/www.visionweb.com.ar\/?p=21041"},"modified":"2026-04-27T10:41:41","modified_gmt":"2026-04-27T13:41:41","slug":"la-corte-intemo-al-gobierno-nacional-a-pagarle-a-la-provincia-mas-de-2-billones-de-pesos","status":"publish","type":"post","link":"https:\/\/www.visionweb.com.ar\/?p=21041","title":{"rendered":"La Corte intim\u00f3 al gobierno nacional a pagarle a la Provincia m\u00e1s de 2 billones de pesos"},"content":{"rendered":"<p><strong><em>la Provincia de Buenos Aires inici\u00f3 otras siete demandas contra el Gobierno nacional por el recorte de los fondos vinculados a la seguridad (Fondo de Fortalecimiento Fiscal), al transporte (Fondo de Compensaci\u00f3n al Transporte del Interior), a los salarios docentes (Fondo Nacional de Incentivo Docente).<\/em><\/strong><!--more--><\/p>\n<p><img loading=\"lazy\" decoding=\"async\" class=\"size-medium wp-image-4615 alignright\" src=\"https:\/\/www.visionweb.com.ar\/wp-content\/uploads\/2022\/02\/CASA-DE-GOBIERNO-PBA-300x195.png\" alt=\"\" width=\"300\" height=\"195\" srcset=\"https:\/\/www.visionweb.com.ar\/wp-content\/uploads\/2022\/02\/CASA-DE-GOBIERNO-PBA-300x195.png 300w, https:\/\/www.visionweb.com.ar\/wp-content\/uploads\/2022\/02\/CASA-DE-GOBIERNO-PBA-768x498.png 768w, https:\/\/www.visionweb.com.ar\/wp-content\/uploads\/2022\/02\/CASA-DE-GOBIERNO-PBA.png 800w\" sizes=\"auto, (max-width: 300px) 100vw, 300px\" \/>La Corte Suprema de Justicia intim\u00f3 al Gobierno Nacional a presentar, antes del 10 de junio de 2026, una propuesta concreta de pago por la deuda de $2,3 billones que la ANSES mantiene con la Caja Previsional de la Provincia de Buenos Aires (IPS).<\/p>\n<p>El fallo surge tras una audiencia con el gobernador Axel Kicillof, quien denuncia el cese de transferencias obligatorias a las cajas no transferidas.<\/p>\n<p>D\u00edas atr\u00e1s, el FUDB, AJB, CICOP y ATE movilizaron a las sedes de ANSES para exigir la inmediata devoluci\u00f3n de los fondos retenidos por el Gobierno Nacional, pertenecientes al IPS y a los Trabajadores bonaerenses.<\/p>\n<p>\u201cLa Provincia tiene en total ocho reclamos presentados ante la Corte Suprema de Justicia por distintas deudas que totalizan m\u00e1s de $15 billones: es una cifra inmensa, que representa un tercio del presupuesto sancionado para este a\u00f1o\u201d, sostuvo el Gobernador en la audiencia.<\/p>\n<p>Y agreg\u00f3: \u201cTodo esto se suma a un contexto muy complejo, producto de un Gobierno nacional que provoc\u00f3 una enorme presi\u00f3n sobre todas las provincias y los municipios: adem\u00e1s de cortar de cuajo los fondos desde que asumi\u00f3, con sus pol\u00edticas econ\u00f3micas gener\u00f3 una crisis que aument\u00f3 exponencialmente las necesidades del pueblo\u201d.<\/p>\n<p>Vale mencionar que la Provincia de Buenos Aires inici\u00f3 otras siete demandas contra el Gobierno nacional por el recorte de los fondos vinculados a la seguridad (Fondo de Fortalecimiento Fiscal), al transporte (Fondo de Compensaci\u00f3n al Transporte del Interior), a los salarios docentes (Fondo Nacional de Incentivo Docente), a los bosques nativos, y por la eliminaci\u00f3n del Sistema de Boleto Integrado, la prohibici\u00f3n de incorporar tributos locales para el financiamiento de obras y el incumplimiento del Consenso Fiscal 2017 (y convenio 2023).<strong>(VW)<\/strong><\/p>\n","protected":false},"excerpt":{"rendered":"<p>la Provincia de Buenos Aires inici\u00f3 otras siete demandas contra el Gobierno nacional por el recorte de los fondos vinculados a la seguridad (Fondo de Fortalecimiento Fiscal), al transporte (Fondo de Compensaci\u00f3n al Transporte&#46;&#46;&#46;<\/p>\n","protected":false},"author":3,"featured_media":4615,"comment_status":"closed","ping_status":"closed","sticky":false,"template":"","format":"standard","meta":{"_monsterinsights_skip_tracking":false,"_monsterinsights_sitenote_active":false,"_monsterinsights_sitenote_note":"","_monsterinsights_sitenote_category":0,"footnotes":""},"categories":[4],"tags":[511,4666,81,159],"class_list":["post-21041","post","type-post","status-publish","format-standard","has-post-thumbnail","hentry","category-politica","tag-bonaerense","tag-corte","tag-deuda","tag-reclamo"],"_links":{"self":[{"href":"https:\/\/www.visionweb.com.ar\/index.php?rest_route=\/wp\/v2\/posts\/21041","targetHints":{"allow":["GET"]}}],"collection":[{"href":"https:\/\/www.visionweb.com.ar\/index.php?rest_route=\/wp\/v2\/posts"}],"about":[{"href":"https:\/\/www.visionweb.com.ar\/index.php?rest_route=\/wp\/v2\/types\/post"}],"author":[{"embeddable":true,"href":"https:\/\/www.visionweb.com.ar\/index.php?rest_route=\/wp\/v2\/users\/3"}],"replies":[{"embeddable":true,"href":"https:\/\/www.visionweb.com.ar\/index.php?rest_route=%2Fwp%2Fv2%2Fcomments&post=21041"}],"version-history":[{"count":3,"href":"https:\/\/www.visionweb.com.ar\/index.php?rest_route=\/wp\/v2\/posts\/21041\/revisions"}],"predecessor-version":[{"id":21044,"href":"https:\/\/www.visionweb.com.ar\/index.php?rest_route=\/wp\/v2\/posts\/21041\/revisions\/21044"}],"wp:featuredmedia":[{"embeddable":true,"href":"https:\/\/www.visionweb.com.ar\/index.php?rest_route=\/wp\/v2\/media\/4615"}],"wp:attachment":[{"href":"https:\/\/www.visionweb.com.ar\/index.php?rest_route=%2Fwp%2Fv2%2Fmedia&parent=21041"}],"wp:term":[{"taxonomy":"category","embeddable":true,"href":"https:\/\/www.visionweb.com.ar\/index.php?rest_route=%2Fwp%2Fv2%2Fcategories&post=21041"},{"taxonomy":"post_tag","embeddable":true,"href":"https:\/\/www.visionweb.com.ar\/index.php?rest_route=%2Fwp%2Fv2%2Ftags&post=21041"}],"curies":[{"name":"wp","href":"https:\/\/api.w.org\/{rel}","templated":true}]}}