{"id":20703,"date":"2026-03-16T10:28:38","date_gmt":"2026-03-16T13:28:38","guid":{"rendered":"https:\/\/www.visionweb.com.ar\/?p=20703"},"modified":"2026-03-16T10:29:14","modified_gmt":"2026-03-16T13:29:14","slug":"kicillof-es-el-nuevo-presidente-del-pj-bonaerense","status":"publish","type":"post","link":"https:\/\/www.visionweb.com.ar\/?p=20703","title":{"rendered":"Kicillof es el nuevo presidente del PJ bonaerense"},"content":{"rendered":"<p><em><strong>En cuanto a la figura de M\u00e1ximo Kirchner, continuar\u00e1 con un lugar dentro de la estructura pejotista y ocupar\u00e1 el rol de presidente del Congreso Partidario.<\/strong><\/em><!--more--><\/p>\n<p><img loading=\"lazy\" decoding=\"async\" class=\"size-medium wp-image-8972 alignleft\" src=\"https:\/\/www.visionweb.com.ar\/wp-content\/uploads\/2023\/01\/kicillof-gel-intimo-300x201.jpg\" alt=\"\" width=\"300\" height=\"201\" srcset=\"https:\/\/www.visionweb.com.ar\/wp-content\/uploads\/2023\/01\/kicillof-gel-intimo-300x201.jpg 300w, https:\/\/www.visionweb.com.ar\/wp-content\/uploads\/2023\/01\/kicillof-gel-intimo.bmp 628w\" sizes=\"auto, (max-width: 300px) 100vw, 300px\" \/>El PJ bonaerense llev\u00f3 adelante sus elecciones internas con el objetivo de renovar autoridades y, con los resultados, medir el consenso del flamante titular del espacio, el gobernador Axel Kicillof, en los municipios de toda la provincia de Buenos Aires.<\/p>\n<p>El gobernador bonaerense,\u00a0Axel Kicillof, se impuso en las elecciones\u00a0internas del\u00a0Partido Justicialista (PJ) de la provincia de Buenos Aires\u00a0en 10 de los 16 distritos\u00a0donde se vot\u00f3 este domingo y ya acelera su armado pol\u00edtico para 2027 con el lanzamiento de un think tank propio del\u00a0Movimiento Derecho al Futuro (MDF).<\/p>\n<p>Las listas alineadas con el mandatario bonaerense conquistaron la mayor\u00eda de los municipios en disputa, mientras que <strong>La C\u00e1mpora<\/strong>\u00a0retuvo 4 distritos y el\u00a0<strong>Frente Renovador<\/strong>\u00a0se qued\u00f3 con otros dos, entre ellos\u00a0<i>Jun\u00edn<\/i>, donde el axelismo jug\u00f3 a favor del massismo para consolidar un esquema de unidad local.<\/p>\n<p>La lista encabezada por Kicillof se impuso en la mayor\u00eda de los distritos en disputa. En las localidades de Balcarce, Jun\u00edn, Lincoln; Lober\u00eda; Mor\u00f3n; Roque P\u00e9rez, Saladillo, San Antonio de Areco; San Nicol\u00e1s, San Miguel y Z\u00e1rate gan\u00f3 ampliamente Movimiento Derecho al Futuro (MDF), mientras que en Coronel Su\u00e1rez; General Pueyrred\u00f3n; Magdalena; y Tres de Febrero lider\u00f3 LC. Lejos de ambas fuerzas, Tornquist gan\u00f3 con el Frente Renovador (FR).<\/p>\n<p>Con el resultado de la interna, Kicillof queda fortalecido en la conducci\u00f3n del PJ bonaerense, en el marco del acuerdo que lo proyecta a la presidencia del partido y reposiciona a su espacio MDF como primera minor\u00eda dentro del peronismo provincial. En su entorno afirman que el gobernador qued\u00f3 \u201cmuy satisfecho\u201d con el mapa interno y que ahora \u201chay que seguir construyendo\u201d de cara a la disputa nacional.<\/p>\n<p>La mayor\u00eda de los distritos est\u00e1n alineados con el gobernador bonaerense, situaci\u00f3n que ya se mostraba de manera p\u00fablica, cuando en los diversos actos que se llevan adelante en la provincia, la mayor\u00eda de los intendentes respalda la gesti\u00f3n de Kicillof.<\/p>\n<p><strong>Autoridades de la Provincia<\/strong><\/p>\n<p>Paralelamente al nombramiento oficial del mandatario como el nuevo presidente del PJ Bonaerense, tambi\u00e9n comunicaron la asunci\u00f3n de Ver\u00f3nica Magario como vicepresidenta primera; Federico Oterm\u00edn como vicepresidente segundo y Mariano Cascallares, en el lugar de secretario general.<\/p>\n<p>En cuanto a la figura de M\u00e1ximo Kirchner, continuar\u00e1 con un lugar dentro de la estructura pejotista y ocupar\u00e1 el rol de presidente del Congreso Partidario, lo que le permitir\u00e1 conservar cierto poder institucional a la hora de tomar decisiones.<\/p>\n<p>Kicillof se reafirma como el referente principal del peronismo bonaerense y como candidato opositor al modelo libertario, de cara a las elecciones presidenciales en 2027.<strong>(VW)<\/strong><\/p>\n<p>&nbsp;<\/p>\n","protected":false},"excerpt":{"rendered":"<p>En cuanto a la figura de M\u00e1ximo Kirchner, continuar\u00e1 con un lugar dentro de la estructura pejotista y ocupar\u00e1 el rol de presidente del Congreso Partidario.<\/p>\n","protected":false},"author":3,"featured_media":8972,"comment_status":"closed","ping_status":"closed","sticky":false,"template":"","format":"standard","meta":{"_monsterinsights_skip_tracking":false,"_monsterinsights_sitenote_active":false,"_monsterinsights_sitenote_note":"","_monsterinsights_sitenote_category":0,"footnotes":""},"categories":[4],"tags":[511,6218,8898,490],"class_list":["post-20703","post","type-post","status-publish","format-standard","has-post-thumbnail","hentry","category-politica","tag-bonaerense","tag-campora","tag-kicilof","tag-pj"],"_links":{"self":[{"href":"https:\/\/www.visionweb.com.ar\/index.php?rest_route=\/wp\/v2\/posts\/20703","targetHints":{"allow":["GET"]}}],"collection":[{"href":"https:\/\/www.visionweb.com.ar\/index.php?rest_route=\/wp\/v2\/posts"}],"about":[{"href":"https:\/\/www.visionweb.com.ar\/index.php?rest_route=\/wp\/v2\/types\/post"}],"author":[{"embeddable":true,"href":"https:\/\/www.visionweb.com.ar\/index.php?rest_route=\/wp\/v2\/users\/3"}],"replies":[{"embeddable":true,"href":"https:\/\/www.visionweb.com.ar\/index.php?rest_route=%2Fwp%2Fv2%2Fcomments&post=20703"}],"version-history":[{"count":2,"href":"https:\/\/www.visionweb.com.ar\/index.php?rest_route=\/wp\/v2\/posts\/20703\/revisions"}],"predecessor-version":[{"id":20705,"href":"https:\/\/www.visionweb.com.ar\/index.php?rest_route=\/wp\/v2\/posts\/20703\/revisions\/20705"}],"wp:featuredmedia":[{"embeddable":true,"href":"https:\/\/www.visionweb.com.ar\/index.php?rest_route=\/wp\/v2\/media\/8972"}],"wp:attachment":[{"href":"https:\/\/www.visionweb.com.ar\/index.php?rest_route=%2Fwp%2Fv2%2Fmedia&parent=20703"}],"wp:term":[{"taxonomy":"category","embeddable":true,"href":"https:\/\/www.visionweb.com.ar\/index.php?rest_route=%2Fwp%2Fv2%2Fcategories&post=20703"},{"taxonomy":"post_tag","embeddable":true,"href":"https:\/\/www.visionweb.com.ar\/index.php?rest_route=%2Fwp%2Fv2%2Ftags&post=20703"}],"curies":[{"name":"wp","href":"https:\/\/api.w.org\/{rel}","templated":true}]}}