{"id":20693,"date":"2026-03-13T12:27:04","date_gmt":"2026-03-13T15:27:04","guid":{"rendered":"https:\/\/www.visionweb.com.ar\/?p=20693"},"modified":"2026-03-13T12:28:22","modified_gmt":"2026-03-13T15:28:22","slug":"la-justicia-laboral-rechazo-un-pedido-de-la-cgt","status":"publish","type":"post","link":"https:\/\/www.visionweb.com.ar\/?p=20693","title":{"rendered":"La justicia laboral rechaz\u00f3 un pedido de la CGT"},"content":{"rendered":"<p><em><strong>La Confederaci\u00f3n General de Trabajo (CGT), hab\u00eda presentado un pedido de cautelar por la reforma laboral. Un juez de C\u00f3rdoba fall\u00f3 contra elk Art. 55 de la Ley de Reforma Laboral.<\/strong><\/em> <!--more--><img loading=\"lazy\" decoding=\"async\" class=\"size-full wp-image-4870 alignleft\" src=\"https:\/\/www.visionweb.com.ar\/wp-content\/uploads\/2022\/03\/trabajo.bmp\" alt=\"\" width=\"573\" height=\"360\" \/>El Juzgado Contencioso Administrativo Federal N\u00b0 7, <b>una medida cautelar solicitada por la CGT<\/b>\u00a0en la causa presentada contra el\u00a0<b>Estado Nacional<\/b> para suspender la aplicaci\u00f3n de los art\u00edculos 90 y 91 de la ley 27.802, <b>Ley de Modernizaci\u00f3n Laboral. <\/b><\/p>\n<p><b>Asimismo,<\/b> la justicia rechaz\u00f3 el pedido de la CGT, referido al y del Convenio de Transferencia de la Funci\u00f3n Judicial en Materia Laboral al \u00e1mbito de la Justicia del Trabajo de la Ciudad Aut\u00f3noma de Buenos Aires.<\/p>\n<p>La reforma laboral fue promulgada la semana pasada y si bien la Confederaci\u00f3n General del Trabajo (CGT) present\u00f3 una cautelas para frenarla, la Justicia la rechaz\u00f3 y qued\u00f3 vigente. De todos modos, ya hubo un primer fallo judicial contra la nueva ley.<\/p>\n<p>Un juez laboral de C\u00f3rdoba declar\u00f3 la inconstitucionalidad del art\u00edculo 55 de la ley, el que regula la forma en que deben actualizarse los cr\u00e9ditos laborales en juicios que ya estaban en tr\u00e1mite cuando entr\u00f3 en vigencia la nueva normativa.<\/p>\n<p>Este apartado refiere a los juicios laborales y determina qu\u00e9 se puede reducir entre un 20% y un 60% lo que terminar\u00eda cobrando un trabajador respecto de los criterios que se usaban en varios tribunales laborales previo a la vigencia de la nueva ley.<\/p>\n<p>El art\u00edculo 55 establece c\u00f3mo se actualizan las deudas en juicios laborales en curso, usando intereses del Banco Central (BCRA), pero con un l\u00edmite m\u00e1ximo de inflaci\u00f3n + 3% anual y un m\u00ednimo del 67% de ese c\u00e1lculo.<\/p>\n<p>Al respecto, el juez Ricardo Gileta resolvi\u00f3 que queda \u201cdesechada la validez de constitucional del art\u00edculo 55\u201d en su sentencia con fecha del 10 de marzo.<\/p>\n<p>El magistrado sostuvo que el capital original deber\u00e1 recalcularse seg\u00fan lo previsto por el art\u00edculo 276 de la Ley de Contrato de Trabajo, modificado por la reforma laboral, esquema que implica que el monto se ajuste de acuerdo con la evoluci\u00f3n del IPC, sumando adem\u00e1s un 3% mensual desde el momento en que se produjo la mora hasta que se concrete el pago.<\/p>\n<p>El magistrado explic\u00f3 que el art\u00edculo 55 de la \u201cLey de Modernizaci\u00f3n Laboral\u201d introduce un criterio distinto para las causas que ya estaban en tr\u00e1mite antes de la sanci\u00f3n de la norma.<\/p>\n<p>En esos casos, la ley fija que las deudas se actualicen tomando como referencia la tasa pasiva del Banco Central, comparada con la inflaci\u00f3n, con un piso equivalente al 67% del c\u00e1lculo que establece el art\u00edculo 276 de la legislaci\u00f3n laboral vigente.<\/p>\n<p>Para Gileta, ese tratamiento diferenciado entre juicios nuevos y procesos iniciados previamente viola el principio de igualdad ante la ley, por lo que dispuso que los cr\u00e9ditos laborales del caso se actualicen bajo el criterio del art\u00edculo 276 de la Ley de Contrato de Trabajo.<\/p>\n<p>El fallo subray\u00f3 que los cr\u00e9ditos laborales tienen un car\u00e1cter alimentario y est\u00e1n especialmente protegidos por el derecho del trabajo, o sea que cualquier mecanismo que reduzca de manera significativa su valor frente a la inflaci\u00f3n puede afectar el principio de reparaci\u00f3n plena y el principio protectorio consagrado en la Constituci\u00f3n.<strong>(VW)<\/strong><\/p>\n<p>&nbsp;<\/p>\n","protected":false},"excerpt":{"rendered":"<p>La Confederaci\u00f3n General de Trabajo (CGT), hab\u00eda presentado un pedido de cautelar por la reforma laboral. Un juez de C\u00f3rdoba fall\u00f3 contra elk Art. 55 de la Ley de Reforma Laboral.<\/p>\n","protected":false},"author":3,"featured_media":4870,"comment_status":"closed","ping_status":"closed","sticky":false,"template":"","format":"standard","meta":{"_monsterinsights_skip_tracking":false,"_monsterinsights_sitenote_active":false,"_monsterinsights_sitenote_note":"","_monsterinsights_sitenote_category":0,"footnotes":""},"categories":[749],"tags":[2032,16,2077,3674,8894],"class_list":["post-20693","post","type-post","status-publish","format-standard","has-post-thumbnail","hentry","category-pymes","tag-cgt","tag-justicia","tag-laboral","tag-rechazo","tag-rforma"],"_links":{"self":[{"href":"https:\/\/www.visionweb.com.ar\/index.php?rest_route=\/wp\/v2\/posts\/20693","targetHints":{"allow":["GET"]}}],"collection":[{"href":"https:\/\/www.visionweb.com.ar\/index.php?rest_route=\/wp\/v2\/posts"}],"about":[{"href":"https:\/\/www.visionweb.com.ar\/index.php?rest_route=\/wp\/v2\/types\/post"}],"author":[{"embeddable":true,"href":"https:\/\/www.visionweb.com.ar\/index.php?rest_route=\/wp\/v2\/users\/3"}],"replies":[{"embeddable":true,"href":"https:\/\/www.visionweb.com.ar\/index.php?rest_route=%2Fwp%2Fv2%2Fcomments&post=20693"}],"version-history":[{"count":1,"href":"https:\/\/www.visionweb.com.ar\/index.php?rest_route=\/wp\/v2\/posts\/20693\/revisions"}],"predecessor-version":[{"id":20694,"href":"https:\/\/www.visionweb.com.ar\/index.php?rest_route=\/wp\/v2\/posts\/20693\/revisions\/20694"}],"wp:featuredmedia":[{"embeddable":true,"href":"https:\/\/www.visionweb.com.ar\/index.php?rest_route=\/wp\/v2\/media\/4870"}],"wp:attachment":[{"href":"https:\/\/www.visionweb.com.ar\/index.php?rest_route=%2Fwp%2Fv2%2Fmedia&parent=20693"}],"wp:term":[{"taxonomy":"category","embeddable":true,"href":"https:\/\/www.visionweb.com.ar\/index.php?rest_route=%2Fwp%2Fv2%2Fcategories&post=20693"},{"taxonomy":"post_tag","embeddable":true,"href":"https:\/\/www.visionweb.com.ar\/index.php?rest_route=%2Fwp%2Fv2%2Ftags&post=20693"}],"curies":[{"name":"wp","href":"https:\/\/api.w.org\/{rel}","templated":true}]}}