{"id":20690,"date":"2026-03-12T21:56:53","date_gmt":"2026-03-13T00:56:53","guid":{"rendered":"https:\/\/www.visionweb.com.ar\/?p=20690"},"modified":"2026-03-12T21:56:53","modified_gmt":"2026-03-13T00:56:53","slug":"se-complica-el-inicio-del-ciclo-lectivo-por-el-paro-de-docentes-universitarios","status":"publish","type":"post","link":"https:\/\/www.visionweb.com.ar\/?p=20690","title":{"rendered":"Se complica el inicio del ciclo lectivo por el paro de docentes universitarios"},"content":{"rendered":"<p><em><strong>Paran una semana desde el 16 al 21 de marzo en todas las universidades. Reclaman la no aplicaci\u00f3n de la Ley de Financiamiento Universitario y el llamado a paritarias para actualizar los salarios. Si no hay respuestas, Conadu Hist\u00f3rica propuso un nuevo paro de 3 d\u00edas para la semana del 30 de marzo, que se sumar\u00edan a los del feriado de Semana Santa. <\/strong><\/em><!--more--><\/p>\n<p><strong><img loading=\"lazy\" decoding=\"async\" class=\"size-full wp-image-6878 alignright\" src=\"https:\/\/www.visionweb.com.ar\/wp-content\/uploads\/2022\/08\/conadu-docentes-universitarios.bmp\" alt=\"\" width=\"480\" height=\"441\" \/>\u00a0\u00a0\u00a0 E<\/strong>l\u00a0<strong>Frente Sindical de las Universidades Nacionales que re\u00fane a los gremios de docentes y al de no docentes<\/strong>\u00a0confirmaron a trav\u00e9s de un comunicado, su plan de lucha con una semana de protestas, que ir\u00e1 del <strong>16 al 21 de marzo en todas las universidades<\/strong>. Se trata de<strong>\u00a0una medida de fuerza de una semana\u00a0<\/strong>que <strong>impactar\u00e1 en diversas facultades y escuelas dependientes de las universidades<\/strong>.<\/p>\n<p>A la vez, como lunes 23 y martes 24 son d\u00edas feriados, las clases iniciar\u00e1n reci\u00e9n el mi\u00e9rcoles 25.<\/p>\n<p>El reclamo del sector es por la <strong>no aplicaci\u00f3n de la Ley de Financiamiento Universitario y el llamado a paritarias para los salarios<\/strong>, que desde fines de 2023\u00a0<strong>acarrean una p\u00e9rdida de alrededor del 50% en relaci\u00f3n a la inflaci\u00f3n<\/strong>.<\/p>\n<p>Y si bien el reclamo cuenta con el apoyo de todas las entidades, el rol de <strong>Conadu y Conadu Hist\u00f3rica<\/strong> (que nuclean el 80% de la docencia universitaria y preuniversitaria del pa\u00eds), es clave.<\/p>\n<p>Sin embargo, en caso de que el Gobierno nacional no responda al pedido de los educadores, que exigen la plena implementaci\u00f3n de la ley,\u00a0<strong>la medida de fuerza podr\u00eda escalar a tiempo indeterminado<\/strong>, lo que pondr\u00e1 en peligro el desarrollo del primer cuatrimestre en todas las facultades.<\/p>\n<p>Tambi\u00e9n, como es el caso de la Universidad Nacional de La Plata (UNLP) o la Universidad de Buenos Aires (UBA), los paros afectan a los colegios secundarios que dependen de esas casas de estudios.<\/p>\n<p><img loading=\"lazy\" decoding=\"async\" class=\"size-medium wp-image-17511 alignleft\" src=\"https:\/\/www.visionweb.com.ar\/wp-content\/uploads\/2025\/03\/UNIVERSIDADES-300x169.png\" alt=\"\" width=\"300\" height=\"169\" srcset=\"https:\/\/www.visionweb.com.ar\/wp-content\/uploads\/2025\/03\/UNIVERSIDADES-300x169.png 300w, https:\/\/www.visionweb.com.ar\/wp-content\/uploads\/2025\/03\/UNIVERSIDADES.png 640w\" sizes=\"auto, (max-width: 300px) 100vw, 300px\" \/>El conflicto con el sector comenz\u00f3 en 2024, cuando las universidades nacionales impulsaron fuertes manifestaciones producto del atraso de las transferencias presupuestarias desde Naci\u00f3n, mientras que el a\u00f1o pasado,\u00a0<strong>con apoyo opositor, se sancion\u00f3 una ley que pretend\u00eda recomponer salarios en ese sector.\u00a0<\/strong>El presidente <strong>Javier Milei la vet\u00f3, pero la oposici\u00f3n<\/strong> lo insisti\u00f3 en ambas c\u00e1maras y <strong>revirti\u00f3 ese rechazo.<\/strong><\/p>\n<p>Al d\u00eda de hoy, no obstante, su aplicaci\u00f3n se encuentra\u00a0<strong>completamente paralizada pese a existir un fallo judicial que obliga al Ejecutivo a realizar esa transferencia<\/strong>.<\/p>\n<p>Para ganar tiempo, el oficialismo present\u00f3 un contraproyecto con menores incrementos bajo la promesa de que, en caso de aprobarse, dar\u00e1n los fondos para su aplicaci\u00f3n.<\/p>\n<p>M\u00e1s all\u00e1 del paro de la pr\u00f3xima semana, los gremios advierten sobre la profundizaci\u00f3n del plan de lucha. En ese sentido, la Conadu Hist\u00f3rica propuso un nuevo paro para la semana del 30 de marzo.\u00a0<strong>Ser\u00edan tres d\u00edas sin clases, que se suman a los dos del feriado de Semana Santa,<\/strong> el jueves 2 y viernes 3 de abril. <strong>(VW)<\/strong><\/p>\n","protected":false},"excerpt":{"rendered":"<p>Paran una semana desde el 16 al 21 de marzo en todas las universidades. Reclaman la no aplicaci\u00f3n de la Ley de Financiamiento Universitario y el llamado a paritarias para actualizar los salarios. Si&#46;&#46;&#46;<\/p>\n","protected":false},"author":4,"featured_media":6878,"comment_status":"closed","ping_status":"closed","sticky":false,"template":"","format":"standard","meta":{"_monsterinsights_skip_tracking":false,"_monsterinsights_sitenote_active":false,"_monsterinsights_sitenote_note":"","_monsterinsights_sitenote_category":0,"footnotes":""},"categories":[4],"tags":[5142,2833,5698,6697,8893],"class_list":["post-20690","post","type-post","status-publish","format-standard","has-post-thumbnail","hentry","category-politica","tag-conadu","tag-conadu-historica","tag-inicio-de-clases","tag-ley-de-financiamiento-universitario","tag-paro-de-una-semana"],"_links":{"self":[{"href":"https:\/\/www.visionweb.com.ar\/index.php?rest_route=\/wp\/v2\/posts\/20690","targetHints":{"allow":["GET"]}}],"collection":[{"href":"https:\/\/www.visionweb.com.ar\/index.php?rest_route=\/wp\/v2\/posts"}],"about":[{"href":"https:\/\/www.visionweb.com.ar\/index.php?rest_route=\/wp\/v2\/types\/post"}],"author":[{"embeddable":true,"href":"https:\/\/www.visionweb.com.ar\/index.php?rest_route=\/wp\/v2\/users\/4"}],"replies":[{"embeddable":true,"href":"https:\/\/www.visionweb.com.ar\/index.php?rest_route=%2Fwp%2Fv2%2Fcomments&post=20690"}],"version-history":[{"count":1,"href":"https:\/\/www.visionweb.com.ar\/index.php?rest_route=\/wp\/v2\/posts\/20690\/revisions"}],"predecessor-version":[{"id":20691,"href":"https:\/\/www.visionweb.com.ar\/index.php?rest_route=\/wp\/v2\/posts\/20690\/revisions\/20691"}],"wp:featuredmedia":[{"embeddable":true,"href":"https:\/\/www.visionweb.com.ar\/index.php?rest_route=\/wp\/v2\/media\/6878"}],"wp:attachment":[{"href":"https:\/\/www.visionweb.com.ar\/index.php?rest_route=%2Fwp%2Fv2%2Fmedia&parent=20690"}],"wp:term":[{"taxonomy":"category","embeddable":true,"href":"https:\/\/www.visionweb.com.ar\/index.php?rest_route=%2Fwp%2Fv2%2Fcategories&post=20690"},{"taxonomy":"post_tag","embeddable":true,"href":"https:\/\/www.visionweb.com.ar\/index.php?rest_route=%2Fwp%2Fv2%2Ftags&post=20690"}],"curies":[{"name":"wp","href":"https:\/\/api.w.org\/{rel}","templated":true}]}}