{"id":20660,"date":"2026-03-10T09:04:58","date_gmt":"2026-03-10T12:04:58","guid":{"rendered":"https:\/\/www.visionweb.com.ar\/?p=20660"},"modified":"2026-03-10T09:04:58","modified_gmt":"2026-03-10T12:04:58","slug":"una-legisladora-de-la-lla-propone-un-examen-psicologico-para-los-candidatos","status":"publish","type":"post","link":"https:\/\/www.visionweb.com.ar\/?p=20660","title":{"rendered":"Una legisladora de la LLA propone un examen psicol\u00f3gico para los candidatos"},"content":{"rendered":"<p><strong><em>La evaluaci\u00f3n ser\u00e1 realizada por organismos especializados, independientes y t\u00e9cnicamente id\u00f3neos, designados conforme a la reglamentaci\u00f3n.<\/em><\/strong><!--more--><\/p>\n<p><img loading=\"lazy\" decoding=\"async\" class=\"size-full wp-image-1797 alignleft\" src=\"https:\/\/www.visionweb.com.ar\/wp-content\/uploads\/2021\/06\/congreso.bmp\" alt=\"\" width=\"443\" height=\"304\" \/>La diputada de la Libertad Avanza, Mercedes Llano, present\u00f3 un controvertido proyecto de ley en el cual propone que se realice a los candidatos a cargos electivos y autoridades del Poder Ejecutivo un examen psicol\u00f3gico.<\/p>\n<p><strong>Se trata de una \u201cEvaluaci\u00f3n de idoneidad Psicol\u00f3gica Funcional\u201d.\u00a0<\/strong>La legisladora argument\u00f3 que es necesario realizar ese examen previo a que asuman sus cargos o se postulen como legisladores o a la Presidencia de la Naci\u00f3n.<\/p>\n<p>Sostiene que se debe \u201cgarantizar que quienes conduzcan los destinos del pa\u00eds cuenten con las aptitudes conductuales, emocionales y cognitivas necesarias para el ejercicio del liderazgo estatal\u201d.<\/p>\n<p><strong>Llanos propone que se realice este examen psicol\u00f3gico a los candidatos a Presidente y Vicepresidente de la Naci\u00f3n<\/strong>, <em>\u201ccomo requisito previo e ineludible para la oficializaci\u00f3n de sus candidaturas ante la Justicia Electoral\u201d.<\/em><\/p>\n<p>Tambi\u00e9n se\u00f1ala que lo deber\u00e1n hacer \u201clos\u00a0<strong>legisladores nacionales electos<\/strong>, quienes \u201cdeber\u00e1n acreditar la evaluaci\u00f3n con car\u00e1cter previo a la asunci\u00f3n del cargo\u201d, a los\u00a0<strong>aspirantes a ejercer cargos de autoridades superiores del Poder Ejecutivo Nacional<\/strong>, \u201ccon car\u00e1cter previo a su designaci\u00f3n o asunci\u00f3n\u201d.<\/p>\n<p>Se\u00f1ala que la evaluaci\u00f3n ser\u00e1 realizada por \u201corganismos especializados, independientes y t\u00e9cnicamente id\u00f3neos, designados conforme a la reglamentaci\u00f3n\u201d.<\/p>\n<p>Adem\u00e1s, se establece en el proyecto que la evaluaci\u00f3n tendr\u00e1 car\u00e1cter estrictamente confidencial.\u00a0<strong>\u00danicamente el dictamen final, expresado como \u201cApto Funcional\u201d o \u201cNo Apto Funcional\u201d, ser\u00e1 comunicado a la Justicia Electoral y\/o al \u00f3rgano correspondiente<\/strong>, sin expresi\u00f3n de datos cl\u00ednicos ni fundamentos t\u00e9cnicos detallados. <strong>(VW)<\/strong><\/p>\n","protected":false},"excerpt":{"rendered":"<p>La evaluaci\u00f3n ser\u00e1 realizada por organismos especializados, independientes y t\u00e9cnicamente id\u00f3neos, designados conforme a la reglamentaci\u00f3n.<\/p>\n","protected":false},"author":3,"featured_media":12685,"comment_status":"closed","ping_status":"closed","sticky":false,"template":"","format":"standard","meta":{"_monsterinsights_skip_tracking":false,"_monsterinsights_sitenote_active":false,"_monsterinsights_sitenote_note":"","_monsterinsights_sitenote_category":0,"footnotes":""},"categories":[4],"tags":[961,8877,588,1530],"class_list":["post-20660","post","type-post","status-publish","format-standard","has-post-thumbnail","hentry","category-politica","tag-candidatos","tag-examen","tag-presidente","tag-vicepresidente"],"_links":{"self":[{"href":"https:\/\/www.visionweb.com.ar\/index.php?rest_route=\/wp\/v2\/posts\/20660","targetHints":{"allow":["GET"]}}],"collection":[{"href":"https:\/\/www.visionweb.com.ar\/index.php?rest_route=\/wp\/v2\/posts"}],"about":[{"href":"https:\/\/www.visionweb.com.ar\/index.php?rest_route=\/wp\/v2\/types\/post"}],"author":[{"embeddable":true,"href":"https:\/\/www.visionweb.com.ar\/index.php?rest_route=\/wp\/v2\/users\/3"}],"replies":[{"embeddable":true,"href":"https:\/\/www.visionweb.com.ar\/index.php?rest_route=%2Fwp%2Fv2%2Fcomments&post=20660"}],"version-history":[{"count":1,"href":"https:\/\/www.visionweb.com.ar\/index.php?rest_route=\/wp\/v2\/posts\/20660\/revisions"}],"predecessor-version":[{"id":20661,"href":"https:\/\/www.visionweb.com.ar\/index.php?rest_route=\/wp\/v2\/posts\/20660\/revisions\/20661"}],"wp:featuredmedia":[{"embeddable":true,"href":"https:\/\/www.visionweb.com.ar\/index.php?rest_route=\/wp\/v2\/media\/12685"}],"wp:attachment":[{"href":"https:\/\/www.visionweb.com.ar\/index.php?rest_route=%2Fwp%2Fv2%2Fmedia&parent=20660"}],"wp:term":[{"taxonomy":"category","embeddable":true,"href":"https:\/\/www.visionweb.com.ar\/index.php?rest_route=%2Fwp%2Fv2%2Fcategories&post=20660"},{"taxonomy":"post_tag","embeddable":true,"href":"https:\/\/www.visionweb.com.ar\/index.php?rest_route=%2Fwp%2Fv2%2Ftags&post=20660"}],"curies":[{"name":"wp","href":"https:\/\/api.w.org\/{rel}","templated":true}]}}