{"id":20657,"date":"2026-03-10T08:51:34","date_gmt":"2026-03-10T11:51:34","guid":{"rendered":"https:\/\/www.visionweb.com.ar\/?p=20657"},"modified":"2026-03-10T08:51:34","modified_gmt":"2026-03-10T11:51:34","slug":"mas-de-200-hectareas-fueron-arazadas-por-el-fuego-en-cercania-de-mar-del-plata","status":"publish","type":"post","link":"https:\/\/www.visionweb.com.ar\/?p=20657","title":{"rendered":"M\u00e1s de 200 hect\u00e1reas fueron arazadas por el fuego en cercan\u00eda de Mar del Plata"},"content":{"rendered":"<p><em><strong>\u00a0Existe\u00a0 \u00a0temor debido a los fuertes vientos que suelen registrarse en las zonas afectadas. El fuego se encuentra contenido.<\/strong><\/em><!--more--><\/p>\n<p><strong><img loading=\"lazy\" decoding=\"async\" class=\"size-medium wp-image-20658 alignleft\" src=\"https:\/\/www.visionweb.com.ar\/wp-content\/uploads\/2026\/03\/INCENDIO-300x142.png\" alt=\"\" width=\"300\" height=\"142\" srcset=\"https:\/\/www.visionweb.com.ar\/wp-content\/uploads\/2026\/03\/INCENDIO-300x142.png 300w, https:\/\/www.visionweb.com.ar\/wp-content\/uploads\/2026\/03\/INCENDIO-520x245.png 520w, https:\/\/www.visionweb.com.ar\/wp-content\/uploads\/2026\/03\/INCENDIO.png 640w\" sizes=\"auto, (max-width: 300px) 100vw, 300px\" \/>Mar del Plata\u00a0y ciudades aleda\u00f1as est\u00e1n padeciendo fuertes incendios forestales, que ya arrasaron con m\u00e1s de 200 hect\u00e1reas<\/strong>, de acuerdo a informaci\u00f3n de los bomberos y la polic\u00eda.<\/p>\n<p>Si bien parte de los incendios est\u00e1n controlados,\u00a0<strong>hay temor debido a los fuertes vientos<\/strong>\u00a0que suelen registrarse en las zonas afectadas.<\/p>\n<p><strong>En los \u00faltimos d\u00edas se registraron\u00a0tres focos de gran magnitud<\/strong>, uno en la zona de Acantilados y otros dos en \u00e1reas rurales cercanas a los l\u00edmites del\u00a0Partido de General Pueyrredon\u00a0con los distritos de\u00a0Balcarce\u00a0y\u00a0General Alvarado.<\/p>\n<p>M\u00e1s de 200 hect\u00e1reas de pastizales ya fueron consumidas por el fuego\u00a0en los distintos siniestros.\u00a0<strong>Vecinos denuncian que los incendios fueron intencionales.<\/strong><\/p>\n<p>Aunque los equipos lograron contener parte del fuego,\u00a0<strong>las llamas todav\u00eda permanecen activas en algunos sectores<\/strong>, por lo que contin\u00faan las tareas para controlar completamente la situaci\u00f3n en los alrededores de Mar del Plata. (VW)<\/p>\n","protected":false},"excerpt":{"rendered":"<p>\u00a0Existe\u00a0 \u00a0temor debido a los fuertes vientos que suelen registrarse en las zonas afectadas. El fuego se encuentra contenido.<\/p>\n","protected":false},"author":3,"featured_media":20658,"comment_status":"closed","ping_status":"closed","sticky":false,"template":"","format":"standard","meta":{"_monsterinsights_skip_tracking":false,"_monsterinsights_sitenote_active":false,"_monsterinsights_sitenote_note":"","_monsterinsights_sitenote_category":0,"footnotes":""},"categories":[8],"tags":[2554,536,3830],"class_list":["post-20657","post","type-post","status-publish","format-standard","has-post-thumbnail","hentry","category-interes-general","tag-bosques","tag-incendios","tag-ruta-11"],"_links":{"self":[{"href":"https:\/\/www.visionweb.com.ar\/index.php?rest_route=\/wp\/v2\/posts\/20657","targetHints":{"allow":["GET"]}}],"collection":[{"href":"https:\/\/www.visionweb.com.ar\/index.php?rest_route=\/wp\/v2\/posts"}],"about":[{"href":"https:\/\/www.visionweb.com.ar\/index.php?rest_route=\/wp\/v2\/types\/post"}],"author":[{"embeddable":true,"href":"https:\/\/www.visionweb.com.ar\/index.php?rest_route=\/wp\/v2\/users\/3"}],"replies":[{"embeddable":true,"href":"https:\/\/www.visionweb.com.ar\/index.php?rest_route=%2Fwp%2Fv2%2Fcomments&post=20657"}],"version-history":[{"count":1,"href":"https:\/\/www.visionweb.com.ar\/index.php?rest_route=\/wp\/v2\/posts\/20657\/revisions"}],"predecessor-version":[{"id":20659,"href":"https:\/\/www.visionweb.com.ar\/index.php?rest_route=\/wp\/v2\/posts\/20657\/revisions\/20659"}],"wp:featuredmedia":[{"embeddable":true,"href":"https:\/\/www.visionweb.com.ar\/index.php?rest_route=\/wp\/v2\/media\/20658"}],"wp:attachment":[{"href":"https:\/\/www.visionweb.com.ar\/index.php?rest_route=%2Fwp%2Fv2%2Fmedia&parent=20657"}],"wp:term":[{"taxonomy":"category","embeddable":true,"href":"https:\/\/www.visionweb.com.ar\/index.php?rest_route=%2Fwp%2Fv2%2Fcategories&post=20657"},{"taxonomy":"post_tag","embeddable":true,"href":"https:\/\/www.visionweb.com.ar\/index.php?rest_route=%2Fwp%2Fv2%2Ftags&post=20657"}],"curies":[{"name":"wp","href":"https:\/\/api.w.org\/{rel}","templated":true}]}}